{"id":8417,"date":"2020-03-09T17:26:29","date_gmt":"2020-03-09T17:26:29","guid":{"rendered":"https:\/\/laprensacristiana.com\/?p=8417"},"modified":"2020-03-09T17:26:32","modified_gmt":"2020-03-09T17:26:32","slug":"la-cura-de-la-violencia","status":"publish","type":"post","link":"https:\/\/laprensacristiana.com\/?p=8417","title":{"rendered":"La cura de la violencia"},"content":{"rendered":"\n<p>Por: Mario Vega \/ Pastor General Misi\u00f3n Cristiana Elim<\/p>\n\n\n\n<p>Mi concentraci\u00f3n en el tema de la violencia social comenz\u00f3 en el a\u00f1o de 2003, cuando le\u00ed el libro \u201cConviviendo en la orilla\u201d, publicado por FLACSO Programa El Salvador.\u00a0Resumido en una frase, el libro expone estudios realizados en comunidades marginales del Gran San Salvador y que, como resultado, concluye en el reconocimiento de que existe una interrelaci\u00f3n simbi\u00f3tica entre exclusi\u00f3n y violencia. Desde ese libro me qued\u00f3 muy claro que los temas de exclusi\u00f3n, pobreza y violencia est\u00e1n \u00edntimamente ligados. No obstante, persist\u00eda la pregunta de por qu\u00e9 no en todos los ambientes pobres hay eclosi\u00f3n de la violencia. \u00bfPor qu\u00e9 a veces s\u00ed y a veces no? La respuesta no llegar\u00eda sino un tiempo despu\u00e9s al tener conocimiento de los trabajos del doctor James Gilligan con su atinado enfoque epidemiol\u00f3gico. \u00c9l identifica el pat\u00f3geno, los vectores y los factores de riesgo de la violencia.<\/p>\n\n\n\n<p>Al pat\u00f3geno lo llama \u201chumillaci\u00f3n abrumadora\u201d y es un sentimiento de inadecuaci\u00f3n profunda cuyo control escapa a la persona. Los vectores son los medios por los cuales la violencia se propaga, en nuestro caso, las pandillas mismas y el sistema de centros penales. Los factores de riesgo son los que propician el surgimiento de la violencia: el abuso infantil, la circulaci\u00f3n de armas, drogas y alcohol, entre otros. La importancia de comprender los elementos que propician las conductas violentas es que nos permite identificar la ra\u00edz del problema para, luego, tomar acciones para remediarlo. Los aspectos que he mencionado son solo ilustrativos. La caracterizaci\u00f3n de la patolog\u00eda es m\u00e1s amplia, pero, basta lo mencionado para reconocer que los elementos que provocan la violencia son casi omnipresentes y, adem\u00e1s, cr\u00f3nicos en la realidad salvadore\u00f1a. Por tanto, solamente pueden ser superados por medio de la implementaci\u00f3n de pol\u00edticas p\u00fablicas coherentes, inclusivas, focalizadas, continuadas e integrales.<\/p>\n\n\n\n<p>Precisamente la clase de acciones que no vemos que est\u00e9n ocurriendo en la actualidad. Por el contrario, se insiste en el m\u00e9todo ya experimentado de creer que la violencia se resolver\u00e1 \u00fanicamente con represi\u00f3n. M\u00e9todo que ha mostrado su ineficacia desde hace dos d\u00e9cadas. No se niega la necesidad de la persecuci\u00f3n del delito, que debe hacerse en el marco de la ley y del respeto a los derechos humanos. Pero el hacer depender la seguridad ciudadana exclusivamente de elementos represivos es no haber comprendido el fen\u00f3meno y delata la ausencia de una teor\u00eda de la violencia apropiada que sirva de marco de acci\u00f3n.<\/p>\n\n\n\n<p>Por el contrario, es seguir como idea rectora la opini\u00f3n popular que se basa en la tradici\u00f3n cultural vengativa de nuestro pa\u00eds. Si las cosas se hacen por desconocimiento, a estas alturas, es sumamente grave; despu\u00e9s de que por a\u00f1os se ha indicado el camino hasta hoy nunca andado para el desmontaje de las ra\u00edces de la violencia. Si se hace por c\u00e1lculo electoral, es no solo grave sino tambi\u00e9n perverso, pues, se trata de la utilizaci\u00f3n de la sangre de los pobres para el alcance de las metas electorales.<\/p>\n\n\n\n<p>Mi, ahora viejo libro, \u201cConviviendo en la orilla\u201d contin\u00faa all\u00ed, para quien quiera leerlo, atestiguando agudamente que existe una interrelaci\u00f3n entre pobreza, exclusi\u00f3n y violencia. No es posible resolver el problema de la violencia dejando intactos los de la pobreza y la exclusi\u00f3n. Mientras no se haga un abordaje integral de la problem\u00e1tica, solamente se estar\u00e1 dilatando la salida a esta espiral violenta que contin\u00faa sembrando venganzas y odios entre salvadore\u00f1os<\/p>\n","protected":false},"excerpt":{"rendered":"<p>Por: Mario Vega \/ Pastor General Misi\u00f3n Cristiana Elim Mi concentraci\u00f3n en el tema de la violencia social comenz\u00f3 en el a\u00f1o de 2003, cuando le\u00ed el libro \u201cConviviendo en la orilla\u201d, publicado por FLACSO Programa El Salvador.\u00a0Resumido en una frase, el libro expone estudios realizados en comunidades marginales del Gran San Salvador y que, [&hellip;]<\/p>\n","protected":false},"author":3,"featured_media":6072,"comment_status":"open","ping_status":"open","sticky":false,"template":"","format":"standard","meta":[],"categories":[23],"tags":[],"yoast_head":"<!-- This site is optimized with the Yoast SEO plugin v20.8 - https:\/\/yoast.com\/wordpress\/plugins\/seo\/ -->\n<title>La cura de la violencia - La Prensa Cristiana<\/title>\n<meta name=\"robots\" content=\"index, follow, max-snippet:-1, max-image-preview:large, max-video-preview:-1\" \/>\n<link rel=\"canonical\" href=\"https:\/\/laprensacristiana.com\/?p=8417\" \/>\n<meta property=\"og:locale\" content=\"es_ES\" \/>\n<meta property=\"og:type\" content=\"article\" \/>\n<meta property=\"og:title\" content=\"La cura de la violencia - La Prensa Cristiana\" \/>\n<meta property=\"og:description\" content=\"Por: Mario Vega \/ Pastor General Misi\u00f3n Cristiana Elim Mi concentraci\u00f3n en el tema de la violencia social comenz\u00f3 en el a\u00f1o de 2003, cuando le\u00ed el libro \u201cConviviendo en la orilla\u201d, publicado por FLACSO Programa El Salvador.\u00a0Resumido en una frase, el libro expone estudios realizados en comunidades marginales del Gran San Salvador y que, [&hellip;]\" \/>\n<meta property=\"og:url\" content=\"https:\/\/laprensacristiana.com\/?p=8417\" \/>\n<meta property=\"og:site_name\" content=\"La Prensa Cristiana\" \/>\n<meta property=\"article:published_time\" content=\"2020-03-09T17:26:29+00:00\" \/>\n<meta property=\"article:modified_time\" content=\"2020-03-09T17:26:32+00:00\" \/>\n<meta property=\"og:image\" content=\"https:\/\/laprensacristiana.com\/wp-content\/uploads\/2019\/06\/OPINION-01-scaled.jpg\" \/>\n\t<meta property=\"og:image:width\" content=\"2560\" \/>\n\t<meta property=\"og:image:height\" content=\"1429\" \/>\n\t<meta property=\"og:image:type\" content=\"image\/jpeg\" \/>\n<meta name=\"author\" content=\"EDITOR\" \/>\n<meta name=\"twitter:card\" content=\"summary_large_image\" \/>\n<meta name=\"twitter:label1\" content=\"Escrito por\" \/>\n\t<meta name=\"twitter:data1\" content=\"EDITOR\" \/>\n\t<meta name=\"twitter:label2\" content=\"Tiempo de lectura\" \/>\n\t<meta name=\"twitter:data2\" content=\"3 minutos\" \/>\n<script type=\"application\/ld+json\" class=\"yoast-schema-graph\">{\"@context\":\"https:\/\/schema.org\",\"@graph\":[{\"@type\":\"WebPage\",\"@id\":\"https:\/\/laprensacristiana.com\/?p=8417\",\"url\":\"https:\/\/laprensacristiana.com\/?p=8417\",\"name\":\"La cura de la violencia - La Prensa Cristiana\",\"isPartOf\":{\"@id\":\"https:\/\/laprensacristiana.com\/#website\"},\"datePublished\":\"2020-03-09T17:26:29+00:00\",\"dateModified\":\"2020-03-09T17:26:32+00:00\",\"author\":{\"@id\":\"https:\/\/laprensacristiana.com\/#\/schema\/person\/3e7d82c6bfd6b1fa67010f8f7cd5256e\"},\"breadcrumb\":{\"@id\":\"https:\/\/laprensacristiana.com\/?p=8417#breadcrumb\"},\"inLanguage\":\"es\",\"potentialAction\":[{\"@type\":\"ReadAction\",\"target\":[\"https:\/\/laprensacristiana.com\/?p=8417\"]}]},{\"@type\":\"BreadcrumbList\",\"@id\":\"https:\/\/laprensacristiana.com\/?p=8417#breadcrumb\",\"itemListElement\":[{\"@type\":\"ListItem\",\"position\":1,\"name\":\"Portada\",\"item\":\"https:\/\/laprensacristiana.com\/\"},{\"@type\":\"ListItem\",\"position\":2,\"name\":\"La cura de la violencia\"}]},{\"@type\":\"WebSite\",\"@id\":\"https:\/\/laprensacristiana.com\/#website\",\"url\":\"https:\/\/laprensacristiana.com\/\",\"name\":\"La Prensa Cristiana\",\"description\":\"Anunciando Las Buenas Nuevas\",\"potentialAction\":[{\"@type\":\"SearchAction\",\"target\":{\"@type\":\"EntryPoint\",\"urlTemplate\":\"https:\/\/laprensacristiana.com\/?s={search_term_string}\"},\"query-input\":\"required name=search_term_string\"}],\"inLanguage\":\"es\"},{\"@type\":\"Person\",\"@id\":\"https:\/\/laprensacristiana.com\/#\/schema\/person\/3e7d82c6bfd6b1fa67010f8f7cd5256e\",\"name\":\"EDITOR\",\"image\":{\"@type\":\"ImageObject\",\"inLanguage\":\"es\",\"@id\":\"https:\/\/laprensacristiana.com\/#\/schema\/person\/image\/\",\"url\":\"https:\/\/secure.gravatar.com\/avatar\/72069dfb6c13772d9e8381e3638666d2?s=96&d=mm&r=g\",\"contentUrl\":\"https:\/\/secure.gravatar.com\/avatar\/72069dfb6c13772d9e8381e3638666d2?s=96&d=mm&r=g\",\"caption\":\"EDITOR\"},\"url\":\"https:\/\/laprensacristiana.com\/?author=3\"}]}<\/script>\n<!-- \/ Yoast SEO plugin. -->","yoast_head_json":{"title":"La cura de la violencia - La Prensa Cristiana","robots":{"index":"index","follow":"follow","max-snippet":"max-snippet:-1","max-image-preview":"max-image-preview:large","max-video-preview":"max-video-preview:-1"},"canonical":"https:\/\/laprensacristiana.com\/?p=8417","og_locale":"es_ES","og_type":"article","og_title":"La cura de la violencia - La Prensa Cristiana","og_description":"Por: Mario Vega \/ Pastor General Misi\u00f3n Cristiana Elim Mi concentraci\u00f3n en el tema de la violencia social comenz\u00f3 en el a\u00f1o de 2003, cuando le\u00ed el libro \u201cConviviendo en la orilla\u201d, publicado por FLACSO Programa El Salvador.\u00a0Resumido en una frase, el libro expone estudios realizados en comunidades marginales del Gran San Salvador y que, [&hellip;]","og_url":"https:\/\/laprensacristiana.com\/?p=8417","og_site_name":"La Prensa Cristiana","article_published_time":"2020-03-09T17:26:29+00:00","article_modified_time":"2020-03-09T17:26:32+00:00","og_image":[{"width":2560,"height":1429,"url":"https:\/\/laprensacristiana.com\/wp-content\/uploads\/2019\/06\/OPINION-01-scaled.jpg","type":"image\/jpeg"}],"author":"EDITOR","twitter_card":"summary_large_image","twitter_misc":{"Escrito por":"EDITOR","Tiempo de lectura":"3 minutos"},"schema":{"@context":"https:\/\/schema.org","@graph":[{"@type":"WebPage","@id":"https:\/\/laprensacristiana.com\/?p=8417","url":"https:\/\/laprensacristiana.com\/?p=8417","name":"La cura de la violencia - La Prensa Cristiana","isPartOf":{"@id":"https:\/\/laprensacristiana.com\/#website"},"datePublished":"2020-03-09T17:26:29+00:00","dateModified":"2020-03-09T17:26:32+00:00","author":{"@id":"https:\/\/laprensacristiana.com\/#\/schema\/person\/3e7d82c6bfd6b1fa67010f8f7cd5256e"},"breadcrumb":{"@id":"https:\/\/laprensacristiana.com\/?p=8417#breadcrumb"},"inLanguage":"es","potentialAction":[{"@type":"ReadAction","target":["https:\/\/laprensacristiana.com\/?p=8417"]}]},{"@type":"BreadcrumbList","@id":"https:\/\/laprensacristiana.com\/?p=8417#breadcrumb","itemListElement":[{"@type":"ListItem","position":1,"name":"Portada","item":"https:\/\/laprensacristiana.com\/"},{"@type":"ListItem","position":2,"name":"La cura de la violencia"}]},{"@type":"WebSite","@id":"https:\/\/laprensacristiana.com\/#website","url":"https:\/\/laprensacristiana.com\/","name":"La Prensa Cristiana","description":"Anunciando Las Buenas Nuevas","potentialAction":[{"@type":"SearchAction","target":{"@type":"EntryPoint","urlTemplate":"https:\/\/laprensacristiana.com\/?s={search_term_string}"},"query-input":"required name=search_term_string"}],"inLanguage":"es"},{"@type":"Person","@id":"https:\/\/laprensacristiana.com\/#\/schema\/person\/3e7d82c6bfd6b1fa67010f8f7cd5256e","name":"EDITOR","image":{"@type":"ImageObject","inLanguage":"es","@id":"https:\/\/laprensacristiana.com\/#\/schema\/person\/image\/","url":"https:\/\/secure.gravatar.com\/avatar\/72069dfb6c13772d9e8381e3638666d2?s=96&d=mm&r=g","contentUrl":"https:\/\/secure.gravatar.com\/avatar\/72069dfb6c13772d9e8381e3638666d2?s=96&d=mm&r=g","caption":"EDITOR"},"url":"https:\/\/laprensacristiana.com\/?author=3"}]}},"_links":{"self":[{"href":"https:\/\/laprensacristiana.com\/index.php?rest_route=\/wp\/v2\/posts\/8417"}],"collection":[{"href":"https:\/\/laprensacristiana.com\/index.php?rest_route=\/wp\/v2\/posts"}],"about":[{"href":"https:\/\/laprensacristiana.com\/index.php?rest_route=\/wp\/v2\/types\/post"}],"author":[{"embeddable":true,"href":"https:\/\/laprensacristiana.com\/index.php?rest_route=\/wp\/v2\/users\/3"}],"replies":[{"embeddable":true,"href":"https:\/\/laprensacristiana.com\/index.php?rest_route=%2Fwp%2Fv2%2Fcomments&post=8417"}],"version-history":[{"count":1,"href":"https:\/\/laprensacristiana.com\/index.php?rest_route=\/wp\/v2\/posts\/8417\/revisions"}],"predecessor-version":[{"id":8418,"href":"https:\/\/laprensacristiana.com\/index.php?rest_route=\/wp\/v2\/posts\/8417\/revisions\/8418"}],"wp:featuredmedia":[{"embeddable":true,"href":"https:\/\/laprensacristiana.com\/index.php?rest_route=\/wp\/v2\/media\/6072"}],"wp:attachment":[{"href":"https:\/\/laprensacristiana.com\/index.php?rest_route=%2Fwp%2Fv2%2Fmedia&parent=8417"}],"wp:term":[{"taxonomy":"category","embeddable":true,"href":"https:\/\/laprensacristiana.com\/index.php?rest_route=%2Fwp%2Fv2%2Fcategories&post=8417"},{"taxonomy":"post_tag","embeddable":true,"href":"https:\/\/laprensacristiana.com\/index.php?rest_route=%2Fwp%2Fv2%2Ftags&post=8417"}],"curies":[{"name":"wp","href":"https:\/\/api.w.org\/{rel}","templated":true}]}}