{"id":8419,"date":"2020-03-10T00:00:20","date_gmt":"2020-03-10T00:00:20","guid":{"rendered":"https:\/\/laprensacristiana.com\/?p=8419"},"modified":"2020-03-10T00:00:23","modified_gmt":"2020-03-10T00:00:23","slug":"liceo-cristiano-reverendo-juan-bueno-prepara-conferencia-con-precision-con-el-dr-jaime-fasold","status":"publish","type":"post","link":"https:\/\/laprensacristiana.com\/?p=8419","title":{"rendered":"Liceo Cristiano Reverendo Juan Bueno prepara conferencia \u00abCon Precisi\u00f3n\u00bb con el  Dr. Jaime Fasold"},"content":{"rendered":"\n<p>Uno de nuestros pilares como Instituci\u00f3n cristiana evang\u00e9lica es el \u201cCapacitar\u201d, por lo cual El Liceo Cristiano \u201cReverendo Juan Bueno\u201d de El Salvador, como parte del plan 2020 \u201cLa Visi\u00f3n Perfecta\u201d se prepara para su primera capacitaci\u00f3n de liderazgo. <br> La  conferencia y taller \u201cCon Precisi\u00f3n\u201d El List\u00f3n de la Hermen\u00e9utica b\u00edblica, esta se realizara el d\u00eda 10 de marzo en las instalaciones del Auditorio Roberto Bueno del Liceo Cristiano \u201cReverendo Juan Bueno\u201d San Benito; impartida por el Dr. Jaime Fasold ( autor del Libro \u201cCon Precisi\u00f3n\u201d).<br> A la capacitaci\u00f3n asistir\u00e1n los Directores de nuestros 37  colegios, como tambi\u00e9n est\u00e1n invitados Pastores, Maestros, Estudiantes de institutos b\u00edblicos  y L\u00edderes en general.<\/p>\n\n\n\n<p>\u201cEducando para  la vida y preparando para la eternidad\u201d <\/p>\n\n\n\n<p>Pastor Ram\u00f3n Santiago Valle<br>\nDirector Espiritual<\/p>\n","protected":false},"excerpt":{"rendered":"<p>Uno de nuestros pilares como Instituci\u00f3n cristiana evang\u00e9lica es el \u201cCapacitar\u201d, por lo cual El Liceo Cristiano \u201cReverendo Juan Bueno\u201d de El Salvador, como parte del plan 2020 \u201cLa Visi\u00f3n Perfecta\u201d se prepara para su primera capacitaci\u00f3n de liderazgo. La conferencia y taller \u201cCon Precisi\u00f3n\u201d El List\u00f3n de la Hermen\u00e9utica b\u00edblica, esta se realizara el [&hellip;]<\/p>\n","protected":false},"author":3,"featured_media":8420,"comment_status":"open","ping_status":"open","sticky":false,"template":"","format":"standard","meta":[],"categories":[56],"tags":[],"yoast_head":"<!-- This site is optimized with the Yoast SEO plugin v20.8 - https:\/\/yoast.com\/wordpress\/plugins\/seo\/ -->\n<title>Liceo Cristiano Reverendo Juan Bueno prepara conferencia &quot;Con Precisi\u00f3n&quot; con el Dr. Jaime Fasold - La Prensa Cristiana<\/title>\n<meta name=\"robots\" content=\"index, follow, max-snippet:-1, max-image-preview:large, max-video-preview:-1\" \/>\n<link rel=\"canonical\" href=\"https:\/\/laprensacristiana.com\/?p=8419\" \/>\n<meta property=\"og:locale\" content=\"es_ES\" \/>\n<meta property=\"og:type\" content=\"article\" \/>\n<meta property=\"og:title\" content=\"Liceo Cristiano Reverendo Juan Bueno prepara conferencia &quot;Con Precisi\u00f3n&quot; con el Dr. Jaime Fasold - La Prensa Cristiana\" \/>\n<meta property=\"og:description\" content=\"Uno de nuestros pilares como Instituci\u00f3n cristiana evang\u00e9lica es el \u201cCapacitar\u201d, por lo cual El Liceo Cristiano \u201cReverendo Juan Bueno\u201d de El Salvador, como parte del plan 2020 \u201cLa Visi\u00f3n Perfecta\u201d se prepara para su primera capacitaci\u00f3n de liderazgo. La conferencia y taller \u201cCon Precisi\u00f3n\u201d El List\u00f3n de la Hermen\u00e9utica b\u00edblica, esta se realizara el [&hellip;]\" \/>\n<meta property=\"og:url\" content=\"https:\/\/laprensacristiana.com\/?p=8419\" \/>\n<meta property=\"og:site_name\" content=\"La Prensa Cristiana\" \/>\n<meta property=\"article:published_time\" content=\"2020-03-10T00:00:20+00:00\" \/>\n<meta property=\"article:modified_time\" content=\"2020-03-10T00:00:23+00:00\" \/>\n<meta property=\"og:image\" content=\"https:\/\/laprensacristiana.com\/wp-content\/uploads\/2020\/03\/SAVE_20200309_175933.jpg\" \/>\n\t<meta property=\"og:image:width\" content=\"1280\" \/>\n\t<meta property=\"og:image:height\" content=\"1195\" \/>\n\t<meta property=\"og:image:type\" content=\"image\/jpeg\" \/>\n<meta name=\"author\" content=\"EDITOR\" \/>\n<meta name=\"twitter:card\" content=\"summary_large_image\" \/>\n<meta name=\"twitter:label1\" content=\"Escrito por\" \/>\n\t<meta name=\"twitter:data1\" content=\"EDITOR\" \/>\n\t<meta name=\"twitter:label2\" content=\"Tiempo de lectura\" \/>\n\t<meta name=\"twitter:data2\" content=\"1 minuto\" \/>\n<script type=\"application\/ld+json\" class=\"yoast-schema-graph\">{\"@context\":\"https:\/\/schema.org\",\"@graph\":[{\"@type\":\"WebPage\",\"@id\":\"https:\/\/laprensacristiana.com\/?p=8419\",\"url\":\"https:\/\/laprensacristiana.com\/?p=8419\",\"name\":\"Liceo Cristiano Reverendo Juan Bueno prepara conferencia \\\"Con Precisi\u00f3n\\\" con el Dr. Jaime Fasold - La Prensa Cristiana\",\"isPartOf\":{\"@id\":\"https:\/\/laprensacristiana.com\/#website\"},\"datePublished\":\"2020-03-10T00:00:20+00:00\",\"dateModified\":\"2020-03-10T00:00:23+00:00\",\"author\":{\"@id\":\"https:\/\/laprensacristiana.com\/#\/schema\/person\/3e7d82c6bfd6b1fa67010f8f7cd5256e\"},\"breadcrumb\":{\"@id\":\"https:\/\/laprensacristiana.com\/?p=8419#breadcrumb\"},\"inLanguage\":\"es\",\"potentialAction\":[{\"@type\":\"ReadAction\",\"target\":[\"https:\/\/laprensacristiana.com\/?p=8419\"]}]},{\"@type\":\"BreadcrumbList\",\"@id\":\"https:\/\/laprensacristiana.com\/?p=8419#breadcrumb\",\"itemListElement\":[{\"@type\":\"ListItem\",\"position\":1,\"name\":\"Portada\",\"item\":\"https:\/\/laprensacristiana.com\/\"},{\"@type\":\"ListItem\",\"position\":2,\"name\":\"Liceo Cristiano Reverendo Juan Bueno prepara conferencia \u00abCon Precisi\u00f3n\u00bb con el Dr. Jaime Fasold\"}]},{\"@type\":\"WebSite\",\"@id\":\"https:\/\/laprensacristiana.com\/#website\",\"url\":\"https:\/\/laprensacristiana.com\/\",\"name\":\"La Prensa Cristiana\",\"description\":\"Anunciando Las Buenas Nuevas\",\"potentialAction\":[{\"@type\":\"SearchAction\",\"target\":{\"@type\":\"EntryPoint\",\"urlTemplate\":\"https:\/\/laprensacristiana.com\/?s={search_term_string}\"},\"query-input\":\"required name=search_term_string\"}],\"inLanguage\":\"es\"},{\"@type\":\"Person\",\"@id\":\"https:\/\/laprensacristiana.com\/#\/schema\/person\/3e7d82c6bfd6b1fa67010f8f7cd5256e\",\"name\":\"EDITOR\",\"image\":{\"@type\":\"ImageObject\",\"inLanguage\":\"es\",\"@id\":\"https:\/\/laprensacristiana.com\/#\/schema\/person\/image\/\",\"url\":\"https:\/\/secure.gravatar.com\/avatar\/72069dfb6c13772d9e8381e3638666d2?s=96&d=mm&r=g\",\"contentUrl\":\"https:\/\/secure.gravatar.com\/avatar\/72069dfb6c13772d9e8381e3638666d2?s=96&d=mm&r=g\",\"caption\":\"EDITOR\"},\"url\":\"https:\/\/laprensacristiana.com\/?author=3\"}]}<\/script>\n<!-- \/ Yoast SEO plugin. -->","yoast_head_json":{"title":"Liceo Cristiano Reverendo Juan Bueno prepara conferencia \"Con Precisi\u00f3n\" con el Dr. Jaime Fasold - La Prensa Cristiana","robots":{"index":"index","follow":"follow","max-snippet":"max-snippet:-1","max-image-preview":"max-image-preview:large","max-video-preview":"max-video-preview:-1"},"canonical":"https:\/\/laprensacristiana.com\/?p=8419","og_locale":"es_ES","og_type":"article","og_title":"Liceo Cristiano Reverendo Juan Bueno prepara conferencia \"Con Precisi\u00f3n\" con el Dr. Jaime Fasold - La Prensa Cristiana","og_description":"Uno de nuestros pilares como Instituci\u00f3n cristiana evang\u00e9lica es el \u201cCapacitar\u201d, por lo cual El Liceo Cristiano \u201cReverendo Juan Bueno\u201d de El Salvador, como parte del plan 2020 \u201cLa Visi\u00f3n Perfecta\u201d se prepara para su primera capacitaci\u00f3n de liderazgo. La conferencia y taller \u201cCon Precisi\u00f3n\u201d El List\u00f3n de la Hermen\u00e9utica b\u00edblica, esta se realizara el [&hellip;]","og_url":"https:\/\/laprensacristiana.com\/?p=8419","og_site_name":"La Prensa Cristiana","article_published_time":"2020-03-10T00:00:20+00:00","article_modified_time":"2020-03-10T00:00:23+00:00","og_image":[{"width":1280,"height":1195,"url":"https:\/\/laprensacristiana.com\/wp-content\/uploads\/2020\/03\/SAVE_20200309_175933.jpg","type":"image\/jpeg"}],"author":"EDITOR","twitter_card":"summary_large_image","twitter_misc":{"Escrito por":"EDITOR","Tiempo de lectura":"1 minuto"},"schema":{"@context":"https:\/\/schema.org","@graph":[{"@type":"WebPage","@id":"https:\/\/laprensacristiana.com\/?p=8419","url":"https:\/\/laprensacristiana.com\/?p=8419","name":"Liceo Cristiano Reverendo Juan Bueno prepara conferencia \"Con Precisi\u00f3n\" con el Dr. Jaime Fasold - La Prensa Cristiana","isPartOf":{"@id":"https:\/\/laprensacristiana.com\/#website"},"datePublished":"2020-03-10T00:00:20+00:00","dateModified":"2020-03-10T00:00:23+00:00","author":{"@id":"https:\/\/laprensacristiana.com\/#\/schema\/person\/3e7d82c6bfd6b1fa67010f8f7cd5256e"},"breadcrumb":{"@id":"https:\/\/laprensacristiana.com\/?p=8419#breadcrumb"},"inLanguage":"es","potentialAction":[{"@type":"ReadAction","target":["https:\/\/laprensacristiana.com\/?p=8419"]}]},{"@type":"BreadcrumbList","@id":"https:\/\/laprensacristiana.com\/?p=8419#breadcrumb","itemListElement":[{"@type":"ListItem","position":1,"name":"Portada","item":"https:\/\/laprensacristiana.com\/"},{"@type":"ListItem","position":2,"name":"Liceo Cristiano Reverendo Juan Bueno prepara conferencia \u00abCon Precisi\u00f3n\u00bb con el Dr. Jaime Fasold"}]},{"@type":"WebSite","@id":"https:\/\/laprensacristiana.com\/#website","url":"https:\/\/laprensacristiana.com\/","name":"La Prensa Cristiana","description":"Anunciando Las Buenas Nuevas","potentialAction":[{"@type":"SearchAction","target":{"@type":"EntryPoint","urlTemplate":"https:\/\/laprensacristiana.com\/?s={search_term_string}"},"query-input":"required name=search_term_string"}],"inLanguage":"es"},{"@type":"Person","@id":"https:\/\/laprensacristiana.com\/#\/schema\/person\/3e7d82c6bfd6b1fa67010f8f7cd5256e","name":"EDITOR","image":{"@type":"ImageObject","inLanguage":"es","@id":"https:\/\/laprensacristiana.com\/#\/schema\/person\/image\/","url":"https:\/\/secure.gravatar.com\/avatar\/72069dfb6c13772d9e8381e3638666d2?s=96&d=mm&r=g","contentUrl":"https:\/\/secure.gravatar.com\/avatar\/72069dfb6c13772d9e8381e3638666d2?s=96&d=mm&r=g","caption":"EDITOR"},"url":"https:\/\/laprensacristiana.com\/?author=3"}]}},"_links":{"self":[{"href":"https:\/\/laprensacristiana.com\/index.php?rest_route=\/wp\/v2\/posts\/8419"}],"collection":[{"href":"https:\/\/laprensacristiana.com\/index.php?rest_route=\/wp\/v2\/posts"}],"about":[{"href":"https:\/\/laprensacristiana.com\/index.php?rest_route=\/wp\/v2\/types\/post"}],"author":[{"embeddable":true,"href":"https:\/\/laprensacristiana.com\/index.php?rest_route=\/wp\/v2\/users\/3"}],"replies":[{"embeddable":true,"href":"https:\/\/laprensacristiana.com\/index.php?rest_route=%2Fwp%2Fv2%2Fcomments&post=8419"}],"version-history":[{"count":1,"href":"https:\/\/laprensacristiana.com\/index.php?rest_route=\/wp\/v2\/posts\/8419\/revisions"}],"predecessor-version":[{"id":8421,"href":"https:\/\/laprensacristiana.com\/index.php?rest_route=\/wp\/v2\/posts\/8419\/revisions\/8421"}],"wp:featuredmedia":[{"embeddable":true,"href":"https:\/\/laprensacristiana.com\/index.php?rest_route=\/wp\/v2\/media\/8420"}],"wp:attachment":[{"href":"https:\/\/laprensacristiana.com\/index.php?rest_route=%2Fwp%2Fv2%2Fmedia&parent=8419"}],"wp:term":[{"taxonomy":"category","embeddable":true,"href":"https:\/\/laprensacristiana.com\/index.php?rest_route=%2Fwp%2Fv2%2Fcategories&post=8419"},{"taxonomy":"post_tag","embeddable":true,"href":"https:\/\/laprensacristiana.com\/index.php?rest_route=%2Fwp%2Fv2%2Ftags&post=8419"}],"curies":[{"name":"wp","href":"https:\/\/api.w.org\/{rel}","templated":true}]}}