{"id":8422,"date":"2020-03-11T21:25:45","date_gmt":"2020-03-11T21:25:45","guid":{"rendered":"https:\/\/laprensacristiana.com\/?p=8422"},"modified":"2020-03-11T21:25:47","modified_gmt":"2020-03-11T21:25:47","slug":"suspenden-christian-fest-live-en-el-salvador","status":"publish","type":"post","link":"https:\/\/laprensacristiana.com\/?p=8422","title":{"rendered":"Suspenden Christian Fest Live en El Salvador"},"content":{"rendered":"\n<p>Como una medida de seguridad los organizadores del Christian Fest Live anunciaron el d\u00eda de hoy en horas de la tarde la suspensi\u00f3n del evento programado para este s\u00e1bado 14 de marzo. <\/p>\n\n\n\n<p>Seg\u00fan el comunicado publicado es en acato a las dispociones de las autoridades y para salvaguardar la salud de los salvadore\u00f1os debido a la amenaza de contagio del Coronavirus. <\/p>\n\n\n\n<p>El evento deber\u00e1 ser reprogramado cuando la situaci\u00f3n de amenaza se normalice. Para lo cual los organizadores han pedido mantenerse pendientes de sus redes sociales para futura programaci\u00f3n. <\/p>\n\n\n\n<figure class=\"wp-block-image\"><img decoding=\"async\" loading=\"lazy\" width=\"720\" height=\"881\" src=\"https:\/\/laprensacristiana.com\/wp-content\/uploads\/2020\/03\/FB_IMG_1583961883628.jpg\" alt=\"\" class=\"wp-image-8423\" srcset=\"https:\/\/laprensacristiana.com\/wp-content\/uploads\/2020\/03\/FB_IMG_1583961883628.jpg 720w, https:\/\/laprensacristiana.com\/wp-content\/uploads\/2020\/03\/FB_IMG_1583961883628-245x300.jpg 245w, https:\/\/laprensacristiana.com\/wp-content\/uploads\/2020\/03\/FB_IMG_1583961883628-696x852.jpg 696w, https:\/\/laprensacristiana.com\/wp-content\/uploads\/2020\/03\/FB_IMG_1583961883628-343x420.jpg 343w, https:\/\/laprensacristiana.com\/wp-content\/uploads\/2020\/03\/FB_IMG_1583961883628-600x734.jpg 600w\" sizes=\"(max-width: 720px) 100vw, 720px\" \/><\/figure>\n","protected":false},"excerpt":{"rendered":"<p>Como una medida de seguridad los organizadores del Christian Fest Live anunciaron el d\u00eda de hoy en horas de la tarde la suspensi\u00f3n del evento programado para este s\u00e1bado 14 de marzo. Seg\u00fan el comunicado publicado es en acato a las dispociones de las autoridades y para salvaguardar la salud de los salvadore\u00f1os debido a [&hellip;]<\/p>\n","protected":false},"author":3,"featured_media":8424,"comment_status":"open","ping_status":"open","sticky":false,"template":"","format":"standard","meta":[],"categories":[56],"tags":[],"yoast_head":"<!-- This site is optimized with the Yoast SEO plugin v20.8 - https:\/\/yoast.com\/wordpress\/plugins\/seo\/ -->\n<title>Suspenden Christian Fest Live en El Salvador - La Prensa Cristiana<\/title>\n<meta name=\"robots\" content=\"index, follow, max-snippet:-1, max-image-preview:large, max-video-preview:-1\" \/>\n<link rel=\"canonical\" href=\"https:\/\/laprensacristiana.com\/?p=8422\" \/>\n<meta property=\"og:locale\" content=\"es_ES\" \/>\n<meta property=\"og:type\" content=\"article\" \/>\n<meta property=\"og:title\" content=\"Suspenden Christian Fest Live en El Salvador - La Prensa Cristiana\" \/>\n<meta property=\"og:description\" content=\"Como una medida de seguridad los organizadores del Christian Fest Live anunciaron el d\u00eda de hoy en horas de la tarde la suspensi\u00f3n del evento programado para este s\u00e1bado 14 de marzo. Seg\u00fan el comunicado publicado es en acato a las dispociones de las autoridades y para salvaguardar la salud de los salvadore\u00f1os debido a [&hellip;]\" \/>\n<meta property=\"og:url\" content=\"https:\/\/laprensacristiana.com\/?p=8422\" \/>\n<meta property=\"og:site_name\" content=\"La Prensa Cristiana\" \/>\n<meta property=\"article:published_time\" content=\"2020-03-11T21:25:45+00:00\" \/>\n<meta property=\"article:modified_time\" content=\"2020-03-11T21:25:47+00:00\" \/>\n<meta property=\"og:image\" content=\"https:\/\/laprensacristiana.com\/wp-content\/uploads\/2020\/03\/SAVE_20200311_152430.jpg\" \/>\n\t<meta property=\"og:image:width\" content=\"900\" \/>\n\t<meta property=\"og:image:height\" content=\"900\" \/>\n\t<meta property=\"og:image:type\" content=\"image\/jpeg\" \/>\n<meta name=\"author\" content=\"EDITOR\" \/>\n<meta name=\"twitter:card\" content=\"summary_large_image\" \/>\n<meta name=\"twitter:label1\" content=\"Escrito por\" \/>\n\t<meta name=\"twitter:data1\" content=\"EDITOR\" \/>\n<script type=\"application\/ld+json\" class=\"yoast-schema-graph\">{\"@context\":\"https:\/\/schema.org\",\"@graph\":[{\"@type\":\"WebPage\",\"@id\":\"https:\/\/laprensacristiana.com\/?p=8422\",\"url\":\"https:\/\/laprensacristiana.com\/?p=8422\",\"name\":\"Suspenden Christian Fest Live en El Salvador - La Prensa Cristiana\",\"isPartOf\":{\"@id\":\"https:\/\/laprensacristiana.com\/#website\"},\"datePublished\":\"2020-03-11T21:25:45+00:00\",\"dateModified\":\"2020-03-11T21:25:47+00:00\",\"author\":{\"@id\":\"https:\/\/laprensacristiana.com\/#\/schema\/person\/3e7d82c6bfd6b1fa67010f8f7cd5256e\"},\"breadcrumb\":{\"@id\":\"https:\/\/laprensacristiana.com\/?p=8422#breadcrumb\"},\"inLanguage\":\"es\",\"potentialAction\":[{\"@type\":\"ReadAction\",\"target\":[\"https:\/\/laprensacristiana.com\/?p=8422\"]}]},{\"@type\":\"BreadcrumbList\",\"@id\":\"https:\/\/laprensacristiana.com\/?p=8422#breadcrumb\",\"itemListElement\":[{\"@type\":\"ListItem\",\"position\":1,\"name\":\"Portada\",\"item\":\"https:\/\/laprensacristiana.com\/\"},{\"@type\":\"ListItem\",\"position\":2,\"name\":\"Suspenden Christian Fest Live en El Salvador\"}]},{\"@type\":\"WebSite\",\"@id\":\"https:\/\/laprensacristiana.com\/#website\",\"url\":\"https:\/\/laprensacristiana.com\/\",\"name\":\"La Prensa Cristiana\",\"description\":\"Anunciando Las Buenas Nuevas\",\"potentialAction\":[{\"@type\":\"SearchAction\",\"target\":{\"@type\":\"EntryPoint\",\"urlTemplate\":\"https:\/\/laprensacristiana.com\/?s={search_term_string}\"},\"query-input\":\"required name=search_term_string\"}],\"inLanguage\":\"es\"},{\"@type\":\"Person\",\"@id\":\"https:\/\/laprensacristiana.com\/#\/schema\/person\/3e7d82c6bfd6b1fa67010f8f7cd5256e\",\"name\":\"EDITOR\",\"image\":{\"@type\":\"ImageObject\",\"inLanguage\":\"es\",\"@id\":\"https:\/\/laprensacristiana.com\/#\/schema\/person\/image\/\",\"url\":\"https:\/\/secure.gravatar.com\/avatar\/72069dfb6c13772d9e8381e3638666d2?s=96&d=mm&r=g\",\"contentUrl\":\"https:\/\/secure.gravatar.com\/avatar\/72069dfb6c13772d9e8381e3638666d2?s=96&d=mm&r=g\",\"caption\":\"EDITOR\"},\"url\":\"https:\/\/laprensacristiana.com\/?author=3\"}]}<\/script>\n<!-- \/ Yoast SEO plugin. -->","yoast_head_json":{"title":"Suspenden Christian Fest Live en El Salvador - La Prensa Cristiana","robots":{"index":"index","follow":"follow","max-snippet":"max-snippet:-1","max-image-preview":"max-image-preview:large","max-video-preview":"max-video-preview:-1"},"canonical":"https:\/\/laprensacristiana.com\/?p=8422","og_locale":"es_ES","og_type":"article","og_title":"Suspenden Christian Fest Live en El Salvador - La Prensa Cristiana","og_description":"Como una medida de seguridad los organizadores del Christian Fest Live anunciaron el d\u00eda de hoy en horas de la tarde la suspensi\u00f3n del evento programado para este s\u00e1bado 14 de marzo. Seg\u00fan el comunicado publicado es en acato a las dispociones de las autoridades y para salvaguardar la salud de los salvadore\u00f1os debido a [&hellip;]","og_url":"https:\/\/laprensacristiana.com\/?p=8422","og_site_name":"La Prensa Cristiana","article_published_time":"2020-03-11T21:25:45+00:00","article_modified_time":"2020-03-11T21:25:47+00:00","og_image":[{"width":900,"height":900,"url":"https:\/\/laprensacristiana.com\/wp-content\/uploads\/2020\/03\/SAVE_20200311_152430.jpg","type":"image\/jpeg"}],"author":"EDITOR","twitter_card":"summary_large_image","twitter_misc":{"Escrito por":"EDITOR"},"schema":{"@context":"https:\/\/schema.org","@graph":[{"@type":"WebPage","@id":"https:\/\/laprensacristiana.com\/?p=8422","url":"https:\/\/laprensacristiana.com\/?p=8422","name":"Suspenden Christian Fest Live en El Salvador - La Prensa Cristiana","isPartOf":{"@id":"https:\/\/laprensacristiana.com\/#website"},"datePublished":"2020-03-11T21:25:45+00:00","dateModified":"2020-03-11T21:25:47+00:00","author":{"@id":"https:\/\/laprensacristiana.com\/#\/schema\/person\/3e7d82c6bfd6b1fa67010f8f7cd5256e"},"breadcrumb":{"@id":"https:\/\/laprensacristiana.com\/?p=8422#breadcrumb"},"inLanguage":"es","potentialAction":[{"@type":"ReadAction","target":["https:\/\/laprensacristiana.com\/?p=8422"]}]},{"@type":"BreadcrumbList","@id":"https:\/\/laprensacristiana.com\/?p=8422#breadcrumb","itemListElement":[{"@type":"ListItem","position":1,"name":"Portada","item":"https:\/\/laprensacristiana.com\/"},{"@type":"ListItem","position":2,"name":"Suspenden Christian Fest Live en El Salvador"}]},{"@type":"WebSite","@id":"https:\/\/laprensacristiana.com\/#website","url":"https:\/\/laprensacristiana.com\/","name":"La Prensa Cristiana","description":"Anunciando Las Buenas Nuevas","potentialAction":[{"@type":"SearchAction","target":{"@type":"EntryPoint","urlTemplate":"https:\/\/laprensacristiana.com\/?s={search_term_string}"},"query-input":"required name=search_term_string"}],"inLanguage":"es"},{"@type":"Person","@id":"https:\/\/laprensacristiana.com\/#\/schema\/person\/3e7d82c6bfd6b1fa67010f8f7cd5256e","name":"EDITOR","image":{"@type":"ImageObject","inLanguage":"es","@id":"https:\/\/laprensacristiana.com\/#\/schema\/person\/image\/","url":"https:\/\/secure.gravatar.com\/avatar\/72069dfb6c13772d9e8381e3638666d2?s=96&d=mm&r=g","contentUrl":"https:\/\/secure.gravatar.com\/avatar\/72069dfb6c13772d9e8381e3638666d2?s=96&d=mm&r=g","caption":"EDITOR"},"url":"https:\/\/laprensacristiana.com\/?author=3"}]}},"_links":{"self":[{"href":"https:\/\/laprensacristiana.com\/index.php?rest_route=\/wp\/v2\/posts\/8422"}],"collection":[{"href":"https:\/\/laprensacristiana.com\/index.php?rest_route=\/wp\/v2\/posts"}],"about":[{"href":"https:\/\/laprensacristiana.com\/index.php?rest_route=\/wp\/v2\/types\/post"}],"author":[{"embeddable":true,"href":"https:\/\/laprensacristiana.com\/index.php?rest_route=\/wp\/v2\/users\/3"}],"replies":[{"embeddable":true,"href":"https:\/\/laprensacristiana.com\/index.php?rest_route=%2Fwp%2Fv2%2Fcomments&post=8422"}],"version-history":[{"count":1,"href":"https:\/\/laprensacristiana.com\/index.php?rest_route=\/wp\/v2\/posts\/8422\/revisions"}],"predecessor-version":[{"id":8425,"href":"https:\/\/laprensacristiana.com\/index.php?rest_route=\/wp\/v2\/posts\/8422\/revisions\/8425"}],"wp:featuredmedia":[{"embeddable":true,"href":"https:\/\/laprensacristiana.com\/index.php?rest_route=\/wp\/v2\/media\/8424"}],"wp:attachment":[{"href":"https:\/\/laprensacristiana.com\/index.php?rest_route=%2Fwp%2Fv2%2Fmedia&parent=8422"}],"wp:term":[{"taxonomy":"category","embeddable":true,"href":"https:\/\/laprensacristiana.com\/index.php?rest_route=%2Fwp%2Fv2%2Fcategories&post=8422"},{"taxonomy":"post_tag","embeddable":true,"href":"https:\/\/laprensacristiana.com\/index.php?rest_route=%2Fwp%2Fv2%2Ftags&post=8422"}],"curies":[{"name":"wp","href":"https:\/\/api.w.org\/{rel}","templated":true}]}}