{"id":8439,"date":"2020-03-13T23:56:42","date_gmt":"2020-03-13T23:56:42","guid":{"rendered":"https:\/\/laprensacristiana.com\/?p=8439"},"modified":"2020-03-14T00:00:21","modified_gmt":"2020-03-14T00:00:21","slug":"tras-estado-de-emergenciancia-eeuu-declaro-15-marzo-dia-nacional-de-la-oracion","status":"publish","type":"post","link":"https:\/\/laprensacristiana.com\/?p=8439","title":{"rendered":"Tras estado de emergenciancia EEUU declar\u00f3 15 marzo D\u00eda Nacional de la Oraci\u00f3n"},"content":{"rendered":"\n<p>Estados Unidos se declar\u00f3 esta tarde en estado de emergencia debido al COVID-19, tras una conferencia de prensa desde la Casa Blanca.<\/p>\n\n\n\n<p>El presidente de EEUU Donald Trump tambi\u00e9n declar\u00f3 el 15 de marzo como D\u00eda Nacional de la Oraci\u00f3n.<\/p>\n\n\n\n<p>En su cuenta oficial de Twitter el presidente expres\u00f3: \u00abSomos un pais que a lo largo de nuestra historia, ha buscado en Dios protecci\u00f3n y fortaleza en momentos como estos\u00bb.<\/p>\n\n\n\n<p>As\u00ed mismo hizo una atenta invitaci\u00f3n a toda la naci\u00f3n estadounidense, \u00abNo importa donde est\u00e9s, te animo a que recurras a la oraci\u00f3n en un acto de fe. Juntos f\u00e1cilmente prevaleceremos\u00bb concluy\u00f3 el presidente Donald Trump.<\/p>\n","protected":false},"excerpt":{"rendered":"<p>Estados Unidos se declar\u00f3 esta tarde en estado de emergencia debido al COVID-19, tras una conferencia de prensa desde la Casa Blanca. El presidente de EEUU Donald Trump tambi\u00e9n declar\u00f3 el 15 de marzo como D\u00eda Nacional de la Oraci\u00f3n. En su cuenta oficial de Twitter el presidente expres\u00f3: \u00abSomos un pais que a lo [&hellip;]<\/p>\n","protected":false},"author":3,"featured_media":7936,"comment_status":"open","ping_status":"open","sticky":false,"template":"","format":"standard","meta":[],"categories":[56],"tags":[],"yoast_head":"<!-- This site is optimized with the Yoast SEO plugin v20.8 - https:\/\/yoast.com\/wordpress\/plugins\/seo\/ -->\n<title>Tras estado de emergenciancia EEUU declar\u00f3 15 marzo D\u00eda Nacional de la Oraci\u00f3n - La Prensa Cristiana<\/title>\n<meta name=\"robots\" content=\"index, follow, max-snippet:-1, max-image-preview:large, max-video-preview:-1\" \/>\n<link rel=\"canonical\" href=\"https:\/\/laprensacristiana.com\/?p=8439\" \/>\n<meta property=\"og:locale\" content=\"es_ES\" \/>\n<meta property=\"og:type\" content=\"article\" \/>\n<meta property=\"og:title\" content=\"Tras estado de emergenciancia EEUU declar\u00f3 15 marzo D\u00eda Nacional de la Oraci\u00f3n - La Prensa Cristiana\" \/>\n<meta property=\"og:description\" content=\"Estados Unidos se declar\u00f3 esta tarde en estado de emergencia debido al COVID-19, tras una conferencia de prensa desde la Casa Blanca. El presidente de EEUU Donald Trump tambi\u00e9n declar\u00f3 el 15 de marzo como D\u00eda Nacional de la Oraci\u00f3n. En su cuenta oficial de Twitter el presidente expres\u00f3: \u00abSomos un pais que a lo [&hellip;]\" \/>\n<meta property=\"og:url\" content=\"https:\/\/laprensacristiana.com\/?p=8439\" \/>\n<meta property=\"og:site_name\" content=\"La Prensa Cristiana\" \/>\n<meta property=\"article:published_time\" content=\"2020-03-13T23:56:42+00:00\" \/>\n<meta property=\"article:modified_time\" content=\"2020-03-14T00:00:21+00:00\" \/>\n<meta property=\"og:image\" content=\"https:\/\/laprensacristiana.com\/wp-content\/uploads\/2020\/01\/WhatsApp-Image-2020-01-24-at-13.46.36.jpeg\" \/>\n\t<meta property=\"og:image:width\" content=\"1080\" \/>\n\t<meta property=\"og:image:height\" content=\"718\" \/>\n\t<meta property=\"og:image:type\" content=\"image\/jpeg\" \/>\n<meta name=\"author\" content=\"EDITOR\" \/>\n<meta name=\"twitter:card\" content=\"summary_large_image\" \/>\n<meta name=\"twitter:label1\" content=\"Escrito por\" \/>\n\t<meta name=\"twitter:data1\" content=\"EDITOR\" \/>\n\t<meta name=\"twitter:label2\" content=\"Tiempo de lectura\" \/>\n\t<meta name=\"twitter:data2\" content=\"1 minuto\" \/>\n<script type=\"application\/ld+json\" class=\"yoast-schema-graph\">{\"@context\":\"https:\/\/schema.org\",\"@graph\":[{\"@type\":\"WebPage\",\"@id\":\"https:\/\/laprensacristiana.com\/?p=8439\",\"url\":\"https:\/\/laprensacristiana.com\/?p=8439\",\"name\":\"Tras estado de emergenciancia EEUU declar\u00f3 15 marzo D\u00eda Nacional de la Oraci\u00f3n - La Prensa Cristiana\",\"isPartOf\":{\"@id\":\"https:\/\/laprensacristiana.com\/#website\"},\"datePublished\":\"2020-03-13T23:56:42+00:00\",\"dateModified\":\"2020-03-14T00:00:21+00:00\",\"author\":{\"@id\":\"https:\/\/laprensacristiana.com\/#\/schema\/person\/3e7d82c6bfd6b1fa67010f8f7cd5256e\"},\"breadcrumb\":{\"@id\":\"https:\/\/laprensacristiana.com\/?p=8439#breadcrumb\"},\"inLanguage\":\"es\",\"potentialAction\":[{\"@type\":\"ReadAction\",\"target\":[\"https:\/\/laprensacristiana.com\/?p=8439\"]}]},{\"@type\":\"BreadcrumbList\",\"@id\":\"https:\/\/laprensacristiana.com\/?p=8439#breadcrumb\",\"itemListElement\":[{\"@type\":\"ListItem\",\"position\":1,\"name\":\"Portada\",\"item\":\"https:\/\/laprensacristiana.com\/\"},{\"@type\":\"ListItem\",\"position\":2,\"name\":\"Tras estado de emergenciancia EEUU declar\u00f3 15 marzo D\u00eda Nacional de la Oraci\u00f3n\"}]},{\"@type\":\"WebSite\",\"@id\":\"https:\/\/laprensacristiana.com\/#website\",\"url\":\"https:\/\/laprensacristiana.com\/\",\"name\":\"La Prensa Cristiana\",\"description\":\"Anunciando Las Buenas Nuevas\",\"potentialAction\":[{\"@type\":\"SearchAction\",\"target\":{\"@type\":\"EntryPoint\",\"urlTemplate\":\"https:\/\/laprensacristiana.com\/?s={search_term_string}\"},\"query-input\":\"required name=search_term_string\"}],\"inLanguage\":\"es\"},{\"@type\":\"Person\",\"@id\":\"https:\/\/laprensacristiana.com\/#\/schema\/person\/3e7d82c6bfd6b1fa67010f8f7cd5256e\",\"name\":\"EDITOR\",\"image\":{\"@type\":\"ImageObject\",\"inLanguage\":\"es\",\"@id\":\"https:\/\/laprensacristiana.com\/#\/schema\/person\/image\/\",\"url\":\"https:\/\/secure.gravatar.com\/avatar\/72069dfb6c13772d9e8381e3638666d2?s=96&d=mm&r=g\",\"contentUrl\":\"https:\/\/secure.gravatar.com\/avatar\/72069dfb6c13772d9e8381e3638666d2?s=96&d=mm&r=g\",\"caption\":\"EDITOR\"},\"url\":\"https:\/\/laprensacristiana.com\/?author=3\"}]}<\/script>\n<!-- \/ Yoast SEO plugin. -->","yoast_head_json":{"title":"Tras estado de emergenciancia EEUU declar\u00f3 15 marzo D\u00eda Nacional de la Oraci\u00f3n - La Prensa Cristiana","robots":{"index":"index","follow":"follow","max-snippet":"max-snippet:-1","max-image-preview":"max-image-preview:large","max-video-preview":"max-video-preview:-1"},"canonical":"https:\/\/laprensacristiana.com\/?p=8439","og_locale":"es_ES","og_type":"article","og_title":"Tras estado de emergenciancia EEUU declar\u00f3 15 marzo D\u00eda Nacional de la Oraci\u00f3n - La Prensa Cristiana","og_description":"Estados Unidos se declar\u00f3 esta tarde en estado de emergencia debido al COVID-19, tras una conferencia de prensa desde la Casa Blanca. El presidente de EEUU Donald Trump tambi\u00e9n declar\u00f3 el 15 de marzo como D\u00eda Nacional de la Oraci\u00f3n. En su cuenta oficial de Twitter el presidente expres\u00f3: \u00abSomos un pais que a lo [&hellip;]","og_url":"https:\/\/laprensacristiana.com\/?p=8439","og_site_name":"La Prensa Cristiana","article_published_time":"2020-03-13T23:56:42+00:00","article_modified_time":"2020-03-14T00:00:21+00:00","og_image":[{"width":1080,"height":718,"url":"https:\/\/laprensacristiana.com\/wp-content\/uploads\/2020\/01\/WhatsApp-Image-2020-01-24-at-13.46.36.jpeg","type":"image\/jpeg"}],"author":"EDITOR","twitter_card":"summary_large_image","twitter_misc":{"Escrito por":"EDITOR","Tiempo de lectura":"1 minuto"},"schema":{"@context":"https:\/\/schema.org","@graph":[{"@type":"WebPage","@id":"https:\/\/laprensacristiana.com\/?p=8439","url":"https:\/\/laprensacristiana.com\/?p=8439","name":"Tras estado de emergenciancia EEUU declar\u00f3 15 marzo D\u00eda Nacional de la Oraci\u00f3n - La Prensa Cristiana","isPartOf":{"@id":"https:\/\/laprensacristiana.com\/#website"},"datePublished":"2020-03-13T23:56:42+00:00","dateModified":"2020-03-14T00:00:21+00:00","author":{"@id":"https:\/\/laprensacristiana.com\/#\/schema\/person\/3e7d82c6bfd6b1fa67010f8f7cd5256e"},"breadcrumb":{"@id":"https:\/\/laprensacristiana.com\/?p=8439#breadcrumb"},"inLanguage":"es","potentialAction":[{"@type":"ReadAction","target":["https:\/\/laprensacristiana.com\/?p=8439"]}]},{"@type":"BreadcrumbList","@id":"https:\/\/laprensacristiana.com\/?p=8439#breadcrumb","itemListElement":[{"@type":"ListItem","position":1,"name":"Portada","item":"https:\/\/laprensacristiana.com\/"},{"@type":"ListItem","position":2,"name":"Tras estado de emergenciancia EEUU declar\u00f3 15 marzo D\u00eda Nacional de la Oraci\u00f3n"}]},{"@type":"WebSite","@id":"https:\/\/laprensacristiana.com\/#website","url":"https:\/\/laprensacristiana.com\/","name":"La Prensa Cristiana","description":"Anunciando Las Buenas Nuevas","potentialAction":[{"@type":"SearchAction","target":{"@type":"EntryPoint","urlTemplate":"https:\/\/laprensacristiana.com\/?s={search_term_string}"},"query-input":"required name=search_term_string"}],"inLanguage":"es"},{"@type":"Person","@id":"https:\/\/laprensacristiana.com\/#\/schema\/person\/3e7d82c6bfd6b1fa67010f8f7cd5256e","name":"EDITOR","image":{"@type":"ImageObject","inLanguage":"es","@id":"https:\/\/laprensacristiana.com\/#\/schema\/person\/image\/","url":"https:\/\/secure.gravatar.com\/avatar\/72069dfb6c13772d9e8381e3638666d2?s=96&d=mm&r=g","contentUrl":"https:\/\/secure.gravatar.com\/avatar\/72069dfb6c13772d9e8381e3638666d2?s=96&d=mm&r=g","caption":"EDITOR"},"url":"https:\/\/laprensacristiana.com\/?author=3"}]}},"_links":{"self":[{"href":"https:\/\/laprensacristiana.com\/index.php?rest_route=\/wp\/v2\/posts\/8439"}],"collection":[{"href":"https:\/\/laprensacristiana.com\/index.php?rest_route=\/wp\/v2\/posts"}],"about":[{"href":"https:\/\/laprensacristiana.com\/index.php?rest_route=\/wp\/v2\/types\/post"}],"author":[{"embeddable":true,"href":"https:\/\/laprensacristiana.com\/index.php?rest_route=\/wp\/v2\/users\/3"}],"replies":[{"embeddable":true,"href":"https:\/\/laprensacristiana.com\/index.php?rest_route=%2Fwp%2Fv2%2Fcomments&post=8439"}],"version-history":[{"count":3,"href":"https:\/\/laprensacristiana.com\/index.php?rest_route=\/wp\/v2\/posts\/8439\/revisions"}],"predecessor-version":[{"id":8443,"href":"https:\/\/laprensacristiana.com\/index.php?rest_route=\/wp\/v2\/posts\/8439\/revisions\/8443"}],"wp:featuredmedia":[{"embeddable":true,"href":"https:\/\/laprensacristiana.com\/index.php?rest_route=\/wp\/v2\/media\/7936"}],"wp:attachment":[{"href":"https:\/\/laprensacristiana.com\/index.php?rest_route=%2Fwp%2Fv2%2Fmedia&parent=8439"}],"wp:term":[{"taxonomy":"category","embeddable":true,"href":"https:\/\/laprensacristiana.com\/index.php?rest_route=%2Fwp%2Fv2%2Fcategories&post=8439"},{"taxonomy":"post_tag","embeddable":true,"href":"https:\/\/laprensacristiana.com\/index.php?rest_route=%2Fwp%2Fv2%2Ftags&post=8439"}],"curies":[{"name":"wp","href":"https:\/\/api.w.org\/{rel}","templated":true}]}}