{"id":8456,"date":"2020-03-16T03:25:44","date_gmt":"2020-03-16T03:25:44","guid":{"rendered":"https:\/\/laprensacristiana.com\/?p=8456"},"modified":"2020-03-16T03:29:52","modified_gmt":"2020-03-16T03:29:52","slug":"gobierno-de-el-salvador-ora-en-cadena-nacional","status":"publish","type":"post","link":"https:\/\/laprensacristiana.com\/?p=8456","title":{"rendered":"Gobierno de El Salvador ora en cadena nacional"},"content":{"rendered":"\n<p>En una reciente cadena nacional el presidente de la Rep\u00fablica de El Salvador, Nayib Bukele pidi\u00f3 oraci\u00f3n por el pa\u00eds <br> El Salvador es uno de los pocos pa\u00edses en los cuales el cornavirus (COVID-19) no ha llegado, no se han confirmado casos. En ese sentido se han tomado mediadas preventivas como cuarentena entre otras. <br> En el cierre de la cadena de radio y televisi\u00f3n el presidente invito a los salvadore\u00f1os a orar mientras \u00e9l y sus ministros lo hacian en casa presidencial. <\/p>\n","protected":false},"excerpt":{"rendered":"<p>En una reciente cadena nacional el presidente de la Rep\u00fablica de El Salvador, Nayib Bukele pidi\u00f3 oraci\u00f3n por el pa\u00eds El Salvador es uno de los pocos pa\u00edses en los cuales el cornavirus (COVID-19) no ha llegado, no se han confirmado casos. En ese sentido se han tomado mediadas preventivas como cuarentena entre otras. En [&hellip;]<\/p>\n","protected":false},"author":3,"featured_media":8457,"comment_status":"open","ping_status":"open","sticky":false,"template":"","format":"standard","meta":[],"categories":[56],"tags":[],"yoast_head":"<!-- This site is optimized with the Yoast SEO plugin v20.8 - https:\/\/yoast.com\/wordpress\/plugins\/seo\/ -->\n<title>Gobierno de El Salvador ora en cadena nacional - La Prensa Cristiana<\/title>\n<meta name=\"robots\" content=\"index, follow, max-snippet:-1, max-image-preview:large, max-video-preview:-1\" \/>\n<link rel=\"canonical\" href=\"https:\/\/laprensacristiana.com\/?p=8456\" \/>\n<meta property=\"og:locale\" content=\"es_ES\" \/>\n<meta property=\"og:type\" content=\"article\" \/>\n<meta property=\"og:title\" content=\"Gobierno de El Salvador ora en cadena nacional - La Prensa Cristiana\" \/>\n<meta property=\"og:description\" content=\"En una reciente cadena nacional el presidente de la Rep\u00fablica de El Salvador, Nayib Bukele pidi\u00f3 oraci\u00f3n por el pa\u00eds El Salvador es uno de los pocos pa\u00edses en los cuales el cornavirus (COVID-19) no ha llegado, no se han confirmado casos. En ese sentido se han tomado mediadas preventivas como cuarentena entre otras. En [&hellip;]\" \/>\n<meta property=\"og:url\" content=\"https:\/\/laprensacristiana.com\/?p=8456\" \/>\n<meta property=\"og:site_name\" content=\"La Prensa Cristiana\" \/>\n<meta property=\"article:published_time\" content=\"2020-03-16T03:25:44+00:00\" \/>\n<meta property=\"article:modified_time\" content=\"2020-03-16T03:29:52+00:00\" \/>\n<meta property=\"og:image\" content=\"https:\/\/laprensacristiana.com\/wp-content\/uploads\/2020\/03\/FB_IMG_1584328554018.jpg\" \/>\n\t<meta property=\"og:image:width\" content=\"720\" \/>\n\t<meta property=\"og:image:height\" content=\"405\" \/>\n\t<meta property=\"og:image:type\" content=\"image\/jpeg\" \/>\n<meta name=\"author\" content=\"EDITOR\" \/>\n<meta name=\"twitter:card\" content=\"summary_large_image\" \/>\n<meta name=\"twitter:label1\" content=\"Escrito por\" \/>\n\t<meta name=\"twitter:data1\" content=\"EDITOR\" \/>\n<script type=\"application\/ld+json\" class=\"yoast-schema-graph\">{\"@context\":\"https:\/\/schema.org\",\"@graph\":[{\"@type\":\"WebPage\",\"@id\":\"https:\/\/laprensacristiana.com\/?p=8456\",\"url\":\"https:\/\/laprensacristiana.com\/?p=8456\",\"name\":\"Gobierno de El Salvador ora en cadena nacional - La Prensa Cristiana\",\"isPartOf\":{\"@id\":\"https:\/\/laprensacristiana.com\/#website\"},\"datePublished\":\"2020-03-16T03:25:44+00:00\",\"dateModified\":\"2020-03-16T03:29:52+00:00\",\"author\":{\"@id\":\"https:\/\/laprensacristiana.com\/#\/schema\/person\/3e7d82c6bfd6b1fa67010f8f7cd5256e\"},\"breadcrumb\":{\"@id\":\"https:\/\/laprensacristiana.com\/?p=8456#breadcrumb\"},\"inLanguage\":\"es\",\"potentialAction\":[{\"@type\":\"ReadAction\",\"target\":[\"https:\/\/laprensacristiana.com\/?p=8456\"]}]},{\"@type\":\"BreadcrumbList\",\"@id\":\"https:\/\/laprensacristiana.com\/?p=8456#breadcrumb\",\"itemListElement\":[{\"@type\":\"ListItem\",\"position\":1,\"name\":\"Portada\",\"item\":\"https:\/\/laprensacristiana.com\/\"},{\"@type\":\"ListItem\",\"position\":2,\"name\":\"Gobierno de El Salvador ora en cadena nacional\"}]},{\"@type\":\"WebSite\",\"@id\":\"https:\/\/laprensacristiana.com\/#website\",\"url\":\"https:\/\/laprensacristiana.com\/\",\"name\":\"La Prensa Cristiana\",\"description\":\"Anunciando Las Buenas Nuevas\",\"potentialAction\":[{\"@type\":\"SearchAction\",\"target\":{\"@type\":\"EntryPoint\",\"urlTemplate\":\"https:\/\/laprensacristiana.com\/?s={search_term_string}\"},\"query-input\":\"required name=search_term_string\"}],\"inLanguage\":\"es\"},{\"@type\":\"Person\",\"@id\":\"https:\/\/laprensacristiana.com\/#\/schema\/person\/3e7d82c6bfd6b1fa67010f8f7cd5256e\",\"name\":\"EDITOR\",\"image\":{\"@type\":\"ImageObject\",\"inLanguage\":\"es\",\"@id\":\"https:\/\/laprensacristiana.com\/#\/schema\/person\/image\/\",\"url\":\"https:\/\/secure.gravatar.com\/avatar\/72069dfb6c13772d9e8381e3638666d2?s=96&d=mm&r=g\",\"contentUrl\":\"https:\/\/secure.gravatar.com\/avatar\/72069dfb6c13772d9e8381e3638666d2?s=96&d=mm&r=g\",\"caption\":\"EDITOR\"},\"url\":\"https:\/\/laprensacristiana.com\/?author=3\"}]}<\/script>\n<!-- \/ Yoast SEO plugin. -->","yoast_head_json":{"title":"Gobierno de El Salvador ora en cadena nacional - La Prensa Cristiana","robots":{"index":"index","follow":"follow","max-snippet":"max-snippet:-1","max-image-preview":"max-image-preview:large","max-video-preview":"max-video-preview:-1"},"canonical":"https:\/\/laprensacristiana.com\/?p=8456","og_locale":"es_ES","og_type":"article","og_title":"Gobierno de El Salvador ora en cadena nacional - La Prensa Cristiana","og_description":"En una reciente cadena nacional el presidente de la Rep\u00fablica de El Salvador, Nayib Bukele pidi\u00f3 oraci\u00f3n por el pa\u00eds El Salvador es uno de los pocos pa\u00edses en los cuales el cornavirus (COVID-19) no ha llegado, no se han confirmado casos. En ese sentido se han tomado mediadas preventivas como cuarentena entre otras. En [&hellip;]","og_url":"https:\/\/laprensacristiana.com\/?p=8456","og_site_name":"La Prensa Cristiana","article_published_time":"2020-03-16T03:25:44+00:00","article_modified_time":"2020-03-16T03:29:52+00:00","og_image":[{"width":720,"height":405,"url":"https:\/\/laprensacristiana.com\/wp-content\/uploads\/2020\/03\/FB_IMG_1584328554018.jpg","type":"image\/jpeg"}],"author":"EDITOR","twitter_card":"summary_large_image","twitter_misc":{"Escrito por":"EDITOR"},"schema":{"@context":"https:\/\/schema.org","@graph":[{"@type":"WebPage","@id":"https:\/\/laprensacristiana.com\/?p=8456","url":"https:\/\/laprensacristiana.com\/?p=8456","name":"Gobierno de El Salvador ora en cadena nacional - La Prensa Cristiana","isPartOf":{"@id":"https:\/\/laprensacristiana.com\/#website"},"datePublished":"2020-03-16T03:25:44+00:00","dateModified":"2020-03-16T03:29:52+00:00","author":{"@id":"https:\/\/laprensacristiana.com\/#\/schema\/person\/3e7d82c6bfd6b1fa67010f8f7cd5256e"},"breadcrumb":{"@id":"https:\/\/laprensacristiana.com\/?p=8456#breadcrumb"},"inLanguage":"es","potentialAction":[{"@type":"ReadAction","target":["https:\/\/laprensacristiana.com\/?p=8456"]}]},{"@type":"BreadcrumbList","@id":"https:\/\/laprensacristiana.com\/?p=8456#breadcrumb","itemListElement":[{"@type":"ListItem","position":1,"name":"Portada","item":"https:\/\/laprensacristiana.com\/"},{"@type":"ListItem","position":2,"name":"Gobierno de El Salvador ora en cadena nacional"}]},{"@type":"WebSite","@id":"https:\/\/laprensacristiana.com\/#website","url":"https:\/\/laprensacristiana.com\/","name":"La Prensa Cristiana","description":"Anunciando Las Buenas Nuevas","potentialAction":[{"@type":"SearchAction","target":{"@type":"EntryPoint","urlTemplate":"https:\/\/laprensacristiana.com\/?s={search_term_string}"},"query-input":"required name=search_term_string"}],"inLanguage":"es"},{"@type":"Person","@id":"https:\/\/laprensacristiana.com\/#\/schema\/person\/3e7d82c6bfd6b1fa67010f8f7cd5256e","name":"EDITOR","image":{"@type":"ImageObject","inLanguage":"es","@id":"https:\/\/laprensacristiana.com\/#\/schema\/person\/image\/","url":"https:\/\/secure.gravatar.com\/avatar\/72069dfb6c13772d9e8381e3638666d2?s=96&d=mm&r=g","contentUrl":"https:\/\/secure.gravatar.com\/avatar\/72069dfb6c13772d9e8381e3638666d2?s=96&d=mm&r=g","caption":"EDITOR"},"url":"https:\/\/laprensacristiana.com\/?author=3"}]}},"_links":{"self":[{"href":"https:\/\/laprensacristiana.com\/index.php?rest_route=\/wp\/v2\/posts\/8456"}],"collection":[{"href":"https:\/\/laprensacristiana.com\/index.php?rest_route=\/wp\/v2\/posts"}],"about":[{"href":"https:\/\/laprensacristiana.com\/index.php?rest_route=\/wp\/v2\/types\/post"}],"author":[{"embeddable":true,"href":"https:\/\/laprensacristiana.com\/index.php?rest_route=\/wp\/v2\/users\/3"}],"replies":[{"embeddable":true,"href":"https:\/\/laprensacristiana.com\/index.php?rest_route=%2Fwp%2Fv2%2Fcomments&post=8456"}],"version-history":[{"count":2,"href":"https:\/\/laprensacristiana.com\/index.php?rest_route=\/wp\/v2\/posts\/8456\/revisions"}],"predecessor-version":[{"id":8459,"href":"https:\/\/laprensacristiana.com\/index.php?rest_route=\/wp\/v2\/posts\/8456\/revisions\/8459"}],"wp:featuredmedia":[{"embeddable":true,"href":"https:\/\/laprensacristiana.com\/index.php?rest_route=\/wp\/v2\/media\/8457"}],"wp:attachment":[{"href":"https:\/\/laprensacristiana.com\/index.php?rest_route=%2Fwp%2Fv2%2Fmedia&parent=8456"}],"wp:term":[{"taxonomy":"category","embeddable":true,"href":"https:\/\/laprensacristiana.com\/index.php?rest_route=%2Fwp%2Fv2%2Fcategories&post=8456"},{"taxonomy":"post_tag","embeddable":true,"href":"https:\/\/laprensacristiana.com\/index.php?rest_route=%2Fwp%2Fv2%2Ftags&post=8456"}],"curies":[{"name":"wp","href":"https:\/\/api.w.org\/{rel}","templated":true}]}}