{"id":8485,"date":"2020-03-18T08:00:10","date_gmt":"2020-03-18T08:00:10","guid":{"rendered":"https:\/\/laprensacristiana.com\/?p=8485"},"modified":"2020-07-01T19:43:58","modified_gmt":"2020-07-01T19:43:58","slug":"lo-mas-desgastante-del-coronavirus-covid-19%ef%bb%bf","status":"publish","type":"post","link":"https:\/\/laprensacristiana.com\/?p=8485","title":{"rendered":"Lo m\u00e1s desgastante del coronavirus (Covid-19)\ufeff"},"content":{"rendered":"\n<p>El gobierno central de mi pa\u00eds El Salvador&nbsp;est\u00e1&nbsp;impulsando medidas&nbsp;importantes&nbsp;para sacar mayor provecho&nbsp;a&nbsp;la&nbsp;fase&nbsp;de contenci\u00f3n&nbsp;de&nbsp;la pandemia de Covid-19,&nbsp;del cual aseguran las autoridades a\u00fan no hay un caso&nbsp;comprobado&nbsp;dentro de nuestro pa\u00eds,&nbsp;algo importante de entender para&nbsp;concientizarnos&nbsp;es que el hecho que no se tenga un caso comprobado, no significa que no&nbsp;est\u00e9&nbsp;ya&nbsp;silenciosamente&nbsp;encubado&nbsp;en&nbsp;una o m\u00e1s personas&nbsp;de nuestra regi\u00f3n;&nbsp;el gobierno central ha comprometido&nbsp;su palabra&nbsp;asegurando&nbsp;que&nbsp;seremos informados en el&nbsp;instante&nbsp;mismo que&nbsp;ellos cuenten&nbsp;con&nbsp;una o m\u00e1s pruebas positivas&nbsp;de la presencia&nbsp;del virus&nbsp;en medio nuestro,&nbsp;Dios quiera que para entonces&nbsp;se tenga clara la fase de mitigaci\u00f3n.&nbsp;Entre tanto&nbsp;es importante que&nbsp;paremos o al menos minimicemos el impacto&nbsp;emocional&nbsp;presente en&nbsp;la mayor\u00eda de&nbsp;nuestra poblaci\u00f3n, que a m\u00ed parecer&nbsp;es&nbsp;lo m\u00e1s&nbsp;desgastante&nbsp;del virus.&nbsp;Me refiero al p\u00e1nico provocado&nbsp;por&nbsp;la informaci\u00f3n&nbsp;y desinformaci\u00f3n&nbsp;de la pandemia,&nbsp;este tipo de presi\u00f3n&nbsp;mental&nbsp;ha&nbsp;logrado arrebatar la paz&nbsp;y confianza&nbsp;a\u00fan de algunos&nbsp;creyentes&nbsp;del&nbsp;\u00fanico&nbsp;\u00a1Dios vivo!&nbsp;paz que&nbsp;debe de prevalecer&nbsp;en tiempo de crisis como el que estamos atravesando hoy.&nbsp;El d\u00eda de ayer,&nbsp;convers\u00e9 &nbsp;con&nbsp;una&nbsp;hermana en la fe,&nbsp;con la que por&nbsp;un tiempo&nbsp;nos congregamos&nbsp;en la misma iglesia,&nbsp;me bastaron&nbsp;unos minutos para  discernir&nbsp;el circulo de miedo y duda&nbsp;en el que ella se encontraba&nbsp;a causa&nbsp;del&nbsp;mencionado virus.&nbsp;Inmediatamente&nbsp;decid\u00ed&nbsp;interrumpirla&nbsp;y&nbsp;cambiar su punto de vista&nbsp;diciendo \u201chermana&nbsp;no ignoro&nbsp;el gigante que esta amenazando&nbsp;nuestra tierra, pero d\u00e9jeme decirle que tampoco ignoro el poder de Dios&nbsp;que puede salvarnos y&nbsp;pasarnos en seco&nbsp;en&nbsp;esta ola&nbsp;de angustia,&nbsp;recobre su&nbsp;\u00e1nimo y&nbsp;confi\u00e9&nbsp;en la voluntad de Dios que es buena, agradable y perfecta.&nbsp;Convencida estoy que&nbsp;nuestro&nbsp;Dios&nbsp;tiene el poder de&nbsp;guardar&nbsp;la vida de todos los que podamos creer en&nbsp;\u00e9l\u201d&nbsp;\u00a1como dice la palabra que debemos de creer!&nbsp;Y no&nbsp;como nosotros decidamos creer.&nbsp;La conversaci\u00f3n&nbsp;me hizo&nbsp;considerar&nbsp;la poca o nula importancia que&nbsp;algunos le est\u00e1n&nbsp;dando,&nbsp;a la oraci\u00f3n,&nbsp;lo&nbsp;que podr\u00eda ser&nbsp;por&nbsp;que&nbsp;la ven&nbsp;solo&nbsp;como&nbsp;un elemento terap\u00e9utico, olvidando que&nbsp;es el m\u00e9todo prescrito por Dios para&nbsp;comunicarnos con&nbsp;\u00e9l,&nbsp;en tiempo&nbsp;de bonanza como en tiempo de&nbsp;lucha y angustia,&nbsp;la oraci\u00f3n es la forma&nbsp;\u00f3ptima&nbsp;de drenar&nbsp;lo que nos&nbsp;preocupa y&nbsp;atemoriza.&nbsp;El ap\u00f3stol Pablo, en una de sus cartas&nbsp;escribi\u00f3&nbsp;<strong>\u201cNo se inquieten por nada; m\u00e1s bien en toda ocasi\u00f3n&nbsp;con oraci\u00f3n y ruego, presenten sus peticiones aDios&nbsp;y denle gracias.&nbsp;Y la paz de Dios que sobrepasa todo entendimiento, cuidar\u00e1 sus corazones y&nbsp;sus pensamientos en Cristo Jes\u00fas.\u201d&nbsp;<\/strong><\/p>\n\n\n\n<p>Esta&nbsp;porci\u00f3n&nbsp;de la escritura&nbsp;muestra claramente&nbsp;que antes de dejarnos consumir por la&nbsp;angustia de lo por venir,&nbsp;debemos de soltar&nbsp;nuestra ansiedad en&nbsp;la oraci\u00f3n.&nbsp;Como escrito est\u00e1:&nbsp;<strong>\u201cDepositemos en \u00e9l toda nuestra ansiedad, porque \u00e9l, tiene cuidado de nosotros,&nbsp;(1 Pedro 5:7)<\/strong><\/p>\n\n\n\n<p>De cara a&nbsp;la amenaza&nbsp;de contagio de&nbsp;este virus,&nbsp;depositar&nbsp;o soltar toda ansiedad&nbsp;en&nbsp;Dios,&nbsp;es&nbsp;una decisi\u00f3n&nbsp;propia de cada uno,&nbsp;porque nadie m\u00e1s&nbsp;puede hacerlo&nbsp;por nosotros, ya que&nbsp;es necesario&nbsp;hacerlo&nbsp;por y para nosotros,&nbsp;con plena conciencia de&nbsp;quien es Dios&nbsp;confiados de&nbsp;que&nbsp;\u00e9l har\u00e1 su parte, siempre y cuando nosotros hagamos la nuestra.&nbsp;Que adem\u00e1s de orar&nbsp;y creer&nbsp;es&nbsp;seguir las indicaciones&nbsp;de higiene&nbsp;simples&nbsp;como lavarnos frecuentemente las manos, desinfectar&nbsp;tel\u00e9fonos y \u00e1reas comunes en nuestro hogar,&nbsp;guardar distancia con las personas y de ser posible&nbsp;quedarnos en casa.&nbsp;Lo m\u00e1s peligroso&nbsp;de Covid-19,&nbsp;para los creyentes y&nbsp;para&nbsp;el mundo entero,&nbsp;es continuar&nbsp;alimentando el&nbsp;p\u00e1nico&nbsp;y&nbsp;negarnos&nbsp;a aprender a drenarlo&nbsp;en oraci\u00f3n, confiando en el poder de Dios&nbsp;y de su existencia que no depende de si creemos o no.&nbsp;De no&nbsp;ser as\u00ed&nbsp;terminaremos volcando nuestro p\u00e1nico sobre&nbsp;quienes nos rodean&nbsp;en cuenta nuestros seres amados. Lo que&nbsp;elevar\u00eda el eterno problema de&nbsp;violencia en nuestro&nbsp;pa\u00eds y el mundo entero.<\/p>\n","protected":false},"excerpt":{"rendered":"<p>El gobierno central de mi pa\u00eds El Salvador&nbsp;est\u00e1&nbsp;impulsando medidas&nbsp;importantes&nbsp;para sacar mayor provecho&nbsp;a&nbsp;la&nbsp;fase&nbsp;de contenci\u00f3n&nbsp;de&nbsp;la pandemia de Covid-19,&nbsp;del cual aseguran las autoridades a\u00fan no hay un caso&nbsp;comprobado&nbsp;dentro de nuestro pa\u00eds,&nbsp;algo importante de entender para&nbsp;concientizarnos&nbsp;es que el hecho que no se tenga un caso comprobado, no significa que no&nbsp;est\u00e9&nbsp;ya&nbsp;silenciosamente&nbsp;encubado&nbsp;en&nbsp;una o m\u00e1s personas&nbsp;de nuestra regi\u00f3n;&nbsp;el gobierno central ha comprometido&nbsp;su [&hellip;]<\/p>\n","protected":false},"author":3,"featured_media":7210,"comment_status":"open","ping_status":"open","sticky":false,"template":"","format":"standard","meta":[],"categories":[36],"tags":[],"yoast_head":"<!-- This site is optimized with the Yoast SEO plugin v20.8 - https:\/\/yoast.com\/wordpress\/plugins\/seo\/ -->\n<title>Lo m\u00e1s desgastante del coronavirus (Covid-19)\ufeff - La Prensa Cristiana<\/title>\n<meta name=\"robots\" content=\"index, follow, max-snippet:-1, max-image-preview:large, max-video-preview:-1\" \/>\n<link rel=\"canonical\" href=\"https:\/\/laprensacristiana.com\/?p=8485\" \/>\n<meta property=\"og:locale\" content=\"es_ES\" \/>\n<meta property=\"og:type\" content=\"article\" \/>\n<meta property=\"og:title\" content=\"Lo m\u00e1s desgastante del coronavirus (Covid-19)\ufeff - La Prensa Cristiana\" \/>\n<meta property=\"og:description\" content=\"El gobierno central de mi pa\u00eds El Salvador&nbsp;est\u00e1&nbsp;impulsando medidas&nbsp;importantes&nbsp;para sacar mayor provecho&nbsp;a&nbsp;la&nbsp;fase&nbsp;de contenci\u00f3n&nbsp;de&nbsp;la pandemia de Covid-19,&nbsp;del cual aseguran las autoridades a\u00fan no hay un caso&nbsp;comprobado&nbsp;dentro de nuestro pa\u00eds,&nbsp;algo importante de entender para&nbsp;concientizarnos&nbsp;es que el hecho que no se tenga un caso comprobado, no significa que no&nbsp;est\u00e9&nbsp;ya&nbsp;silenciosamente&nbsp;encubado&nbsp;en&nbsp;una o m\u00e1s personas&nbsp;de nuestra regi\u00f3n;&nbsp;el gobierno central ha comprometido&nbsp;su [&hellip;]\" \/>\n<meta property=\"og:url\" content=\"https:\/\/laprensacristiana.com\/?p=8485\" \/>\n<meta property=\"og:site_name\" content=\"La Prensa Cristiana\" \/>\n<meta property=\"article:published_time\" content=\"2020-03-18T08:00:10+00:00\" \/>\n<meta property=\"article:modified_time\" content=\"2020-07-01T19:43:58+00:00\" \/>\n<meta property=\"og:image\" content=\"https:\/\/laprensacristiana.com\/wp-content\/uploads\/2019\/10\/JULY-LPG-2017.jpg\" \/>\n\t<meta property=\"og:image:width\" content=\"1240\" \/>\n\t<meta property=\"og:image:height\" content=\"692\" \/>\n\t<meta property=\"og:image:type\" content=\"image\/jpeg\" \/>\n<meta name=\"author\" content=\"EDITOR\" \/>\n<meta name=\"twitter:card\" content=\"summary_large_image\" \/>\n<meta name=\"twitter:label1\" content=\"Escrito por\" \/>\n\t<meta name=\"twitter:data1\" content=\"EDITOR\" \/>\n\t<meta name=\"twitter:label2\" content=\"Tiempo de lectura\" \/>\n\t<meta name=\"twitter:data2\" content=\"5 minutos\" \/>\n<script type=\"application\/ld+json\" class=\"yoast-schema-graph\">{\"@context\":\"https:\/\/schema.org\",\"@graph\":[{\"@type\":\"WebPage\",\"@id\":\"https:\/\/laprensacristiana.com\/?p=8485\",\"url\":\"https:\/\/laprensacristiana.com\/?p=8485\",\"name\":\"Lo m\u00e1s desgastante del coronavirus (Covid-19)\ufeff - La Prensa Cristiana\",\"isPartOf\":{\"@id\":\"https:\/\/laprensacristiana.com\/#website\"},\"datePublished\":\"2020-03-18T08:00:10+00:00\",\"dateModified\":\"2020-07-01T19:43:58+00:00\",\"author\":{\"@id\":\"https:\/\/laprensacristiana.com\/#\/schema\/person\/3e7d82c6bfd6b1fa67010f8f7cd5256e\"},\"breadcrumb\":{\"@id\":\"https:\/\/laprensacristiana.com\/?p=8485#breadcrumb\"},\"inLanguage\":\"es\",\"potentialAction\":[{\"@type\":\"ReadAction\",\"target\":[\"https:\/\/laprensacristiana.com\/?p=8485\"]}]},{\"@type\":\"BreadcrumbList\",\"@id\":\"https:\/\/laprensacristiana.com\/?p=8485#breadcrumb\",\"itemListElement\":[{\"@type\":\"ListItem\",\"position\":1,\"name\":\"Portada\",\"item\":\"https:\/\/laprensacristiana.com\/\"},{\"@type\":\"ListItem\",\"position\":2,\"name\":\"Lo m\u00e1s desgastante del coronavirus (Covid-19)\ufeff\"}]},{\"@type\":\"WebSite\",\"@id\":\"https:\/\/laprensacristiana.com\/#website\",\"url\":\"https:\/\/laprensacristiana.com\/\",\"name\":\"La Prensa Cristiana\",\"description\":\"Anunciando Las Buenas Nuevas\",\"potentialAction\":[{\"@type\":\"SearchAction\",\"target\":{\"@type\":\"EntryPoint\",\"urlTemplate\":\"https:\/\/laprensacristiana.com\/?s={search_term_string}\"},\"query-input\":\"required name=search_term_string\"}],\"inLanguage\":\"es\"},{\"@type\":\"Person\",\"@id\":\"https:\/\/laprensacristiana.com\/#\/schema\/person\/3e7d82c6bfd6b1fa67010f8f7cd5256e\",\"name\":\"EDITOR\",\"image\":{\"@type\":\"ImageObject\",\"inLanguage\":\"es\",\"@id\":\"https:\/\/laprensacristiana.com\/#\/schema\/person\/image\/\",\"url\":\"https:\/\/secure.gravatar.com\/avatar\/72069dfb6c13772d9e8381e3638666d2?s=96&d=mm&r=g\",\"contentUrl\":\"https:\/\/secure.gravatar.com\/avatar\/72069dfb6c13772d9e8381e3638666d2?s=96&d=mm&r=g\",\"caption\":\"EDITOR\"},\"url\":\"https:\/\/laprensacristiana.com\/?author=3\"}]}<\/script>\n<!-- \/ Yoast SEO plugin. -->","yoast_head_json":{"title":"Lo m\u00e1s desgastante del coronavirus (Covid-19)\ufeff - La Prensa Cristiana","robots":{"index":"index","follow":"follow","max-snippet":"max-snippet:-1","max-image-preview":"max-image-preview:large","max-video-preview":"max-video-preview:-1"},"canonical":"https:\/\/laprensacristiana.com\/?p=8485","og_locale":"es_ES","og_type":"article","og_title":"Lo m\u00e1s desgastante del coronavirus (Covid-19)\ufeff - La Prensa Cristiana","og_description":"El gobierno central de mi pa\u00eds El Salvador&nbsp;est\u00e1&nbsp;impulsando medidas&nbsp;importantes&nbsp;para sacar mayor provecho&nbsp;a&nbsp;la&nbsp;fase&nbsp;de contenci\u00f3n&nbsp;de&nbsp;la pandemia de Covid-19,&nbsp;del cual aseguran las autoridades a\u00fan no hay un caso&nbsp;comprobado&nbsp;dentro de nuestro pa\u00eds,&nbsp;algo importante de entender para&nbsp;concientizarnos&nbsp;es que el hecho que no se tenga un caso comprobado, no significa que no&nbsp;est\u00e9&nbsp;ya&nbsp;silenciosamente&nbsp;encubado&nbsp;en&nbsp;una o m\u00e1s personas&nbsp;de nuestra regi\u00f3n;&nbsp;el gobierno central ha comprometido&nbsp;su [&hellip;]","og_url":"https:\/\/laprensacristiana.com\/?p=8485","og_site_name":"La Prensa Cristiana","article_published_time":"2020-03-18T08:00:10+00:00","article_modified_time":"2020-07-01T19:43:58+00:00","og_image":[{"width":1240,"height":692,"url":"https:\/\/laprensacristiana.com\/wp-content\/uploads\/2019\/10\/JULY-LPG-2017.jpg","type":"image\/jpeg"}],"author":"EDITOR","twitter_card":"summary_large_image","twitter_misc":{"Escrito por":"EDITOR","Tiempo de lectura":"5 minutos"},"schema":{"@context":"https:\/\/schema.org","@graph":[{"@type":"WebPage","@id":"https:\/\/laprensacristiana.com\/?p=8485","url":"https:\/\/laprensacristiana.com\/?p=8485","name":"Lo m\u00e1s desgastante del coronavirus (Covid-19)\ufeff - La Prensa Cristiana","isPartOf":{"@id":"https:\/\/laprensacristiana.com\/#website"},"datePublished":"2020-03-18T08:00:10+00:00","dateModified":"2020-07-01T19:43:58+00:00","author":{"@id":"https:\/\/laprensacristiana.com\/#\/schema\/person\/3e7d82c6bfd6b1fa67010f8f7cd5256e"},"breadcrumb":{"@id":"https:\/\/laprensacristiana.com\/?p=8485#breadcrumb"},"inLanguage":"es","potentialAction":[{"@type":"ReadAction","target":["https:\/\/laprensacristiana.com\/?p=8485"]}]},{"@type":"BreadcrumbList","@id":"https:\/\/laprensacristiana.com\/?p=8485#breadcrumb","itemListElement":[{"@type":"ListItem","position":1,"name":"Portada","item":"https:\/\/laprensacristiana.com\/"},{"@type":"ListItem","position":2,"name":"Lo m\u00e1s desgastante del coronavirus (Covid-19)\ufeff"}]},{"@type":"WebSite","@id":"https:\/\/laprensacristiana.com\/#website","url":"https:\/\/laprensacristiana.com\/","name":"La Prensa Cristiana","description":"Anunciando Las Buenas Nuevas","potentialAction":[{"@type":"SearchAction","target":{"@type":"EntryPoint","urlTemplate":"https:\/\/laprensacristiana.com\/?s={search_term_string}"},"query-input":"required name=search_term_string"}],"inLanguage":"es"},{"@type":"Person","@id":"https:\/\/laprensacristiana.com\/#\/schema\/person\/3e7d82c6bfd6b1fa67010f8f7cd5256e","name":"EDITOR","image":{"@type":"ImageObject","inLanguage":"es","@id":"https:\/\/laprensacristiana.com\/#\/schema\/person\/image\/","url":"https:\/\/secure.gravatar.com\/avatar\/72069dfb6c13772d9e8381e3638666d2?s=96&d=mm&r=g","contentUrl":"https:\/\/secure.gravatar.com\/avatar\/72069dfb6c13772d9e8381e3638666d2?s=96&d=mm&r=g","caption":"EDITOR"},"url":"https:\/\/laprensacristiana.com\/?author=3"}]}},"_links":{"self":[{"href":"https:\/\/laprensacristiana.com\/index.php?rest_route=\/wp\/v2\/posts\/8485"}],"collection":[{"href":"https:\/\/laprensacristiana.com\/index.php?rest_route=\/wp\/v2\/posts"}],"about":[{"href":"https:\/\/laprensacristiana.com\/index.php?rest_route=\/wp\/v2\/types\/post"}],"author":[{"embeddable":true,"href":"https:\/\/laprensacristiana.com\/index.php?rest_route=\/wp\/v2\/users\/3"}],"replies":[{"embeddable":true,"href":"https:\/\/laprensacristiana.com\/index.php?rest_route=%2Fwp%2Fv2%2Fcomments&post=8485"}],"version-history":[{"count":2,"href":"https:\/\/laprensacristiana.com\/index.php?rest_route=\/wp\/v2\/posts\/8485\/revisions"}],"predecessor-version":[{"id":8487,"href":"https:\/\/laprensacristiana.com\/index.php?rest_route=\/wp\/v2\/posts\/8485\/revisions\/8487"}],"wp:featuredmedia":[{"embeddable":true,"href":"https:\/\/laprensacristiana.com\/index.php?rest_route=\/wp\/v2\/media\/7210"}],"wp:attachment":[{"href":"https:\/\/laprensacristiana.com\/index.php?rest_route=%2Fwp%2Fv2%2Fmedia&parent=8485"}],"wp:term":[{"taxonomy":"category","embeddable":true,"href":"https:\/\/laprensacristiana.com\/index.php?rest_route=%2Fwp%2Fv2%2Fcategories&post=8485"},{"taxonomy":"post_tag","embeddable":true,"href":"https:\/\/laprensacristiana.com\/index.php?rest_route=%2Fwp%2Fv2%2Ftags&post=8485"}],"curies":[{"name":"wp","href":"https:\/\/api.w.org\/{rel}","templated":true}]}}