{"id":8496,"date":"2020-03-18T22:49:36","date_gmt":"2020-03-18T22:49:36","guid":{"rendered":"https:\/\/laprensacristiana.com\/?p=8496"},"modified":"2020-03-18T22:49:39","modified_gmt":"2020-03-18T22:49:39","slug":"liceo-cristiano-rev-juan-bueno-lanza-devocionales-life","status":"publish","type":"post","link":"https:\/\/laprensacristiana.com\/?p=8496","title":{"rendered":"Liceo Cristiano \u00abRev. Juan Bueno\u00bb lanza devocionales life"},"content":{"rendered":"\n<p>Como una respuesta para llevar aliento y esperanza el Liceo Cristiano Reverendo Juan Bueno ha realizado una propuesta de devocionales en l\u00ednea a trav\u00e9s de la red social Facebook.<\/p>\n\n\n\n<p>\u00abEsta iniciativa surge de la necesidad de seguirles predicando a nuestros estudiantes en este momento de cuarentena , para muchos de nuestros estudiantes los devocionales del colegio es el \u00fanico lugar donde escuchan la palabra de Dios , de hecho cuando uno les pregunta \u00bfdonde te congregas ? Ellos dicen en el devocional del colegio\u00bb. Expres\u00f3 el Licenciado Ram\u00f3n Valle, Director espiritual de los Liceos Cristianos.<\/p>\n\n\n\n<p>En ese sentido el devocional tiene una duraci\u00f3n de 45 minutos y pretende llevar alabanza, palabra y vida. <br>\nPor d\u00eda el devocional tiene un invitado diferente, Pablo Rosales, Cilinia Bueno, Ramon Valle, Julio Valencia, Thrazo, Herberth Quintanilla y Alex P\u00e9rez.<\/p>\n\n\n\n<p>Las fechas en las que est\u00e1n transmitiendo son: 17,18, 20, 23, 25, 27, 30 de marzo y el 01 y 03 de abril, en el horario de 10:00 a 10:45 de la ma\u00f1ana, todo esto a trav\u00e9s de las fanpage: Liceo Cristiano \u00abReverendo Juan Bueno\u00bb Oficial. Tambi\u00e9n en S\u00faper Recreo Radio y en ImpulsoLC.<\/p>\n\n\n\n<figure class=\"wp-block-image\"><img decoding=\"async\" loading=\"lazy\" width=\"834\" height=\"1024\" src=\"https:\/\/laprensacristiana.com\/wp-content\/uploads\/2020\/03\/SAVE_20200318_164721-834x1024.jpg\" alt=\"\" class=\"wp-image-8497\" srcset=\"https:\/\/laprensacristiana.com\/wp-content\/uploads\/2020\/03\/SAVE_20200318_164721-834x1024.jpg 834w, https:\/\/laprensacristiana.com\/wp-content\/uploads\/2020\/03\/SAVE_20200318_164721-244x300.jpg 244w, https:\/\/laprensacristiana.com\/wp-content\/uploads\/2020\/03\/SAVE_20200318_164721-768x943.jpg 768w, https:\/\/laprensacristiana.com\/wp-content\/uploads\/2020\/03\/SAVE_20200318_164721-696x854.jpg 696w, https:\/\/laprensacristiana.com\/wp-content\/uploads\/2020\/03\/SAVE_20200318_164721-342x420.jpg 342w, https:\/\/laprensacristiana.com\/wp-content\/uploads\/2020\/03\/SAVE_20200318_164721-600x736.jpg 600w, https:\/\/laprensacristiana.com\/wp-content\/uploads\/2020\/03\/SAVE_20200318_164721.jpg 1043w\" sizes=\"(max-width: 834px) 100vw, 834px\" \/><\/figure>\n","protected":false},"excerpt":{"rendered":"<p>Como una respuesta para llevar aliento y esperanza el Liceo Cristiano Reverendo Juan Bueno ha realizado una propuesta de devocionales en l\u00ednea a trav\u00e9s de la red social Facebook. \u00abEsta iniciativa surge de la necesidad de seguirles predicando a nuestros estudiantes en este momento de cuarentena , para muchos de nuestros estudiantes los devocionales del [&hellip;]<\/p>\n","protected":false},"author":3,"featured_media":8498,"comment_status":"open","ping_status":"open","sticky":false,"template":"","format":"standard","meta":[],"categories":[56],"tags":[],"yoast_head":"<!-- This site is optimized with the Yoast SEO plugin v20.8 - https:\/\/yoast.com\/wordpress\/plugins\/seo\/ -->\n<title>Liceo Cristiano &quot;Rev. Juan Bueno&quot; lanza devocionales life - La Prensa Cristiana<\/title>\n<meta name=\"robots\" content=\"index, follow, max-snippet:-1, max-image-preview:large, max-video-preview:-1\" \/>\n<link rel=\"canonical\" href=\"https:\/\/laprensacristiana.com\/?p=8496\" \/>\n<meta property=\"og:locale\" content=\"es_ES\" \/>\n<meta property=\"og:type\" content=\"article\" \/>\n<meta property=\"og:title\" content=\"Liceo Cristiano &quot;Rev. Juan Bueno&quot; lanza devocionales life - La Prensa Cristiana\" \/>\n<meta property=\"og:description\" content=\"Como una respuesta para llevar aliento y esperanza el Liceo Cristiano Reverendo Juan Bueno ha realizado una propuesta de devocionales en l\u00ednea a trav\u00e9s de la red social Facebook. \u00abEsta iniciativa surge de la necesidad de seguirles predicando a nuestros estudiantes en este momento de cuarentena , para muchos de nuestros estudiantes los devocionales del [&hellip;]\" \/>\n<meta property=\"og:url\" content=\"https:\/\/laprensacristiana.com\/?p=8496\" \/>\n<meta property=\"og:site_name\" content=\"La Prensa Cristiana\" \/>\n<meta property=\"article:published_time\" content=\"2020-03-18T22:49:36+00:00\" \/>\n<meta property=\"article:modified_time\" content=\"2020-03-18T22:49:39+00:00\" \/>\n<meta property=\"og:image\" content=\"https:\/\/laprensacristiana.com\/wp-content\/uploads\/2020\/03\/SAVE_20200318_164849.jpg\" \/>\n\t<meta property=\"og:image:width\" content=\"719\" \/>\n\t<meta property=\"og:image:height\" content=\"417\" \/>\n\t<meta property=\"og:image:type\" content=\"image\/jpeg\" \/>\n<meta name=\"author\" content=\"EDITOR\" \/>\n<meta name=\"twitter:card\" content=\"summary_large_image\" \/>\n<meta name=\"twitter:label1\" content=\"Escrito por\" \/>\n\t<meta name=\"twitter:data1\" content=\"EDITOR\" \/>\n\t<meta name=\"twitter:label2\" content=\"Tiempo de lectura\" \/>\n\t<meta name=\"twitter:data2\" content=\"1 minuto\" \/>\n<script type=\"application\/ld+json\" class=\"yoast-schema-graph\">{\"@context\":\"https:\/\/schema.org\",\"@graph\":[{\"@type\":\"WebPage\",\"@id\":\"https:\/\/laprensacristiana.com\/?p=8496\",\"url\":\"https:\/\/laprensacristiana.com\/?p=8496\",\"name\":\"Liceo Cristiano \\\"Rev. Juan Bueno\\\" lanza devocionales life - La Prensa Cristiana\",\"isPartOf\":{\"@id\":\"https:\/\/laprensacristiana.com\/#website\"},\"datePublished\":\"2020-03-18T22:49:36+00:00\",\"dateModified\":\"2020-03-18T22:49:39+00:00\",\"author\":{\"@id\":\"https:\/\/laprensacristiana.com\/#\/schema\/person\/3e7d82c6bfd6b1fa67010f8f7cd5256e\"},\"breadcrumb\":{\"@id\":\"https:\/\/laprensacristiana.com\/?p=8496#breadcrumb\"},\"inLanguage\":\"es\",\"potentialAction\":[{\"@type\":\"ReadAction\",\"target\":[\"https:\/\/laprensacristiana.com\/?p=8496\"]}]},{\"@type\":\"BreadcrumbList\",\"@id\":\"https:\/\/laprensacristiana.com\/?p=8496#breadcrumb\",\"itemListElement\":[{\"@type\":\"ListItem\",\"position\":1,\"name\":\"Portada\",\"item\":\"https:\/\/laprensacristiana.com\/\"},{\"@type\":\"ListItem\",\"position\":2,\"name\":\"Liceo Cristiano \u00abRev. Juan Bueno\u00bb lanza devocionales life\"}]},{\"@type\":\"WebSite\",\"@id\":\"https:\/\/laprensacristiana.com\/#website\",\"url\":\"https:\/\/laprensacristiana.com\/\",\"name\":\"La Prensa Cristiana\",\"description\":\"Anunciando Las Buenas Nuevas\",\"potentialAction\":[{\"@type\":\"SearchAction\",\"target\":{\"@type\":\"EntryPoint\",\"urlTemplate\":\"https:\/\/laprensacristiana.com\/?s={search_term_string}\"},\"query-input\":\"required name=search_term_string\"}],\"inLanguage\":\"es\"},{\"@type\":\"Person\",\"@id\":\"https:\/\/laprensacristiana.com\/#\/schema\/person\/3e7d82c6bfd6b1fa67010f8f7cd5256e\",\"name\":\"EDITOR\",\"image\":{\"@type\":\"ImageObject\",\"inLanguage\":\"es\",\"@id\":\"https:\/\/laprensacristiana.com\/#\/schema\/person\/image\/\",\"url\":\"https:\/\/secure.gravatar.com\/avatar\/72069dfb6c13772d9e8381e3638666d2?s=96&d=mm&r=g\",\"contentUrl\":\"https:\/\/secure.gravatar.com\/avatar\/72069dfb6c13772d9e8381e3638666d2?s=96&d=mm&r=g\",\"caption\":\"EDITOR\"},\"url\":\"https:\/\/laprensacristiana.com\/?author=3\"}]}<\/script>\n<!-- \/ Yoast SEO plugin. -->","yoast_head_json":{"title":"Liceo Cristiano \"Rev. Juan Bueno\" lanza devocionales life - La Prensa Cristiana","robots":{"index":"index","follow":"follow","max-snippet":"max-snippet:-1","max-image-preview":"max-image-preview:large","max-video-preview":"max-video-preview:-1"},"canonical":"https:\/\/laprensacristiana.com\/?p=8496","og_locale":"es_ES","og_type":"article","og_title":"Liceo Cristiano \"Rev. Juan Bueno\" lanza devocionales life - La Prensa Cristiana","og_description":"Como una respuesta para llevar aliento y esperanza el Liceo Cristiano Reverendo Juan Bueno ha realizado una propuesta de devocionales en l\u00ednea a trav\u00e9s de la red social Facebook. \u00abEsta iniciativa surge de la necesidad de seguirles predicando a nuestros estudiantes en este momento de cuarentena , para muchos de nuestros estudiantes los devocionales del [&hellip;]","og_url":"https:\/\/laprensacristiana.com\/?p=8496","og_site_name":"La Prensa Cristiana","article_published_time":"2020-03-18T22:49:36+00:00","article_modified_time":"2020-03-18T22:49:39+00:00","og_image":[{"width":719,"height":417,"url":"https:\/\/laprensacristiana.com\/wp-content\/uploads\/2020\/03\/SAVE_20200318_164849.jpg","type":"image\/jpeg"}],"author":"EDITOR","twitter_card":"summary_large_image","twitter_misc":{"Escrito por":"EDITOR","Tiempo de lectura":"1 minuto"},"schema":{"@context":"https:\/\/schema.org","@graph":[{"@type":"WebPage","@id":"https:\/\/laprensacristiana.com\/?p=8496","url":"https:\/\/laprensacristiana.com\/?p=8496","name":"Liceo Cristiano \"Rev. Juan Bueno\" lanza devocionales life - La Prensa Cristiana","isPartOf":{"@id":"https:\/\/laprensacristiana.com\/#website"},"datePublished":"2020-03-18T22:49:36+00:00","dateModified":"2020-03-18T22:49:39+00:00","author":{"@id":"https:\/\/laprensacristiana.com\/#\/schema\/person\/3e7d82c6bfd6b1fa67010f8f7cd5256e"},"breadcrumb":{"@id":"https:\/\/laprensacristiana.com\/?p=8496#breadcrumb"},"inLanguage":"es","potentialAction":[{"@type":"ReadAction","target":["https:\/\/laprensacristiana.com\/?p=8496"]}]},{"@type":"BreadcrumbList","@id":"https:\/\/laprensacristiana.com\/?p=8496#breadcrumb","itemListElement":[{"@type":"ListItem","position":1,"name":"Portada","item":"https:\/\/laprensacristiana.com\/"},{"@type":"ListItem","position":2,"name":"Liceo Cristiano \u00abRev. Juan Bueno\u00bb lanza devocionales life"}]},{"@type":"WebSite","@id":"https:\/\/laprensacristiana.com\/#website","url":"https:\/\/laprensacristiana.com\/","name":"La Prensa Cristiana","description":"Anunciando Las Buenas Nuevas","potentialAction":[{"@type":"SearchAction","target":{"@type":"EntryPoint","urlTemplate":"https:\/\/laprensacristiana.com\/?s={search_term_string}"},"query-input":"required name=search_term_string"}],"inLanguage":"es"},{"@type":"Person","@id":"https:\/\/laprensacristiana.com\/#\/schema\/person\/3e7d82c6bfd6b1fa67010f8f7cd5256e","name":"EDITOR","image":{"@type":"ImageObject","inLanguage":"es","@id":"https:\/\/laprensacristiana.com\/#\/schema\/person\/image\/","url":"https:\/\/secure.gravatar.com\/avatar\/72069dfb6c13772d9e8381e3638666d2?s=96&d=mm&r=g","contentUrl":"https:\/\/secure.gravatar.com\/avatar\/72069dfb6c13772d9e8381e3638666d2?s=96&d=mm&r=g","caption":"EDITOR"},"url":"https:\/\/laprensacristiana.com\/?author=3"}]}},"_links":{"self":[{"href":"https:\/\/laprensacristiana.com\/index.php?rest_route=\/wp\/v2\/posts\/8496"}],"collection":[{"href":"https:\/\/laprensacristiana.com\/index.php?rest_route=\/wp\/v2\/posts"}],"about":[{"href":"https:\/\/laprensacristiana.com\/index.php?rest_route=\/wp\/v2\/types\/post"}],"author":[{"embeddable":true,"href":"https:\/\/laprensacristiana.com\/index.php?rest_route=\/wp\/v2\/users\/3"}],"replies":[{"embeddable":true,"href":"https:\/\/laprensacristiana.com\/index.php?rest_route=%2Fwp%2Fv2%2Fcomments&post=8496"}],"version-history":[{"count":1,"href":"https:\/\/laprensacristiana.com\/index.php?rest_route=\/wp\/v2\/posts\/8496\/revisions"}],"predecessor-version":[{"id":8499,"href":"https:\/\/laprensacristiana.com\/index.php?rest_route=\/wp\/v2\/posts\/8496\/revisions\/8499"}],"wp:featuredmedia":[{"embeddable":true,"href":"https:\/\/laprensacristiana.com\/index.php?rest_route=\/wp\/v2\/media\/8498"}],"wp:attachment":[{"href":"https:\/\/laprensacristiana.com\/index.php?rest_route=%2Fwp%2Fv2%2Fmedia&parent=8496"}],"wp:term":[{"taxonomy":"category","embeddable":true,"href":"https:\/\/laprensacristiana.com\/index.php?rest_route=%2Fwp%2Fv2%2Fcategories&post=8496"},{"taxonomy":"post_tag","embeddable":true,"href":"https:\/\/laprensacristiana.com\/index.php?rest_route=%2Fwp%2Fv2%2Ftags&post=8496"}],"curies":[{"name":"wp","href":"https:\/\/api.w.org\/{rel}","templated":true}]}}