{"id":8540,"date":"2020-03-21T14:44:59","date_gmt":"2020-03-21T14:44:59","guid":{"rendered":"https:\/\/laprensacristiana.com\/?p=8540"},"modified":"2020-03-21T14:45:02","modified_gmt":"2020-03-21T14:45:02","slug":"reunion-de-oracion-por-el-salvador-online-una-nueva-opcion","status":"publish","type":"post","link":"https:\/\/laprensacristiana.com\/?p=8540","title":{"rendered":"Reuni\u00f3n de oraci\u00f3n por El Salvador Online, una nueva opci\u00f3n"},"content":{"rendered":"\n<p>El ministerio By Grace nace como un movimiento de j\u00f3venes que aman a Jes\u00fas, fundamentado en tres pilares principales: adoraci\u00f3n, evangelismo creativo y proyecci\u00f3n social. <\/p>\n\n\n\n<p>Se re\u00fanen en lugares p\u00fablicos de El Salvador para adorar a Dios, acompa\u00f1ado de un evangelismo creativo ya que utilizan el arte, la m\u00fasica, la danza, el dise\u00f1o y cualquier otra forma de expresi\u00f3n artistica para atraer a otros.<\/p>\n\n\n\n<p>Cabe destacar que By Grace no es una iglesia.<\/p>\n\n\n\n<p>En esta ocasi\u00f3n suman esfuerzos para interceder por la situaci\u00f3n que atraviesa El Salvador debido a la pandemia del COVID-19, y el mundo en general, c\u00f3mo movimiento han creado equipos de oraci\u00f3n y han habilitado algunos horarios para todo aquel que quiera formar parte de el.<\/p>\n\n\n\n<p> <br>\nLas modalidades disponibles son:<br>\n&nbsp;&nbsp; <\/p>\n\n\n\n<p>&#x1f539;A trav\u00e9s de la aplicaci\u00f3n&nbsp; Zoom: En los horarios 6:00 AM; 2:00 PM; 8:00 PM Y 10:30 PM, accede con el siguiente c\u00f3digo: 212-160-6908<\/p>\n\n\n\n<p>&#x1f539;Facebook: Tambi\u00e9n puede compartir&nbsp; en el grupo oficial del ministerio lo que Dios ha estado hablando a su coraz\u00f3n en los tiempos de oraci\u00f3n.<\/p>\n\n\n\n<p>Puede ingresar: <a href=\"https:\/\/www.facebook.com\/groups\/652701751964414\/?source_id=334634477002743\">https:\/\/www.facebook.com\/groups\/652701751964414\/?source_id=334634477002743<\/a>&nbsp; <\/p>\n\n\n\n<p>By Grace espera que muchas familias, j\u00f3venes y adultos puedan unirse a esta cadena de oraci\u00f3n en los diferentes horarios disponibles, los templos se encuentran cerrados pero este movimiento presenta una opci\u00f3n virtual para unir al pueblo evang\u00e9lico no importante la iglesia o denominaci\u00f3n.<\/p>\n\n\n\n<figure class=\"wp-block-image\"><img decoding=\"async\" loading=\"lazy\" width=\"1024\" height=\"1024\" src=\"https:\/\/laprensacristiana.com\/wp-content\/uploads\/2020\/03\/SAVE_20200320_195513-3-1024x1024.jpg\" alt=\"\" class=\"wp-image-8539\" srcset=\"https:\/\/laprensacristiana.com\/wp-content\/uploads\/2020\/03\/SAVE_20200320_195513-3-1024x1024.jpg 1024w, https:\/\/laprensacristiana.com\/wp-content\/uploads\/2020\/03\/SAVE_20200320_195513-3-150x150.jpg 150w, https:\/\/laprensacristiana.com\/wp-content\/uploads\/2020\/03\/SAVE_20200320_195513-3-300x300.jpg 300w, https:\/\/laprensacristiana.com\/wp-content\/uploads\/2020\/03\/SAVE_20200320_195513-3-768x768.jpg 768w, https:\/\/laprensacristiana.com\/wp-content\/uploads\/2020\/03\/SAVE_20200320_195513-3-696x696.jpg 696w, https:\/\/laprensacristiana.com\/wp-content\/uploads\/2020\/03\/SAVE_20200320_195513-3-1068x1068.jpg 1068w, https:\/\/laprensacristiana.com\/wp-content\/uploads\/2020\/03\/SAVE_20200320_195513-3-420x420.jpg 420w, https:\/\/laprensacristiana.com\/wp-content\/uploads\/2020\/03\/SAVE_20200320_195513-3-600x600.jpg 600w, https:\/\/laprensacristiana.com\/wp-content\/uploads\/2020\/03\/SAVE_20200320_195513-3-100x100.jpg 100w, https:\/\/laprensacristiana.com\/wp-content\/uploads\/2020\/03\/SAVE_20200320_195513-3.jpg 1280w\" sizes=\"(max-width: 1024px) 100vw, 1024px\" \/><\/figure>\n","protected":false},"excerpt":{"rendered":"<p>El ministerio By Grace nace como un movimiento de j\u00f3venes que aman a Jes\u00fas, fundamentado en tres pilares principales: adoraci\u00f3n, evangelismo creativo y proyecci\u00f3n social. Se re\u00fanen en lugares p\u00fablicos de El Salvador para adorar a Dios, acompa\u00f1ado de un evangelismo creativo ya que utilizan el arte, la m\u00fasica, la danza, el dise\u00f1o y cualquier [&hellip;]<\/p>\n","protected":false},"author":3,"featured_media":8541,"comment_status":"open","ping_status":"open","sticky":false,"template":"","format":"standard","meta":[],"categories":[56],"tags":[],"yoast_head":"<!-- This site is optimized with the Yoast SEO plugin v20.8 - https:\/\/yoast.com\/wordpress\/plugins\/seo\/ -->\n<title>Reuni\u00f3n de oraci\u00f3n por El Salvador Online, una nueva opci\u00f3n - La Prensa Cristiana<\/title>\n<meta name=\"robots\" content=\"index, follow, max-snippet:-1, max-image-preview:large, max-video-preview:-1\" \/>\n<link rel=\"canonical\" href=\"https:\/\/laprensacristiana.com\/?p=8540\" \/>\n<meta property=\"og:locale\" content=\"es_ES\" \/>\n<meta property=\"og:type\" content=\"article\" \/>\n<meta property=\"og:title\" content=\"Reuni\u00f3n de oraci\u00f3n por El Salvador Online, una nueva opci\u00f3n - La Prensa Cristiana\" \/>\n<meta property=\"og:description\" content=\"El ministerio By Grace nace como un movimiento de j\u00f3venes que aman a Jes\u00fas, fundamentado en tres pilares principales: adoraci\u00f3n, evangelismo creativo y proyecci\u00f3n social. Se re\u00fanen en lugares p\u00fablicos de El Salvador para adorar a Dios, acompa\u00f1ado de un evangelismo creativo ya que utilizan el arte, la m\u00fasica, la danza, el dise\u00f1o y cualquier [&hellip;]\" \/>\n<meta property=\"og:url\" content=\"https:\/\/laprensacristiana.com\/?p=8540\" \/>\n<meta property=\"og:site_name\" content=\"La Prensa Cristiana\" \/>\n<meta property=\"article:published_time\" content=\"2020-03-21T14:44:59+00:00\" \/>\n<meta property=\"article:modified_time\" content=\"2020-03-21T14:45:02+00:00\" \/>\n<meta property=\"og:image\" content=\"https:\/\/laprensacristiana.com\/wp-content\/uploads\/2020\/03\/IMG-20200320-WA0061.jpg\" \/>\n\t<meta property=\"og:image:width\" content=\"720\" \/>\n\t<meta property=\"og:image:height\" content=\"479\" \/>\n\t<meta property=\"og:image:type\" content=\"image\/jpeg\" \/>\n<meta name=\"author\" content=\"EDITOR\" \/>\n<meta name=\"twitter:card\" content=\"summary_large_image\" \/>\n<meta name=\"twitter:label1\" content=\"Escrito por\" \/>\n\t<meta name=\"twitter:data1\" content=\"EDITOR\" \/>\n\t<meta name=\"twitter:label2\" content=\"Tiempo de lectura\" \/>\n\t<meta name=\"twitter:data2\" content=\"1 minuto\" \/>\n<script type=\"application\/ld+json\" class=\"yoast-schema-graph\">{\"@context\":\"https:\/\/schema.org\",\"@graph\":[{\"@type\":\"WebPage\",\"@id\":\"https:\/\/laprensacristiana.com\/?p=8540\",\"url\":\"https:\/\/laprensacristiana.com\/?p=8540\",\"name\":\"Reuni\u00f3n de oraci\u00f3n por El Salvador Online, una nueva opci\u00f3n - La Prensa Cristiana\",\"isPartOf\":{\"@id\":\"https:\/\/laprensacristiana.com\/#website\"},\"datePublished\":\"2020-03-21T14:44:59+00:00\",\"dateModified\":\"2020-03-21T14:45:02+00:00\",\"author\":{\"@id\":\"https:\/\/laprensacristiana.com\/#\/schema\/person\/3e7d82c6bfd6b1fa67010f8f7cd5256e\"},\"breadcrumb\":{\"@id\":\"https:\/\/laprensacristiana.com\/?p=8540#breadcrumb\"},\"inLanguage\":\"es\",\"potentialAction\":[{\"@type\":\"ReadAction\",\"target\":[\"https:\/\/laprensacristiana.com\/?p=8540\"]}]},{\"@type\":\"BreadcrumbList\",\"@id\":\"https:\/\/laprensacristiana.com\/?p=8540#breadcrumb\",\"itemListElement\":[{\"@type\":\"ListItem\",\"position\":1,\"name\":\"Portada\",\"item\":\"https:\/\/laprensacristiana.com\/\"},{\"@type\":\"ListItem\",\"position\":2,\"name\":\"Reuni\u00f3n de oraci\u00f3n por El Salvador Online, una nueva opci\u00f3n\"}]},{\"@type\":\"WebSite\",\"@id\":\"https:\/\/laprensacristiana.com\/#website\",\"url\":\"https:\/\/laprensacristiana.com\/\",\"name\":\"La Prensa Cristiana\",\"description\":\"Anunciando Las Buenas Nuevas\",\"potentialAction\":[{\"@type\":\"SearchAction\",\"target\":{\"@type\":\"EntryPoint\",\"urlTemplate\":\"https:\/\/laprensacristiana.com\/?s={search_term_string}\"},\"query-input\":\"required name=search_term_string\"}],\"inLanguage\":\"es\"},{\"@type\":\"Person\",\"@id\":\"https:\/\/laprensacristiana.com\/#\/schema\/person\/3e7d82c6bfd6b1fa67010f8f7cd5256e\",\"name\":\"EDITOR\",\"image\":{\"@type\":\"ImageObject\",\"inLanguage\":\"es\",\"@id\":\"https:\/\/laprensacristiana.com\/#\/schema\/person\/image\/\",\"url\":\"https:\/\/secure.gravatar.com\/avatar\/72069dfb6c13772d9e8381e3638666d2?s=96&d=mm&r=g\",\"contentUrl\":\"https:\/\/secure.gravatar.com\/avatar\/72069dfb6c13772d9e8381e3638666d2?s=96&d=mm&r=g\",\"caption\":\"EDITOR\"},\"url\":\"https:\/\/laprensacristiana.com\/?author=3\"}]}<\/script>\n<!-- \/ Yoast SEO plugin. -->","yoast_head_json":{"title":"Reuni\u00f3n de oraci\u00f3n por El Salvador Online, una nueva opci\u00f3n - La Prensa Cristiana","robots":{"index":"index","follow":"follow","max-snippet":"max-snippet:-1","max-image-preview":"max-image-preview:large","max-video-preview":"max-video-preview:-1"},"canonical":"https:\/\/laprensacristiana.com\/?p=8540","og_locale":"es_ES","og_type":"article","og_title":"Reuni\u00f3n de oraci\u00f3n por El Salvador Online, una nueva opci\u00f3n - La Prensa Cristiana","og_description":"El ministerio By Grace nace como un movimiento de j\u00f3venes que aman a Jes\u00fas, fundamentado en tres pilares principales: adoraci\u00f3n, evangelismo creativo y proyecci\u00f3n social. Se re\u00fanen en lugares p\u00fablicos de El Salvador para adorar a Dios, acompa\u00f1ado de un evangelismo creativo ya que utilizan el arte, la m\u00fasica, la danza, el dise\u00f1o y cualquier [&hellip;]","og_url":"https:\/\/laprensacristiana.com\/?p=8540","og_site_name":"La Prensa Cristiana","article_published_time":"2020-03-21T14:44:59+00:00","article_modified_time":"2020-03-21T14:45:02+00:00","og_image":[{"width":720,"height":479,"url":"https:\/\/laprensacristiana.com\/wp-content\/uploads\/2020\/03\/IMG-20200320-WA0061.jpg","type":"image\/jpeg"}],"author":"EDITOR","twitter_card":"summary_large_image","twitter_misc":{"Escrito por":"EDITOR","Tiempo de lectura":"1 minuto"},"schema":{"@context":"https:\/\/schema.org","@graph":[{"@type":"WebPage","@id":"https:\/\/laprensacristiana.com\/?p=8540","url":"https:\/\/laprensacristiana.com\/?p=8540","name":"Reuni\u00f3n de oraci\u00f3n por El Salvador Online, una nueva opci\u00f3n - La Prensa Cristiana","isPartOf":{"@id":"https:\/\/laprensacristiana.com\/#website"},"datePublished":"2020-03-21T14:44:59+00:00","dateModified":"2020-03-21T14:45:02+00:00","author":{"@id":"https:\/\/laprensacristiana.com\/#\/schema\/person\/3e7d82c6bfd6b1fa67010f8f7cd5256e"},"breadcrumb":{"@id":"https:\/\/laprensacristiana.com\/?p=8540#breadcrumb"},"inLanguage":"es","potentialAction":[{"@type":"ReadAction","target":["https:\/\/laprensacristiana.com\/?p=8540"]}]},{"@type":"BreadcrumbList","@id":"https:\/\/laprensacristiana.com\/?p=8540#breadcrumb","itemListElement":[{"@type":"ListItem","position":1,"name":"Portada","item":"https:\/\/laprensacristiana.com\/"},{"@type":"ListItem","position":2,"name":"Reuni\u00f3n de oraci\u00f3n por El Salvador Online, una nueva opci\u00f3n"}]},{"@type":"WebSite","@id":"https:\/\/laprensacristiana.com\/#website","url":"https:\/\/laprensacristiana.com\/","name":"La Prensa Cristiana","description":"Anunciando Las Buenas Nuevas","potentialAction":[{"@type":"SearchAction","target":{"@type":"EntryPoint","urlTemplate":"https:\/\/laprensacristiana.com\/?s={search_term_string}"},"query-input":"required name=search_term_string"}],"inLanguage":"es"},{"@type":"Person","@id":"https:\/\/laprensacristiana.com\/#\/schema\/person\/3e7d82c6bfd6b1fa67010f8f7cd5256e","name":"EDITOR","image":{"@type":"ImageObject","inLanguage":"es","@id":"https:\/\/laprensacristiana.com\/#\/schema\/person\/image\/","url":"https:\/\/secure.gravatar.com\/avatar\/72069dfb6c13772d9e8381e3638666d2?s=96&d=mm&r=g","contentUrl":"https:\/\/secure.gravatar.com\/avatar\/72069dfb6c13772d9e8381e3638666d2?s=96&d=mm&r=g","caption":"EDITOR"},"url":"https:\/\/laprensacristiana.com\/?author=3"}]}},"_links":{"self":[{"href":"https:\/\/laprensacristiana.com\/index.php?rest_route=\/wp\/v2\/posts\/8540"}],"collection":[{"href":"https:\/\/laprensacristiana.com\/index.php?rest_route=\/wp\/v2\/posts"}],"about":[{"href":"https:\/\/laprensacristiana.com\/index.php?rest_route=\/wp\/v2\/types\/post"}],"author":[{"embeddable":true,"href":"https:\/\/laprensacristiana.com\/index.php?rest_route=\/wp\/v2\/users\/3"}],"replies":[{"embeddable":true,"href":"https:\/\/laprensacristiana.com\/index.php?rest_route=%2Fwp%2Fv2%2Fcomments&post=8540"}],"version-history":[{"count":1,"href":"https:\/\/laprensacristiana.com\/index.php?rest_route=\/wp\/v2\/posts\/8540\/revisions"}],"predecessor-version":[{"id":8542,"href":"https:\/\/laprensacristiana.com\/index.php?rest_route=\/wp\/v2\/posts\/8540\/revisions\/8542"}],"wp:featuredmedia":[{"embeddable":true,"href":"https:\/\/laprensacristiana.com\/index.php?rest_route=\/wp\/v2\/media\/8541"}],"wp:attachment":[{"href":"https:\/\/laprensacristiana.com\/index.php?rest_route=%2Fwp%2Fv2%2Fmedia&parent=8540"}],"wp:term":[{"taxonomy":"category","embeddable":true,"href":"https:\/\/laprensacristiana.com\/index.php?rest_route=%2Fwp%2Fv2%2Fcategories&post=8540"},{"taxonomy":"post_tag","embeddable":true,"href":"https:\/\/laprensacristiana.com\/index.php?rest_route=%2Fwp%2Fv2%2Ftags&post=8540"}],"curies":[{"name":"wp","href":"https:\/\/api.w.org\/{rel}","templated":true}]}}