{"id":8544,"date":"2020-03-21T17:12:06","date_gmt":"2020-03-21T17:12:06","guid":{"rendered":"https:\/\/laprensacristiana.com\/?p=8544"},"modified":"2020-03-21T17:12:09","modified_gmt":"2020-03-21T17:12:09","slug":"cristianos-habilitan-albergue-temporal-para-indigentes-en-cuarentena","status":"publish","type":"post","link":"https:\/\/laprensacristiana.com\/?p=8544","title":{"rendered":"Cristianos habilitan Albergue temporal para indigentes en cuarentena"},"content":{"rendered":"\n<p>El d\u00eda de hoy a trav\u00e9s de redes sociales el grupo de reggae Lion RFC di\u00f3 a conocer que han terminado un albergue temporal, y que ya est\u00e1 habilitado.<\/p>\n\n\n\n<p>Lo interesante de esta iniciativa es que ha sido habilitado para indigentes, est\u00e1 ubicado sobre la 25 Av. Sur, en las cercan\u00edas del Hospital Pro Familia.<\/p>\n\n\n\n<p>\u00abLa intenci\u00f3n es atender a personas que no tienen los recursos ante esta pandemia que enfrentamos, seguimos trabajando con esmero, mucha fuerza El Salvador, saldremos adelante en el nombre de Jes\u00fas\u00bb expres\u00f3 Carlos Valle, vocalista de Lion RFC. <\/p>\n\n\n\n<p>Esto es un esfuerzo conjunto con Gobierno de El Salvador, Mission to El Salvador, Lion RFC.<\/p>\n","protected":false},"excerpt":{"rendered":"<p>El d\u00eda de hoy a trav\u00e9s de redes sociales el grupo de reggae Lion RFC di\u00f3 a conocer que han terminado un albergue temporal, y que ya est\u00e1 habilitado. Lo interesante de esta iniciativa es que ha sido habilitado para indigentes, est\u00e1 ubicado sobre la 25 Av. Sur, en las cercan\u00edas del Hospital Pro Familia. [&hellip;]<\/p>\n","protected":false},"author":3,"featured_media":8545,"comment_status":"open","ping_status":"open","sticky":false,"template":"","format":"standard","meta":[],"categories":[56],"tags":[],"yoast_head":"<!-- This site is optimized with the Yoast SEO plugin v20.8 - https:\/\/yoast.com\/wordpress\/plugins\/seo\/ -->\n<title>Cristianos habilitan Albergue temporal para indigentes en cuarentena - La Prensa Cristiana<\/title>\n<meta name=\"robots\" content=\"index, follow, max-snippet:-1, max-image-preview:large, max-video-preview:-1\" \/>\n<link rel=\"canonical\" href=\"https:\/\/laprensacristiana.com\/?p=8544\" \/>\n<meta property=\"og:locale\" content=\"es_ES\" \/>\n<meta property=\"og:type\" content=\"article\" \/>\n<meta property=\"og:title\" content=\"Cristianos habilitan Albergue temporal para indigentes en cuarentena - La Prensa Cristiana\" \/>\n<meta property=\"og:description\" content=\"El d\u00eda de hoy a trav\u00e9s de redes sociales el grupo de reggae Lion RFC di\u00f3 a conocer que han terminado un albergue temporal, y que ya est\u00e1 habilitado. Lo interesante de esta iniciativa es que ha sido habilitado para indigentes, est\u00e1 ubicado sobre la 25 Av. Sur, en las cercan\u00edas del Hospital Pro Familia. [&hellip;]\" \/>\n<meta property=\"og:url\" content=\"https:\/\/laprensacristiana.com\/?p=8544\" \/>\n<meta property=\"og:site_name\" content=\"La Prensa Cristiana\" \/>\n<meta property=\"article:published_time\" content=\"2020-03-21T17:12:06+00:00\" \/>\n<meta property=\"article:modified_time\" content=\"2020-03-21T17:12:09+00:00\" \/>\n<meta property=\"og:image\" content=\"https:\/\/laprensacristiana.com\/wp-content\/uploads\/2020\/03\/FB_IMG_1584810228518.jpg\" \/>\n\t<meta property=\"og:image:width\" content=\"720\" \/>\n\t<meta property=\"og:image:height\" content=\"960\" \/>\n\t<meta property=\"og:image:type\" content=\"image\/jpeg\" \/>\n<meta name=\"author\" content=\"EDITOR\" \/>\n<meta name=\"twitter:card\" content=\"summary_large_image\" \/>\n<meta name=\"twitter:label1\" content=\"Escrito por\" \/>\n\t<meta name=\"twitter:data1\" content=\"EDITOR\" \/>\n\t<meta name=\"twitter:label2\" content=\"Tiempo de lectura\" \/>\n\t<meta name=\"twitter:data2\" content=\"1 minuto\" \/>\n<script type=\"application\/ld+json\" class=\"yoast-schema-graph\">{\"@context\":\"https:\/\/schema.org\",\"@graph\":[{\"@type\":\"WebPage\",\"@id\":\"https:\/\/laprensacristiana.com\/?p=8544\",\"url\":\"https:\/\/laprensacristiana.com\/?p=8544\",\"name\":\"Cristianos habilitan Albergue temporal para indigentes en cuarentena - La Prensa Cristiana\",\"isPartOf\":{\"@id\":\"https:\/\/laprensacristiana.com\/#website\"},\"datePublished\":\"2020-03-21T17:12:06+00:00\",\"dateModified\":\"2020-03-21T17:12:09+00:00\",\"author\":{\"@id\":\"https:\/\/laprensacristiana.com\/#\/schema\/person\/3e7d82c6bfd6b1fa67010f8f7cd5256e\"},\"breadcrumb\":{\"@id\":\"https:\/\/laprensacristiana.com\/?p=8544#breadcrumb\"},\"inLanguage\":\"es\",\"potentialAction\":[{\"@type\":\"ReadAction\",\"target\":[\"https:\/\/laprensacristiana.com\/?p=8544\"]}]},{\"@type\":\"BreadcrumbList\",\"@id\":\"https:\/\/laprensacristiana.com\/?p=8544#breadcrumb\",\"itemListElement\":[{\"@type\":\"ListItem\",\"position\":1,\"name\":\"Portada\",\"item\":\"https:\/\/laprensacristiana.com\/\"},{\"@type\":\"ListItem\",\"position\":2,\"name\":\"Cristianos habilitan Albergue temporal para indigentes en cuarentena\"}]},{\"@type\":\"WebSite\",\"@id\":\"https:\/\/laprensacristiana.com\/#website\",\"url\":\"https:\/\/laprensacristiana.com\/\",\"name\":\"La Prensa Cristiana\",\"description\":\"Anunciando Las Buenas Nuevas\",\"potentialAction\":[{\"@type\":\"SearchAction\",\"target\":{\"@type\":\"EntryPoint\",\"urlTemplate\":\"https:\/\/laprensacristiana.com\/?s={search_term_string}\"},\"query-input\":\"required name=search_term_string\"}],\"inLanguage\":\"es\"},{\"@type\":\"Person\",\"@id\":\"https:\/\/laprensacristiana.com\/#\/schema\/person\/3e7d82c6bfd6b1fa67010f8f7cd5256e\",\"name\":\"EDITOR\",\"image\":{\"@type\":\"ImageObject\",\"inLanguage\":\"es\",\"@id\":\"https:\/\/laprensacristiana.com\/#\/schema\/person\/image\/\",\"url\":\"https:\/\/secure.gravatar.com\/avatar\/72069dfb6c13772d9e8381e3638666d2?s=96&d=mm&r=g\",\"contentUrl\":\"https:\/\/secure.gravatar.com\/avatar\/72069dfb6c13772d9e8381e3638666d2?s=96&d=mm&r=g\",\"caption\":\"EDITOR\"},\"url\":\"https:\/\/laprensacristiana.com\/?author=3\"}]}<\/script>\n<!-- \/ Yoast SEO plugin. -->","yoast_head_json":{"title":"Cristianos habilitan Albergue temporal para indigentes en cuarentena - La Prensa Cristiana","robots":{"index":"index","follow":"follow","max-snippet":"max-snippet:-1","max-image-preview":"max-image-preview:large","max-video-preview":"max-video-preview:-1"},"canonical":"https:\/\/laprensacristiana.com\/?p=8544","og_locale":"es_ES","og_type":"article","og_title":"Cristianos habilitan Albergue temporal para indigentes en cuarentena - La Prensa Cristiana","og_description":"El d\u00eda de hoy a trav\u00e9s de redes sociales el grupo de reggae Lion RFC di\u00f3 a conocer que han terminado un albergue temporal, y que ya est\u00e1 habilitado. Lo interesante de esta iniciativa es que ha sido habilitado para indigentes, est\u00e1 ubicado sobre la 25 Av. Sur, en las cercan\u00edas del Hospital Pro Familia. [&hellip;]","og_url":"https:\/\/laprensacristiana.com\/?p=8544","og_site_name":"La Prensa Cristiana","article_published_time":"2020-03-21T17:12:06+00:00","article_modified_time":"2020-03-21T17:12:09+00:00","og_image":[{"width":720,"height":960,"url":"https:\/\/laprensacristiana.com\/wp-content\/uploads\/2020\/03\/FB_IMG_1584810228518.jpg","type":"image\/jpeg"}],"author":"EDITOR","twitter_card":"summary_large_image","twitter_misc":{"Escrito por":"EDITOR","Tiempo de lectura":"1 minuto"},"schema":{"@context":"https:\/\/schema.org","@graph":[{"@type":"WebPage","@id":"https:\/\/laprensacristiana.com\/?p=8544","url":"https:\/\/laprensacristiana.com\/?p=8544","name":"Cristianos habilitan Albergue temporal para indigentes en cuarentena - La Prensa Cristiana","isPartOf":{"@id":"https:\/\/laprensacristiana.com\/#website"},"datePublished":"2020-03-21T17:12:06+00:00","dateModified":"2020-03-21T17:12:09+00:00","author":{"@id":"https:\/\/laprensacristiana.com\/#\/schema\/person\/3e7d82c6bfd6b1fa67010f8f7cd5256e"},"breadcrumb":{"@id":"https:\/\/laprensacristiana.com\/?p=8544#breadcrumb"},"inLanguage":"es","potentialAction":[{"@type":"ReadAction","target":["https:\/\/laprensacristiana.com\/?p=8544"]}]},{"@type":"BreadcrumbList","@id":"https:\/\/laprensacristiana.com\/?p=8544#breadcrumb","itemListElement":[{"@type":"ListItem","position":1,"name":"Portada","item":"https:\/\/laprensacristiana.com\/"},{"@type":"ListItem","position":2,"name":"Cristianos habilitan Albergue temporal para indigentes en cuarentena"}]},{"@type":"WebSite","@id":"https:\/\/laprensacristiana.com\/#website","url":"https:\/\/laprensacristiana.com\/","name":"La Prensa Cristiana","description":"Anunciando Las Buenas Nuevas","potentialAction":[{"@type":"SearchAction","target":{"@type":"EntryPoint","urlTemplate":"https:\/\/laprensacristiana.com\/?s={search_term_string}"},"query-input":"required name=search_term_string"}],"inLanguage":"es"},{"@type":"Person","@id":"https:\/\/laprensacristiana.com\/#\/schema\/person\/3e7d82c6bfd6b1fa67010f8f7cd5256e","name":"EDITOR","image":{"@type":"ImageObject","inLanguage":"es","@id":"https:\/\/laprensacristiana.com\/#\/schema\/person\/image\/","url":"https:\/\/secure.gravatar.com\/avatar\/72069dfb6c13772d9e8381e3638666d2?s=96&d=mm&r=g","contentUrl":"https:\/\/secure.gravatar.com\/avatar\/72069dfb6c13772d9e8381e3638666d2?s=96&d=mm&r=g","caption":"EDITOR"},"url":"https:\/\/laprensacristiana.com\/?author=3"}]}},"_links":{"self":[{"href":"https:\/\/laprensacristiana.com\/index.php?rest_route=\/wp\/v2\/posts\/8544"}],"collection":[{"href":"https:\/\/laprensacristiana.com\/index.php?rest_route=\/wp\/v2\/posts"}],"about":[{"href":"https:\/\/laprensacristiana.com\/index.php?rest_route=\/wp\/v2\/types\/post"}],"author":[{"embeddable":true,"href":"https:\/\/laprensacristiana.com\/index.php?rest_route=\/wp\/v2\/users\/3"}],"replies":[{"embeddable":true,"href":"https:\/\/laprensacristiana.com\/index.php?rest_route=%2Fwp%2Fv2%2Fcomments&post=8544"}],"version-history":[{"count":1,"href":"https:\/\/laprensacristiana.com\/index.php?rest_route=\/wp\/v2\/posts\/8544\/revisions"}],"predecessor-version":[{"id":8546,"href":"https:\/\/laprensacristiana.com\/index.php?rest_route=\/wp\/v2\/posts\/8544\/revisions\/8546"}],"wp:featuredmedia":[{"embeddable":true,"href":"https:\/\/laprensacristiana.com\/index.php?rest_route=\/wp\/v2\/media\/8545"}],"wp:attachment":[{"href":"https:\/\/laprensacristiana.com\/index.php?rest_route=%2Fwp%2Fv2%2Fmedia&parent=8544"}],"wp:term":[{"taxonomy":"category","embeddable":true,"href":"https:\/\/laprensacristiana.com\/index.php?rest_route=%2Fwp%2Fv2%2Fcategories&post=8544"},{"taxonomy":"post_tag","embeddable":true,"href":"https:\/\/laprensacristiana.com\/index.php?rest_route=%2Fwp%2Fv2%2Ftags&post=8544"}],"curies":[{"name":"wp","href":"https:\/\/api.w.org\/{rel}","templated":true}]}}