{"id":8551,"date":"2020-03-21T17:48:45","date_gmt":"2020-03-21T17:48:45","guid":{"rendered":"https:\/\/laprensacristiana.com\/?p=8551"},"modified":"2020-03-21T17:48:48","modified_gmt":"2020-03-21T17:48:48","slug":"fundacion-la-red-el-salvador-realiza-campana-medica-en-iglesia-del-majahual","status":"publish","type":"post","link":"https:\/\/laprensacristiana.com\/?p=8551","title":{"rendered":"Fundaci\u00f3n La Red El Salvador realiza campa\u00f1a m\u00e9dica en iglesia del Majahual"},"content":{"rendered":"\n<p>La Red El Salvador es una organizaci\u00f3n sin fines de lucro, ubicada el la playa el Tunco, que est\u00e1 trabajando desde el a\u00f1o 2004, se han dedicado a ayudar al necesitado, ense\u00f1ando y facilitando estilos de vidas sostenibles, a trav\u00e9s del desarrollo transformador.<\/p>\n\n\n\n<p>Fomentando el desarrollo espiritual, realizando programas educativos, promoviendo la cultura de paz, concientizando la protecci\u00f3n del medio ambiente.<\/p>\n\n\n\n<p>Su misi\u00f3n es dar la oportunidad a todos de conocer a Jes\u00fas, brindar ayuda al necesitado.<\/p>\n\n\n\n<p>Esta semana junto a Surfing Mission El Salvador realizaron una jornada m\u00e9dica en la iglesia  Majahual,  brindando atenci\u00f3n especializada en enfermedades respiratorias en adultos mayores, ni\u00f1os y neonatos.Tambi\u00e9n se realiz\u00f3 examen general revisando peso, altura, presi\u00f3n arterial y toma de glucosa.<\/p>\n\n\n\n<p>Se hizo entrega de medicamentos, cepillos y pasta dental, se realizaron ex\u00e1menes de visi\u00f3n , tambien se tuvo un momento de oraci\u00f3n para las personas que asistieron.<\/p>\n\n\n\n<figure class=\"wp-block-image\"><img decoding=\"async\" loading=\"lazy\" width=\"720\" height=\"720\" src=\"https:\/\/laprensacristiana.com\/wp-content\/uploads\/2020\/03\/SAVE_20200321_114356.jpg\" alt=\"\" class=\"wp-image-8552\" srcset=\"https:\/\/laprensacristiana.com\/wp-content\/uploads\/2020\/03\/SAVE_20200321_114356.jpg 720w, https:\/\/laprensacristiana.com\/wp-content\/uploads\/2020\/03\/SAVE_20200321_114356-150x150.jpg 150w, https:\/\/laprensacristiana.com\/wp-content\/uploads\/2020\/03\/SAVE_20200321_114356-300x300.jpg 300w, https:\/\/laprensacristiana.com\/wp-content\/uploads\/2020\/03\/SAVE_20200321_114356-696x696.jpg 696w, https:\/\/laprensacristiana.com\/wp-content\/uploads\/2020\/03\/SAVE_20200321_114356-420x420.jpg 420w, https:\/\/laprensacristiana.com\/wp-content\/uploads\/2020\/03\/SAVE_20200321_114356-600x600.jpg 600w, https:\/\/laprensacristiana.com\/wp-content\/uploads\/2020\/03\/SAVE_20200321_114356-100x100.jpg 100w\" sizes=\"(max-width: 720px) 100vw, 720px\" \/><\/figure>\n","protected":false},"excerpt":{"rendered":"<p>La Red El Salvador es una organizaci\u00f3n sin fines de lucro, ubicada el la playa el Tunco, que est\u00e1 trabajando desde el a\u00f1o 2004, se han dedicado a ayudar al necesitado, ense\u00f1ando y facilitando estilos de vidas sostenibles, a trav\u00e9s del desarrollo transformador. Fomentando el desarrollo espiritual, realizando programas educativos, promoviendo la cultura de paz, [&hellip;]<\/p>\n","protected":false},"author":3,"featured_media":8553,"comment_status":"open","ping_status":"open","sticky":false,"template":"","format":"standard","meta":[],"categories":[56],"tags":[],"yoast_head":"<!-- This site is optimized with the Yoast SEO plugin v20.8 - https:\/\/yoast.com\/wordpress\/plugins\/seo\/ -->\n<title>Fundaci\u00f3n La Red El Salvador realiza campa\u00f1a m\u00e9dica en iglesia del Majahual - La Prensa Cristiana<\/title>\n<meta name=\"robots\" content=\"index, follow, max-snippet:-1, max-image-preview:large, max-video-preview:-1\" \/>\n<link rel=\"canonical\" href=\"https:\/\/laprensacristiana.com\/?p=8551\" \/>\n<meta property=\"og:locale\" content=\"es_ES\" \/>\n<meta property=\"og:type\" content=\"article\" \/>\n<meta property=\"og:title\" content=\"Fundaci\u00f3n La Red El Salvador realiza campa\u00f1a m\u00e9dica en iglesia del Majahual - La Prensa Cristiana\" \/>\n<meta property=\"og:description\" content=\"La Red El Salvador es una organizaci\u00f3n sin fines de lucro, ubicada el la playa el Tunco, que est\u00e1 trabajando desde el a\u00f1o 2004, se han dedicado a ayudar al necesitado, ense\u00f1ando y facilitando estilos de vidas sostenibles, a trav\u00e9s del desarrollo transformador. Fomentando el desarrollo espiritual, realizando programas educativos, promoviendo la cultura de paz, [&hellip;]\" \/>\n<meta property=\"og:url\" content=\"https:\/\/laprensacristiana.com\/?p=8551\" \/>\n<meta property=\"og:site_name\" content=\"La Prensa Cristiana\" \/>\n<meta property=\"article:published_time\" content=\"2020-03-21T17:48:45+00:00\" \/>\n<meta property=\"article:modified_time\" content=\"2020-03-21T17:48:48+00:00\" \/>\n<meta property=\"og:image\" content=\"https:\/\/laprensacristiana.com\/wp-content\/uploads\/2020\/03\/SAVE_20200321_114349.jpg\" \/>\n\t<meta property=\"og:image:width\" content=\"720\" \/>\n\t<meta property=\"og:image:height\" content=\"720\" \/>\n\t<meta property=\"og:image:type\" content=\"image\/jpeg\" \/>\n<meta name=\"author\" content=\"EDITOR\" \/>\n<meta name=\"twitter:card\" content=\"summary_large_image\" \/>\n<meta name=\"twitter:label1\" content=\"Escrito por\" \/>\n\t<meta name=\"twitter:data1\" content=\"EDITOR\" \/>\n\t<meta name=\"twitter:label2\" content=\"Tiempo de lectura\" \/>\n\t<meta name=\"twitter:data2\" content=\"1 minuto\" \/>\n<script type=\"application\/ld+json\" class=\"yoast-schema-graph\">{\"@context\":\"https:\/\/schema.org\",\"@graph\":[{\"@type\":\"WebPage\",\"@id\":\"https:\/\/laprensacristiana.com\/?p=8551\",\"url\":\"https:\/\/laprensacristiana.com\/?p=8551\",\"name\":\"Fundaci\u00f3n La Red El Salvador realiza campa\u00f1a m\u00e9dica en iglesia del Majahual - La Prensa Cristiana\",\"isPartOf\":{\"@id\":\"https:\/\/laprensacristiana.com\/#website\"},\"datePublished\":\"2020-03-21T17:48:45+00:00\",\"dateModified\":\"2020-03-21T17:48:48+00:00\",\"author\":{\"@id\":\"https:\/\/laprensacristiana.com\/#\/schema\/person\/3e7d82c6bfd6b1fa67010f8f7cd5256e\"},\"breadcrumb\":{\"@id\":\"https:\/\/laprensacristiana.com\/?p=8551#breadcrumb\"},\"inLanguage\":\"es\",\"potentialAction\":[{\"@type\":\"ReadAction\",\"target\":[\"https:\/\/laprensacristiana.com\/?p=8551\"]}]},{\"@type\":\"BreadcrumbList\",\"@id\":\"https:\/\/laprensacristiana.com\/?p=8551#breadcrumb\",\"itemListElement\":[{\"@type\":\"ListItem\",\"position\":1,\"name\":\"Portada\",\"item\":\"https:\/\/laprensacristiana.com\/\"},{\"@type\":\"ListItem\",\"position\":2,\"name\":\"Fundaci\u00f3n La Red El Salvador realiza campa\u00f1a m\u00e9dica en iglesia del Majahual\"}]},{\"@type\":\"WebSite\",\"@id\":\"https:\/\/laprensacristiana.com\/#website\",\"url\":\"https:\/\/laprensacristiana.com\/\",\"name\":\"La Prensa Cristiana\",\"description\":\"Anunciando Las Buenas Nuevas\",\"potentialAction\":[{\"@type\":\"SearchAction\",\"target\":{\"@type\":\"EntryPoint\",\"urlTemplate\":\"https:\/\/laprensacristiana.com\/?s={search_term_string}\"},\"query-input\":\"required name=search_term_string\"}],\"inLanguage\":\"es\"},{\"@type\":\"Person\",\"@id\":\"https:\/\/laprensacristiana.com\/#\/schema\/person\/3e7d82c6bfd6b1fa67010f8f7cd5256e\",\"name\":\"EDITOR\",\"image\":{\"@type\":\"ImageObject\",\"inLanguage\":\"es\",\"@id\":\"https:\/\/laprensacristiana.com\/#\/schema\/person\/image\/\",\"url\":\"https:\/\/secure.gravatar.com\/avatar\/72069dfb6c13772d9e8381e3638666d2?s=96&d=mm&r=g\",\"contentUrl\":\"https:\/\/secure.gravatar.com\/avatar\/72069dfb6c13772d9e8381e3638666d2?s=96&d=mm&r=g\",\"caption\":\"EDITOR\"},\"url\":\"https:\/\/laprensacristiana.com\/?author=3\"}]}<\/script>\n<!-- \/ Yoast SEO plugin. -->","yoast_head_json":{"title":"Fundaci\u00f3n La Red El Salvador realiza campa\u00f1a m\u00e9dica en iglesia del Majahual - La Prensa Cristiana","robots":{"index":"index","follow":"follow","max-snippet":"max-snippet:-1","max-image-preview":"max-image-preview:large","max-video-preview":"max-video-preview:-1"},"canonical":"https:\/\/laprensacristiana.com\/?p=8551","og_locale":"es_ES","og_type":"article","og_title":"Fundaci\u00f3n La Red El Salvador realiza campa\u00f1a m\u00e9dica en iglesia del Majahual - La Prensa Cristiana","og_description":"La Red El Salvador es una organizaci\u00f3n sin fines de lucro, ubicada el la playa el Tunco, que est\u00e1 trabajando desde el a\u00f1o 2004, se han dedicado a ayudar al necesitado, ense\u00f1ando y facilitando estilos de vidas sostenibles, a trav\u00e9s del desarrollo transformador. Fomentando el desarrollo espiritual, realizando programas educativos, promoviendo la cultura de paz, [&hellip;]","og_url":"https:\/\/laprensacristiana.com\/?p=8551","og_site_name":"La Prensa Cristiana","article_published_time":"2020-03-21T17:48:45+00:00","article_modified_time":"2020-03-21T17:48:48+00:00","og_image":[{"width":720,"height":720,"url":"https:\/\/laprensacristiana.com\/wp-content\/uploads\/2020\/03\/SAVE_20200321_114349.jpg","type":"image\/jpeg"}],"author":"EDITOR","twitter_card":"summary_large_image","twitter_misc":{"Escrito por":"EDITOR","Tiempo de lectura":"1 minuto"},"schema":{"@context":"https:\/\/schema.org","@graph":[{"@type":"WebPage","@id":"https:\/\/laprensacristiana.com\/?p=8551","url":"https:\/\/laprensacristiana.com\/?p=8551","name":"Fundaci\u00f3n La Red El Salvador realiza campa\u00f1a m\u00e9dica en iglesia del Majahual - La Prensa Cristiana","isPartOf":{"@id":"https:\/\/laprensacristiana.com\/#website"},"datePublished":"2020-03-21T17:48:45+00:00","dateModified":"2020-03-21T17:48:48+00:00","author":{"@id":"https:\/\/laprensacristiana.com\/#\/schema\/person\/3e7d82c6bfd6b1fa67010f8f7cd5256e"},"breadcrumb":{"@id":"https:\/\/laprensacristiana.com\/?p=8551#breadcrumb"},"inLanguage":"es","potentialAction":[{"@type":"ReadAction","target":["https:\/\/laprensacristiana.com\/?p=8551"]}]},{"@type":"BreadcrumbList","@id":"https:\/\/laprensacristiana.com\/?p=8551#breadcrumb","itemListElement":[{"@type":"ListItem","position":1,"name":"Portada","item":"https:\/\/laprensacristiana.com\/"},{"@type":"ListItem","position":2,"name":"Fundaci\u00f3n La Red El Salvador realiza campa\u00f1a m\u00e9dica en iglesia del Majahual"}]},{"@type":"WebSite","@id":"https:\/\/laprensacristiana.com\/#website","url":"https:\/\/laprensacristiana.com\/","name":"La Prensa Cristiana","description":"Anunciando Las Buenas Nuevas","potentialAction":[{"@type":"SearchAction","target":{"@type":"EntryPoint","urlTemplate":"https:\/\/laprensacristiana.com\/?s={search_term_string}"},"query-input":"required name=search_term_string"}],"inLanguage":"es"},{"@type":"Person","@id":"https:\/\/laprensacristiana.com\/#\/schema\/person\/3e7d82c6bfd6b1fa67010f8f7cd5256e","name":"EDITOR","image":{"@type":"ImageObject","inLanguage":"es","@id":"https:\/\/laprensacristiana.com\/#\/schema\/person\/image\/","url":"https:\/\/secure.gravatar.com\/avatar\/72069dfb6c13772d9e8381e3638666d2?s=96&d=mm&r=g","contentUrl":"https:\/\/secure.gravatar.com\/avatar\/72069dfb6c13772d9e8381e3638666d2?s=96&d=mm&r=g","caption":"EDITOR"},"url":"https:\/\/laprensacristiana.com\/?author=3"}]}},"_links":{"self":[{"href":"https:\/\/laprensacristiana.com\/index.php?rest_route=\/wp\/v2\/posts\/8551"}],"collection":[{"href":"https:\/\/laprensacristiana.com\/index.php?rest_route=\/wp\/v2\/posts"}],"about":[{"href":"https:\/\/laprensacristiana.com\/index.php?rest_route=\/wp\/v2\/types\/post"}],"author":[{"embeddable":true,"href":"https:\/\/laprensacristiana.com\/index.php?rest_route=\/wp\/v2\/users\/3"}],"replies":[{"embeddable":true,"href":"https:\/\/laprensacristiana.com\/index.php?rest_route=%2Fwp%2Fv2%2Fcomments&post=8551"}],"version-history":[{"count":1,"href":"https:\/\/laprensacristiana.com\/index.php?rest_route=\/wp\/v2\/posts\/8551\/revisions"}],"predecessor-version":[{"id":8554,"href":"https:\/\/laprensacristiana.com\/index.php?rest_route=\/wp\/v2\/posts\/8551\/revisions\/8554"}],"wp:featuredmedia":[{"embeddable":true,"href":"https:\/\/laprensacristiana.com\/index.php?rest_route=\/wp\/v2\/media\/8553"}],"wp:attachment":[{"href":"https:\/\/laprensacristiana.com\/index.php?rest_route=%2Fwp%2Fv2%2Fmedia&parent=8551"}],"wp:term":[{"taxonomy":"category","embeddable":true,"href":"https:\/\/laprensacristiana.com\/index.php?rest_route=%2Fwp%2Fv2%2Fcategories&post=8551"},{"taxonomy":"post_tag","embeddable":true,"href":"https:\/\/laprensacristiana.com\/index.php?rest_route=%2Fwp%2Fv2%2Ftags&post=8551"}],"curies":[{"name":"wp","href":"https:\/\/api.w.org\/{rel}","templated":true}]}}