{"id":8555,"date":"2020-03-21T19:16:51","date_gmt":"2020-03-21T19:16:51","guid":{"rendered":"https:\/\/laprensacristiana.com\/?p=8555"},"modified":"2020-03-21T19:16:54","modified_gmt":"2020-03-21T19:16:54","slug":"ibz-ora-por-las-personas-que-tienen-que-salir-a-las-calles","status":"publish","type":"post","link":"https:\/\/laprensacristiana.com\/?p=8555","title":{"rendered":"IBZ ora por las personas que tienen que salir a las calles"},"content":{"rendered":"\n<p>La Iglesia Bautista Zacamil tiene una ubicaci\u00f3n estrategica, frente a Plaza Metr\u00f3polis, en el municipio de Mejicanos, San Salvador. A ello se le suma que la parada de buses de la zona est\u00e1 justo en la entrada de la iglesia. <br> En virtud de ello la iglesia aprovech\u00f3 para evangelizar a las personas que esperaban las unidades de transporte p\u00fablico y a su vez se subieron a los buses para realizar una oraci\u00f3n.<br> Una manera distinta de evangelizar con el debido manejo de las herramientas sanitarias frente a la amenaza del Coronavirus. <br> El pastor Rudis D\u00edaz coment\u00f3 \u00abHicimos una proclamaci\u00f3n del evangelio, orando por las personas y predic\u00e1ndoles de Cristo Jes\u00fas, recibieron a Cristo dos personas y ayer en evangelismo personal tres personas. Damos gloria a Dios, por los resultados\u00bb concluy\u00f3. <\/p>\n\n\n\n<figure class=\"wp-block-image\"><img decoding=\"async\" loading=\"lazy\" width=\"540\" height=\"960\" src=\"https:\/\/laprensacristiana.com\/wp-content\/uploads\/2020\/03\/SAVE_20200321_131147.jpg\" alt=\"\" class=\"wp-image-8556\" srcset=\"https:\/\/laprensacristiana.com\/wp-content\/uploads\/2020\/03\/SAVE_20200321_131147.jpg 540w, https:\/\/laprensacristiana.com\/wp-content\/uploads\/2020\/03\/SAVE_20200321_131147-169x300.jpg 169w, https:\/\/laprensacristiana.com\/wp-content\/uploads\/2020\/03\/SAVE_20200321_131147-236x420.jpg 236w\" sizes=\"(max-width: 540px) 100vw, 540px\" \/><\/figure>\n","protected":false},"excerpt":{"rendered":"<p>La Iglesia Bautista Zacamil tiene una ubicaci\u00f3n estrategica, frente a Plaza Metr\u00f3polis, en el municipio de Mejicanos, San Salvador. A ello se le suma que la parada de buses de la zona est\u00e1 justo en la entrada de la iglesia. En virtud de ello la iglesia aprovech\u00f3 para evangelizar a las personas que esperaban las [&hellip;]<\/p>\n","protected":false},"author":3,"featured_media":8557,"comment_status":"open","ping_status":"open","sticky":false,"template":"","format":"standard","meta":[],"categories":[56],"tags":[],"yoast_head":"<!-- This site is optimized with the Yoast SEO plugin v20.8 - https:\/\/yoast.com\/wordpress\/plugins\/seo\/ -->\n<title>IBZ ora por las personas que tienen que salir a las calles - La Prensa Cristiana<\/title>\n<meta name=\"robots\" content=\"index, follow, max-snippet:-1, max-image-preview:large, max-video-preview:-1\" \/>\n<link rel=\"canonical\" href=\"https:\/\/laprensacristiana.com\/?p=8555\" \/>\n<meta property=\"og:locale\" content=\"es_ES\" \/>\n<meta property=\"og:type\" content=\"article\" \/>\n<meta property=\"og:title\" content=\"IBZ ora por las personas que tienen que salir a las calles - La Prensa Cristiana\" \/>\n<meta property=\"og:description\" content=\"La Iglesia Bautista Zacamil tiene una ubicaci\u00f3n estrategica, frente a Plaza Metr\u00f3polis, en el municipio de Mejicanos, San Salvador. A ello se le suma que la parada de buses de la zona est\u00e1 justo en la entrada de la iglesia. En virtud de ello la iglesia aprovech\u00f3 para evangelizar a las personas que esperaban las [&hellip;]\" \/>\n<meta property=\"og:url\" content=\"https:\/\/laprensacristiana.com\/?p=8555\" \/>\n<meta property=\"og:site_name\" content=\"La Prensa Cristiana\" \/>\n<meta property=\"article:published_time\" content=\"2020-03-21T19:16:51+00:00\" \/>\n<meta property=\"article:modified_time\" content=\"2020-03-21T19:16:54+00:00\" \/>\n<meta property=\"og:image\" content=\"https:\/\/laprensacristiana.com\/wp-content\/uploads\/2020\/03\/SAVE_20200321_131140.jpg\" \/>\n\t<meta property=\"og:image:width\" content=\"720\" \/>\n\t<meta property=\"og:image:height\" content=\"960\" \/>\n\t<meta property=\"og:image:type\" content=\"image\/jpeg\" \/>\n<meta name=\"author\" content=\"EDITOR\" \/>\n<meta name=\"twitter:card\" content=\"summary_large_image\" \/>\n<meta name=\"twitter:label1\" content=\"Escrito por\" \/>\n\t<meta name=\"twitter:data1\" content=\"EDITOR\" \/>\n\t<meta name=\"twitter:label2\" content=\"Tiempo de lectura\" \/>\n\t<meta name=\"twitter:data2\" content=\"1 minuto\" \/>\n<script type=\"application\/ld+json\" class=\"yoast-schema-graph\">{\"@context\":\"https:\/\/schema.org\",\"@graph\":[{\"@type\":\"WebPage\",\"@id\":\"https:\/\/laprensacristiana.com\/?p=8555\",\"url\":\"https:\/\/laprensacristiana.com\/?p=8555\",\"name\":\"IBZ ora por las personas que tienen que salir a las calles - La Prensa Cristiana\",\"isPartOf\":{\"@id\":\"https:\/\/laprensacristiana.com\/#website\"},\"datePublished\":\"2020-03-21T19:16:51+00:00\",\"dateModified\":\"2020-03-21T19:16:54+00:00\",\"author\":{\"@id\":\"https:\/\/laprensacristiana.com\/#\/schema\/person\/3e7d82c6bfd6b1fa67010f8f7cd5256e\"},\"breadcrumb\":{\"@id\":\"https:\/\/laprensacristiana.com\/?p=8555#breadcrumb\"},\"inLanguage\":\"es\",\"potentialAction\":[{\"@type\":\"ReadAction\",\"target\":[\"https:\/\/laprensacristiana.com\/?p=8555\"]}]},{\"@type\":\"BreadcrumbList\",\"@id\":\"https:\/\/laprensacristiana.com\/?p=8555#breadcrumb\",\"itemListElement\":[{\"@type\":\"ListItem\",\"position\":1,\"name\":\"Portada\",\"item\":\"https:\/\/laprensacristiana.com\/\"},{\"@type\":\"ListItem\",\"position\":2,\"name\":\"IBZ ora por las personas que tienen que salir a las calles\"}]},{\"@type\":\"WebSite\",\"@id\":\"https:\/\/laprensacristiana.com\/#website\",\"url\":\"https:\/\/laprensacristiana.com\/\",\"name\":\"La Prensa Cristiana\",\"description\":\"Anunciando Las Buenas Nuevas\",\"potentialAction\":[{\"@type\":\"SearchAction\",\"target\":{\"@type\":\"EntryPoint\",\"urlTemplate\":\"https:\/\/laprensacristiana.com\/?s={search_term_string}\"},\"query-input\":\"required name=search_term_string\"}],\"inLanguage\":\"es\"},{\"@type\":\"Person\",\"@id\":\"https:\/\/laprensacristiana.com\/#\/schema\/person\/3e7d82c6bfd6b1fa67010f8f7cd5256e\",\"name\":\"EDITOR\",\"image\":{\"@type\":\"ImageObject\",\"inLanguage\":\"es\",\"@id\":\"https:\/\/laprensacristiana.com\/#\/schema\/person\/image\/\",\"url\":\"https:\/\/secure.gravatar.com\/avatar\/72069dfb6c13772d9e8381e3638666d2?s=96&d=mm&r=g\",\"contentUrl\":\"https:\/\/secure.gravatar.com\/avatar\/72069dfb6c13772d9e8381e3638666d2?s=96&d=mm&r=g\",\"caption\":\"EDITOR\"},\"url\":\"https:\/\/laprensacristiana.com\/?author=3\"}]}<\/script>\n<!-- \/ Yoast SEO plugin. -->","yoast_head_json":{"title":"IBZ ora por las personas que tienen que salir a las calles - La Prensa Cristiana","robots":{"index":"index","follow":"follow","max-snippet":"max-snippet:-1","max-image-preview":"max-image-preview:large","max-video-preview":"max-video-preview:-1"},"canonical":"https:\/\/laprensacristiana.com\/?p=8555","og_locale":"es_ES","og_type":"article","og_title":"IBZ ora por las personas que tienen que salir a las calles - La Prensa Cristiana","og_description":"La Iglesia Bautista Zacamil tiene una ubicaci\u00f3n estrategica, frente a Plaza Metr\u00f3polis, en el municipio de Mejicanos, San Salvador. A ello se le suma que la parada de buses de la zona est\u00e1 justo en la entrada de la iglesia. En virtud de ello la iglesia aprovech\u00f3 para evangelizar a las personas que esperaban las [&hellip;]","og_url":"https:\/\/laprensacristiana.com\/?p=8555","og_site_name":"La Prensa Cristiana","article_published_time":"2020-03-21T19:16:51+00:00","article_modified_time":"2020-03-21T19:16:54+00:00","og_image":[{"width":720,"height":960,"url":"https:\/\/laprensacristiana.com\/wp-content\/uploads\/2020\/03\/SAVE_20200321_131140.jpg","type":"image\/jpeg"}],"author":"EDITOR","twitter_card":"summary_large_image","twitter_misc":{"Escrito por":"EDITOR","Tiempo de lectura":"1 minuto"},"schema":{"@context":"https:\/\/schema.org","@graph":[{"@type":"WebPage","@id":"https:\/\/laprensacristiana.com\/?p=8555","url":"https:\/\/laprensacristiana.com\/?p=8555","name":"IBZ ora por las personas que tienen que salir a las calles - La Prensa Cristiana","isPartOf":{"@id":"https:\/\/laprensacristiana.com\/#website"},"datePublished":"2020-03-21T19:16:51+00:00","dateModified":"2020-03-21T19:16:54+00:00","author":{"@id":"https:\/\/laprensacristiana.com\/#\/schema\/person\/3e7d82c6bfd6b1fa67010f8f7cd5256e"},"breadcrumb":{"@id":"https:\/\/laprensacristiana.com\/?p=8555#breadcrumb"},"inLanguage":"es","potentialAction":[{"@type":"ReadAction","target":["https:\/\/laprensacristiana.com\/?p=8555"]}]},{"@type":"BreadcrumbList","@id":"https:\/\/laprensacristiana.com\/?p=8555#breadcrumb","itemListElement":[{"@type":"ListItem","position":1,"name":"Portada","item":"https:\/\/laprensacristiana.com\/"},{"@type":"ListItem","position":2,"name":"IBZ ora por las personas que tienen que salir a las calles"}]},{"@type":"WebSite","@id":"https:\/\/laprensacristiana.com\/#website","url":"https:\/\/laprensacristiana.com\/","name":"La Prensa Cristiana","description":"Anunciando Las Buenas Nuevas","potentialAction":[{"@type":"SearchAction","target":{"@type":"EntryPoint","urlTemplate":"https:\/\/laprensacristiana.com\/?s={search_term_string}"},"query-input":"required name=search_term_string"}],"inLanguage":"es"},{"@type":"Person","@id":"https:\/\/laprensacristiana.com\/#\/schema\/person\/3e7d82c6bfd6b1fa67010f8f7cd5256e","name":"EDITOR","image":{"@type":"ImageObject","inLanguage":"es","@id":"https:\/\/laprensacristiana.com\/#\/schema\/person\/image\/","url":"https:\/\/secure.gravatar.com\/avatar\/72069dfb6c13772d9e8381e3638666d2?s=96&d=mm&r=g","contentUrl":"https:\/\/secure.gravatar.com\/avatar\/72069dfb6c13772d9e8381e3638666d2?s=96&d=mm&r=g","caption":"EDITOR"},"url":"https:\/\/laprensacristiana.com\/?author=3"}]}},"_links":{"self":[{"href":"https:\/\/laprensacristiana.com\/index.php?rest_route=\/wp\/v2\/posts\/8555"}],"collection":[{"href":"https:\/\/laprensacristiana.com\/index.php?rest_route=\/wp\/v2\/posts"}],"about":[{"href":"https:\/\/laprensacristiana.com\/index.php?rest_route=\/wp\/v2\/types\/post"}],"author":[{"embeddable":true,"href":"https:\/\/laprensacristiana.com\/index.php?rest_route=\/wp\/v2\/users\/3"}],"replies":[{"embeddable":true,"href":"https:\/\/laprensacristiana.com\/index.php?rest_route=%2Fwp%2Fv2%2Fcomments&post=8555"}],"version-history":[{"count":1,"href":"https:\/\/laprensacristiana.com\/index.php?rest_route=\/wp\/v2\/posts\/8555\/revisions"}],"predecessor-version":[{"id":8558,"href":"https:\/\/laprensacristiana.com\/index.php?rest_route=\/wp\/v2\/posts\/8555\/revisions\/8558"}],"wp:featuredmedia":[{"embeddable":true,"href":"https:\/\/laprensacristiana.com\/index.php?rest_route=\/wp\/v2\/media\/8557"}],"wp:attachment":[{"href":"https:\/\/laprensacristiana.com\/index.php?rest_route=%2Fwp%2Fv2%2Fmedia&parent=8555"}],"wp:term":[{"taxonomy":"category","embeddable":true,"href":"https:\/\/laprensacristiana.com\/index.php?rest_route=%2Fwp%2Fv2%2Fcategories&post=8555"},{"taxonomy":"post_tag","embeddable":true,"href":"https:\/\/laprensacristiana.com\/index.php?rest_route=%2Fwp%2Fv2%2Ftags&post=8555"}],"curies":[{"name":"wp","href":"https:\/\/api.w.org\/{rel}","templated":true}]}}