{"id":8565,"date":"2020-03-22T01:02:16","date_gmt":"2020-03-22T01:02:16","guid":{"rendered":"https:\/\/laprensacristiana.com\/?p=8565"},"modified":"2020-03-22T01:02:19","modified_gmt":"2020-03-22T01:02:19","slug":"taber-se-convierte-en-centro-de-acopio-para-insumos-de-privados-de-libertad","status":"publish","type":"post","link":"https:\/\/laprensacristiana.com\/?p=8565","title":{"rendered":"Taber se convierte en centro de acopio para insumos de privados de libertad"},"content":{"rendered":"\n<p>El Tabern\u00e1culo B\u00edblico Bautista Amigos de Israel durante la emergencia del Coronavirus ha incrementado su acci\u00f3n social.<br> La Direcci\u00f3n General de Centros Penales anunci\u00f3 que ya estaba habilitado en el \u00abTaber\u00bb el centro de acopio para los privados de libertad y ni\u00f1os del Centro de Desarrollo Infantil Granja Penitenciaria Izalco.<br> La iglesia se convierte en un centro de conexi\u00f3n donde las personas pudieron llevar los insumos b\u00e1sicos para sus familiares.<br> Cabe destacar que esto sucedi\u00f3 en el local central como en sus filiales. <\/p>\n\n\n\n<figure class=\"wp-block-image\"><img decoding=\"async\" loading=\"lazy\" width=\"719\" height=\"611\" src=\"https:\/\/laprensacristiana.com\/wp-content\/uploads\/2020\/03\/SAVE_20200321_185729.jpg\" alt=\"\" class=\"wp-image-8566\" srcset=\"https:\/\/laprensacristiana.com\/wp-content\/uploads\/2020\/03\/SAVE_20200321_185729.jpg 719w, https:\/\/laprensacristiana.com\/wp-content\/uploads\/2020\/03\/SAVE_20200321_185729-300x255.jpg 300w, https:\/\/laprensacristiana.com\/wp-content\/uploads\/2020\/03\/SAVE_20200321_185729-696x591.jpg 696w, https:\/\/laprensacristiana.com\/wp-content\/uploads\/2020\/03\/SAVE_20200321_185729-494x420.jpg 494w, https:\/\/laprensacristiana.com\/wp-content\/uploads\/2020\/03\/SAVE_20200321_185729-600x510.jpg 600w\" sizes=\"(max-width: 719px) 100vw, 719px\" \/><\/figure>\n","protected":false},"excerpt":{"rendered":"<p>El Tabern\u00e1culo B\u00edblico Bautista Amigos de Israel durante la emergencia del Coronavirus ha incrementado su acci\u00f3n social. La Direcci\u00f3n General de Centros Penales anunci\u00f3 que ya estaba habilitado en el \u00abTaber\u00bb el centro de acopio para los privados de libertad y ni\u00f1os del Centro de Desarrollo Infantil Granja Penitenciaria Izalco. La iglesia se convierte en [&hellip;]<\/p>\n","protected":false},"author":3,"featured_media":8567,"comment_status":"open","ping_status":"open","sticky":false,"template":"","format":"standard","meta":[],"categories":[56],"tags":[],"yoast_head":"<!-- This site is optimized with the Yoast SEO plugin v20.8 - https:\/\/yoast.com\/wordpress\/plugins\/seo\/ -->\n<title>Taber se convierte en centro de acopio para insumos de privados de libertad - La Prensa Cristiana<\/title>\n<meta name=\"robots\" content=\"index, follow, max-snippet:-1, max-image-preview:large, max-video-preview:-1\" \/>\n<link rel=\"canonical\" href=\"https:\/\/laprensacristiana.com\/?p=8565\" \/>\n<meta property=\"og:locale\" content=\"es_ES\" \/>\n<meta property=\"og:type\" content=\"article\" \/>\n<meta property=\"og:title\" content=\"Taber se convierte en centro de acopio para insumos de privados de libertad - La Prensa Cristiana\" \/>\n<meta property=\"og:description\" content=\"El Tabern\u00e1culo B\u00edblico Bautista Amigos de Israel durante la emergencia del Coronavirus ha incrementado su acci\u00f3n social. La Direcci\u00f3n General de Centros Penales anunci\u00f3 que ya estaba habilitado en el \u00abTaber\u00bb el centro de acopio para los privados de libertad y ni\u00f1os del Centro de Desarrollo Infantil Granja Penitenciaria Izalco. La iglesia se convierte en [&hellip;]\" \/>\n<meta property=\"og:url\" content=\"https:\/\/laprensacristiana.com\/?p=8565\" \/>\n<meta property=\"og:site_name\" content=\"La Prensa Cristiana\" \/>\n<meta property=\"article:published_time\" content=\"2020-03-22T01:02:16+00:00\" \/>\n<meta property=\"article:modified_time\" content=\"2020-03-22T01:02:19+00:00\" \/>\n<meta property=\"og:image\" content=\"https:\/\/laprensacristiana.com\/wp-content\/uploads\/2020\/03\/SAVE_20200321_185959.jpg\" \/>\n\t<meta property=\"og:image:width\" content=\"720\" \/>\n\t<meta property=\"og:image:height\" content=\"707\" \/>\n\t<meta property=\"og:image:type\" content=\"image\/jpeg\" \/>\n<meta name=\"author\" content=\"EDITOR\" \/>\n<meta name=\"twitter:card\" content=\"summary_large_image\" \/>\n<meta name=\"twitter:label1\" content=\"Escrito por\" \/>\n\t<meta name=\"twitter:data1\" content=\"EDITOR\" \/>\n<script type=\"application\/ld+json\" class=\"yoast-schema-graph\">{\"@context\":\"https:\/\/schema.org\",\"@graph\":[{\"@type\":\"WebPage\",\"@id\":\"https:\/\/laprensacristiana.com\/?p=8565\",\"url\":\"https:\/\/laprensacristiana.com\/?p=8565\",\"name\":\"Taber se convierte en centro de acopio para insumos de privados de libertad - La Prensa Cristiana\",\"isPartOf\":{\"@id\":\"https:\/\/laprensacristiana.com\/#website\"},\"datePublished\":\"2020-03-22T01:02:16+00:00\",\"dateModified\":\"2020-03-22T01:02:19+00:00\",\"author\":{\"@id\":\"https:\/\/laprensacristiana.com\/#\/schema\/person\/3e7d82c6bfd6b1fa67010f8f7cd5256e\"},\"breadcrumb\":{\"@id\":\"https:\/\/laprensacristiana.com\/?p=8565#breadcrumb\"},\"inLanguage\":\"es\",\"potentialAction\":[{\"@type\":\"ReadAction\",\"target\":[\"https:\/\/laprensacristiana.com\/?p=8565\"]}]},{\"@type\":\"BreadcrumbList\",\"@id\":\"https:\/\/laprensacristiana.com\/?p=8565#breadcrumb\",\"itemListElement\":[{\"@type\":\"ListItem\",\"position\":1,\"name\":\"Portada\",\"item\":\"https:\/\/laprensacristiana.com\/\"},{\"@type\":\"ListItem\",\"position\":2,\"name\":\"Taber se convierte en centro de acopio para insumos de privados de libertad\"}]},{\"@type\":\"WebSite\",\"@id\":\"https:\/\/laprensacristiana.com\/#website\",\"url\":\"https:\/\/laprensacristiana.com\/\",\"name\":\"La Prensa Cristiana\",\"description\":\"Anunciando Las Buenas Nuevas\",\"potentialAction\":[{\"@type\":\"SearchAction\",\"target\":{\"@type\":\"EntryPoint\",\"urlTemplate\":\"https:\/\/laprensacristiana.com\/?s={search_term_string}\"},\"query-input\":\"required name=search_term_string\"}],\"inLanguage\":\"es\"},{\"@type\":\"Person\",\"@id\":\"https:\/\/laprensacristiana.com\/#\/schema\/person\/3e7d82c6bfd6b1fa67010f8f7cd5256e\",\"name\":\"EDITOR\",\"image\":{\"@type\":\"ImageObject\",\"inLanguage\":\"es\",\"@id\":\"https:\/\/laprensacristiana.com\/#\/schema\/person\/image\/\",\"url\":\"https:\/\/secure.gravatar.com\/avatar\/72069dfb6c13772d9e8381e3638666d2?s=96&d=mm&r=g\",\"contentUrl\":\"https:\/\/secure.gravatar.com\/avatar\/72069dfb6c13772d9e8381e3638666d2?s=96&d=mm&r=g\",\"caption\":\"EDITOR\"},\"url\":\"https:\/\/laprensacristiana.com\/?author=3\"}]}<\/script>\n<!-- \/ Yoast SEO plugin. -->","yoast_head_json":{"title":"Taber se convierte en centro de acopio para insumos de privados de libertad - La Prensa Cristiana","robots":{"index":"index","follow":"follow","max-snippet":"max-snippet:-1","max-image-preview":"max-image-preview:large","max-video-preview":"max-video-preview:-1"},"canonical":"https:\/\/laprensacristiana.com\/?p=8565","og_locale":"es_ES","og_type":"article","og_title":"Taber se convierte en centro de acopio para insumos de privados de libertad - La Prensa Cristiana","og_description":"El Tabern\u00e1culo B\u00edblico Bautista Amigos de Israel durante la emergencia del Coronavirus ha incrementado su acci\u00f3n social. La Direcci\u00f3n General de Centros Penales anunci\u00f3 que ya estaba habilitado en el \u00abTaber\u00bb el centro de acopio para los privados de libertad y ni\u00f1os del Centro de Desarrollo Infantil Granja Penitenciaria Izalco. La iglesia se convierte en [&hellip;]","og_url":"https:\/\/laprensacristiana.com\/?p=8565","og_site_name":"La Prensa Cristiana","article_published_time":"2020-03-22T01:02:16+00:00","article_modified_time":"2020-03-22T01:02:19+00:00","og_image":[{"width":720,"height":707,"url":"https:\/\/laprensacristiana.com\/wp-content\/uploads\/2020\/03\/SAVE_20200321_185959.jpg","type":"image\/jpeg"}],"author":"EDITOR","twitter_card":"summary_large_image","twitter_misc":{"Escrito por":"EDITOR"},"schema":{"@context":"https:\/\/schema.org","@graph":[{"@type":"WebPage","@id":"https:\/\/laprensacristiana.com\/?p=8565","url":"https:\/\/laprensacristiana.com\/?p=8565","name":"Taber se convierte en centro de acopio para insumos de privados de libertad - La Prensa Cristiana","isPartOf":{"@id":"https:\/\/laprensacristiana.com\/#website"},"datePublished":"2020-03-22T01:02:16+00:00","dateModified":"2020-03-22T01:02:19+00:00","author":{"@id":"https:\/\/laprensacristiana.com\/#\/schema\/person\/3e7d82c6bfd6b1fa67010f8f7cd5256e"},"breadcrumb":{"@id":"https:\/\/laprensacristiana.com\/?p=8565#breadcrumb"},"inLanguage":"es","potentialAction":[{"@type":"ReadAction","target":["https:\/\/laprensacristiana.com\/?p=8565"]}]},{"@type":"BreadcrumbList","@id":"https:\/\/laprensacristiana.com\/?p=8565#breadcrumb","itemListElement":[{"@type":"ListItem","position":1,"name":"Portada","item":"https:\/\/laprensacristiana.com\/"},{"@type":"ListItem","position":2,"name":"Taber se convierte en centro de acopio para insumos de privados de libertad"}]},{"@type":"WebSite","@id":"https:\/\/laprensacristiana.com\/#website","url":"https:\/\/laprensacristiana.com\/","name":"La Prensa Cristiana","description":"Anunciando Las Buenas Nuevas","potentialAction":[{"@type":"SearchAction","target":{"@type":"EntryPoint","urlTemplate":"https:\/\/laprensacristiana.com\/?s={search_term_string}"},"query-input":"required name=search_term_string"}],"inLanguage":"es"},{"@type":"Person","@id":"https:\/\/laprensacristiana.com\/#\/schema\/person\/3e7d82c6bfd6b1fa67010f8f7cd5256e","name":"EDITOR","image":{"@type":"ImageObject","inLanguage":"es","@id":"https:\/\/laprensacristiana.com\/#\/schema\/person\/image\/","url":"https:\/\/secure.gravatar.com\/avatar\/72069dfb6c13772d9e8381e3638666d2?s=96&d=mm&r=g","contentUrl":"https:\/\/secure.gravatar.com\/avatar\/72069dfb6c13772d9e8381e3638666d2?s=96&d=mm&r=g","caption":"EDITOR"},"url":"https:\/\/laprensacristiana.com\/?author=3"}]}},"_links":{"self":[{"href":"https:\/\/laprensacristiana.com\/index.php?rest_route=\/wp\/v2\/posts\/8565"}],"collection":[{"href":"https:\/\/laprensacristiana.com\/index.php?rest_route=\/wp\/v2\/posts"}],"about":[{"href":"https:\/\/laprensacristiana.com\/index.php?rest_route=\/wp\/v2\/types\/post"}],"author":[{"embeddable":true,"href":"https:\/\/laprensacristiana.com\/index.php?rest_route=\/wp\/v2\/users\/3"}],"replies":[{"embeddable":true,"href":"https:\/\/laprensacristiana.com\/index.php?rest_route=%2Fwp%2Fv2%2Fcomments&post=8565"}],"version-history":[{"count":1,"href":"https:\/\/laprensacristiana.com\/index.php?rest_route=\/wp\/v2\/posts\/8565\/revisions"}],"predecessor-version":[{"id":8568,"href":"https:\/\/laprensacristiana.com\/index.php?rest_route=\/wp\/v2\/posts\/8565\/revisions\/8568"}],"wp:featuredmedia":[{"embeddable":true,"href":"https:\/\/laprensacristiana.com\/index.php?rest_route=\/wp\/v2\/media\/8567"}],"wp:attachment":[{"href":"https:\/\/laprensacristiana.com\/index.php?rest_route=%2Fwp%2Fv2%2Fmedia&parent=8565"}],"wp:term":[{"taxonomy":"category","embeddable":true,"href":"https:\/\/laprensacristiana.com\/index.php?rest_route=%2Fwp%2Fv2%2Fcategories&post=8565"},{"taxonomy":"post_tag","embeddable":true,"href":"https:\/\/laprensacristiana.com\/index.php?rest_route=%2Fwp%2Fv2%2Ftags&post=8565"}],"curies":[{"name":"wp","href":"https:\/\/api.w.org\/{rel}","templated":true}]}}