{"id":8569,"date":"2020-03-22T15:09:26","date_gmt":"2020-03-22T15:09:26","guid":{"rendered":"https:\/\/laprensacristiana.com\/?p=8569"},"modified":"2020-03-22T15:09:30","modified_gmt":"2020-03-22T15:09:30","slug":"estrella-o-arena","status":"publish","type":"post","link":"https:\/\/laprensacristiana.com\/?p=8569","title":{"rendered":"Estrella o arena"},"content":{"rendered":"\n<pre class=\"wp-block-code\"><code>                                             <\/code><\/pre>\n\n\n\n<p>G\u00e8nesis 22:17 \u201c\u2026de cierto te bendecir\u00e9 grandemente, y multiplicar\u00e9 en gran manera tu descendencia como las estrellas del cielo y como la arena en la orilla del mar\u2026\u201d<\/p>\n\n\n\n<p>Esta frase es de Johan W. von Goethe: \u201cTrata a un hombre tal como es, y seguir\u00e1 siendo lo que es; tr\u00e1talo como puede y debe ser, y se convertir\u00e1 en lo que puede y debe ser\u201d.<\/p>\n\n\n\n<p>Y me vino a la memoria porque me asombra cuantas personas que se dicen ser hijos de Dios no viven como tales. Mantienen una especie de s\u00edndrome de \u201cborrego\u201d porque viven, hacen y se comportan como los dem\u00e1s.<\/p>\n\n\n\n<p>Han permitido que la sociedad los masifique. No han encontrado su verdadera identidad en Cristo que desea que seamos luminarias en medio de las tinieblas que rodean nuestro entorno. Muy pocos son verdaderamente cristianos de influencia. No hay una conciencia de que somos mensajeros silenciosos del Reino de Dios y que a trav\u00e9s de nosotros el Se\u00f1or quiere impactar las vidas de los que no lo conocen.<\/p>\n\n\n\n<p>Pero, \u00bfcomo lograrlo si nosotros no estamos siendo tratados como \u00c8l quiere que nos traten?. L\u00f3gicamente si no nos comportamos como estrellas nadie nos tratar\u00e1 como tales. No brillamos, no iluminamos ni afectamos las vidas de otros que deseen ser lo que debi\u00e9ramos ser. <\/p>\n\n\n\n<p>La Biblia dice: \u201cDiga el pobre, rico soy\u201d. Porque lo que la Palabra desea es que lleguemos a ser lo que ella nos dice. Es por eso que la frase de Goethe es lapidaria. Si yo trato a nuestro jardinero como tal, seguir\u00e1 siendo un jardinero. Pero si le doy un trato de caballero, aunque trabaje como jardinero se conducir\u00e1 como un caballero. Las palabras tienen poder. No solo para influenciar sino tambi\u00e9n para transformar a los seres humanos.<\/p>\n\n\n\n<p>Tristemente hay cristianos que todos los pisotean. Les pisotean sus derechos, su dignidad, su autoestima. Todo porque se comportan como \u201cgranos de arena\u201d. Aunque los est\u00e1n tratando mal y les rebajen sus dignidad siguen all\u00ed, soportando silenciosamente \u201cpara la Gloria del Se\u00f1or\u201d todos los abusos que a los dem\u00e1s se les ocurren. No se atreven a romper los paradigmas sociales que los humillan d\u00e1ndoles migajas de lo que sobra porque no se creen dignos de acudir al Padre del Reino para que les supla sus necesidades y les ayude en sus batallas personales.  Prefieren tenderle la mano al hombre o al rico y poderoso de este mundo, en lugar de dignificarse y tenderle la mano al Dios Todopoderoso que nos ha salvado y puesto en lugares celestiales juntamente con su Hijo Jesus.<\/p>\n\n\n\n<p>Los hijos de Israel son un claro ejemplo de lo que estoy escribiendo: Dios los sac\u00f3 de la esclavitud de Egipto. All\u00ed los hac\u00edan trabajar todo el d\u00eca bajo un sol abrasador. Soportaban hambre, sed y vejaciones. En medio de todo, ellos clamaron al Dios del Cielo y \u00c8l los escuch\u00f3. Les env\u00edo un libertador -Mois\u00e9s-, para que los libertara del yugo denigrante que los humillaba y minimizaba. <\/p>\n\n\n\n<p>Todos creemos que estaban contentos con su liberaci\u00f3n. Todos esper\u00e1bamos que estuvieran agradecidos con el Se\u00f1or y con Mois\u00e9s. Pero no fue as\u00ed. En la primera prueba que tuvieron frente al mar Rojo expresaron la verdad que abrigaban en sus corazones: asombrosamente pidieron volver a Egipto. <\/p>\n\n\n\n<p>\u00bfVolver a ser esclavos? \u00bfA qui\u00e9n se le puede ocurrir semejante cosa? \u00bfVolver a sentir en sus espaldas el l\u00e1tigo opresor de los capataces? \u00bfRegresar al hambre, la sed y el aislamiento? \u00a1Vamos! hay que ser muy \u201carena\u201d para permitir que el orgullo, la soberbia y la ignorancia nos lleve a desear tal grado de degradaci\u00f3n.<br>\nSin embargo no hay que estar frente al desierto y el Mar Rojo para hacer lo mismo. Basta con un poco de hambre para decirle a Dios que no es cierto eso de la leche y la miel. Que es mejor regresar al mundo de donde hemos salido porque \u201call\u00ed com\u00edamos mejor que ahora que somos evang\u00e9licos. Que antes viv\u00edamos mejor. Que en nuestro trabajo anterior gan\u00e1bamos mejor salario. Que all\u00e1, en el barrio aquel todo sucio, lleno de grafitis y rodeados de pandilleros nos iba mejor porque no pag\u00e1bamos  tanto de luz, agua y comida\u201d. Granos de \u201carena\u201d que no queremos que nos traten como \u201cestrellas\u201d sencillamente porque no lo creemos ni nos sentimos como tales.<\/p>\n\n\n\n<p>No, no tiene la culpa ni la Iglesia, ni el gobierno ni Abraham ni nadie m\u00e0s que yo. Yo decido como me traten los dem\u00e1s. Si como una estrella que brilla en medio de la oscuridad o un grano de arena que cualquiera puede pisotear. Siempre le he dicho a las mujeres: \u00bfQuieren ser tratadas como damas? Vistan, hablen y comp\u00f3rtense como damas. Lo mismo aplica a los hombres. Ustedes deciden: estrellas o arena. <\/p>\n\n\n\n<p>Soli Deo Gloria<\/p>\n","protected":false},"excerpt":{"rendered":"<p>G\u00e8nesis 22:17 \u201c\u2026de cierto te bendecir\u00e9 grandemente, y multiplicar\u00e9 en gran manera tu descendencia como las estrellas del cielo y como la arena en la orilla del mar\u2026\u201d Esta frase es de Johan W. von Goethe: \u201cTrata a un hombre tal como es, y seguir\u00e1 siendo lo que es; tr\u00e1talo como puede y debe ser, [&hellip;]<\/p>\n","protected":false},"author":3,"featured_media":7949,"comment_status":"open","ping_status":"open","sticky":false,"template":"","format":"standard","meta":[],"categories":[56],"tags":[],"yoast_head":"<!-- This site is optimized with the Yoast SEO plugin v20.8 - https:\/\/yoast.com\/wordpress\/plugins\/seo\/ -->\n<title>Estrella o arena - La Prensa Cristiana<\/title>\n<meta name=\"robots\" content=\"index, follow, max-snippet:-1, max-image-preview:large, max-video-preview:-1\" \/>\n<link rel=\"canonical\" href=\"https:\/\/laprensacristiana.com\/?p=8569\" \/>\n<meta property=\"og:locale\" content=\"es_ES\" \/>\n<meta property=\"og:type\" content=\"article\" \/>\n<meta property=\"og:title\" content=\"Estrella o arena - La Prensa Cristiana\" \/>\n<meta property=\"og:description\" content=\"G\u00e8nesis 22:17 \u201c\u2026de cierto te bendecir\u00e9 grandemente, y multiplicar\u00e9 en gran manera tu descendencia como las estrellas del cielo y como la arena en la orilla del mar\u2026\u201d Esta frase es de Johan W. von Goethe: \u201cTrata a un hombre tal como es, y seguir\u00e1 siendo lo que es; tr\u00e1talo como puede y debe ser, [&hellip;]\" \/>\n<meta property=\"og:url\" content=\"https:\/\/laprensacristiana.com\/?p=8569\" \/>\n<meta property=\"og:site_name\" content=\"La Prensa Cristiana\" \/>\n<meta property=\"article:published_time\" content=\"2020-03-22T15:09:26+00:00\" \/>\n<meta property=\"article:modified_time\" content=\"2020-03-22T15:09:30+00:00\" \/>\n<meta property=\"og:image\" content=\"https:\/\/laprensacristiana.com\/wp-content\/uploads\/2020\/01\/2017-11-23-PHOTO-00003245-1.jpg\" \/>\n\t<meta property=\"og:image:width\" content=\"1280\" \/>\n\t<meta property=\"og:image:height\" content=\"714\" \/>\n\t<meta property=\"og:image:type\" content=\"image\/jpeg\" \/>\n<meta name=\"author\" content=\"EDITOR\" \/>\n<meta name=\"twitter:card\" content=\"summary_large_image\" \/>\n<meta name=\"twitter:label1\" content=\"Escrito por\" \/>\n\t<meta name=\"twitter:data1\" content=\"EDITOR\" \/>\n\t<meta name=\"twitter:label2\" content=\"Tiempo de lectura\" \/>\n\t<meta name=\"twitter:data2\" content=\"4 minutos\" \/>\n<script type=\"application\/ld+json\" class=\"yoast-schema-graph\">{\"@context\":\"https:\/\/schema.org\",\"@graph\":[{\"@type\":\"WebPage\",\"@id\":\"https:\/\/laprensacristiana.com\/?p=8569\",\"url\":\"https:\/\/laprensacristiana.com\/?p=8569\",\"name\":\"Estrella o arena - La Prensa Cristiana\",\"isPartOf\":{\"@id\":\"https:\/\/laprensacristiana.com\/#website\"},\"datePublished\":\"2020-03-22T15:09:26+00:00\",\"dateModified\":\"2020-03-22T15:09:30+00:00\",\"author\":{\"@id\":\"https:\/\/laprensacristiana.com\/#\/schema\/person\/3e7d82c6bfd6b1fa67010f8f7cd5256e\"},\"breadcrumb\":{\"@id\":\"https:\/\/laprensacristiana.com\/?p=8569#breadcrumb\"},\"inLanguage\":\"es\",\"potentialAction\":[{\"@type\":\"ReadAction\",\"target\":[\"https:\/\/laprensacristiana.com\/?p=8569\"]}]},{\"@type\":\"BreadcrumbList\",\"@id\":\"https:\/\/laprensacristiana.com\/?p=8569#breadcrumb\",\"itemListElement\":[{\"@type\":\"ListItem\",\"position\":1,\"name\":\"Portada\",\"item\":\"https:\/\/laprensacristiana.com\/\"},{\"@type\":\"ListItem\",\"position\":2,\"name\":\"Estrella o arena\"}]},{\"@type\":\"WebSite\",\"@id\":\"https:\/\/laprensacristiana.com\/#website\",\"url\":\"https:\/\/laprensacristiana.com\/\",\"name\":\"La Prensa Cristiana\",\"description\":\"Anunciando Las Buenas Nuevas\",\"potentialAction\":[{\"@type\":\"SearchAction\",\"target\":{\"@type\":\"EntryPoint\",\"urlTemplate\":\"https:\/\/laprensacristiana.com\/?s={search_term_string}\"},\"query-input\":\"required name=search_term_string\"}],\"inLanguage\":\"es\"},{\"@type\":\"Person\",\"@id\":\"https:\/\/laprensacristiana.com\/#\/schema\/person\/3e7d82c6bfd6b1fa67010f8f7cd5256e\",\"name\":\"EDITOR\",\"image\":{\"@type\":\"ImageObject\",\"inLanguage\":\"es\",\"@id\":\"https:\/\/laprensacristiana.com\/#\/schema\/person\/image\/\",\"url\":\"https:\/\/secure.gravatar.com\/avatar\/72069dfb6c13772d9e8381e3638666d2?s=96&d=mm&r=g\",\"contentUrl\":\"https:\/\/secure.gravatar.com\/avatar\/72069dfb6c13772d9e8381e3638666d2?s=96&d=mm&r=g\",\"caption\":\"EDITOR\"},\"url\":\"https:\/\/laprensacristiana.com\/?author=3\"}]}<\/script>\n<!-- \/ Yoast SEO plugin. -->","yoast_head_json":{"title":"Estrella o arena - La Prensa Cristiana","robots":{"index":"index","follow":"follow","max-snippet":"max-snippet:-1","max-image-preview":"max-image-preview:large","max-video-preview":"max-video-preview:-1"},"canonical":"https:\/\/laprensacristiana.com\/?p=8569","og_locale":"es_ES","og_type":"article","og_title":"Estrella o arena - La Prensa Cristiana","og_description":"G\u00e8nesis 22:17 \u201c\u2026de cierto te bendecir\u00e9 grandemente, y multiplicar\u00e9 en gran manera tu descendencia como las estrellas del cielo y como la arena en la orilla del mar\u2026\u201d Esta frase es de Johan W. von Goethe: \u201cTrata a un hombre tal como es, y seguir\u00e1 siendo lo que es; tr\u00e1talo como puede y debe ser, [&hellip;]","og_url":"https:\/\/laprensacristiana.com\/?p=8569","og_site_name":"La Prensa Cristiana","article_published_time":"2020-03-22T15:09:26+00:00","article_modified_time":"2020-03-22T15:09:30+00:00","og_image":[{"width":1280,"height":714,"url":"https:\/\/laprensacristiana.com\/wp-content\/uploads\/2020\/01\/2017-11-23-PHOTO-00003245-1.jpg","type":"image\/jpeg"}],"author":"EDITOR","twitter_card":"summary_large_image","twitter_misc":{"Escrito por":"EDITOR","Tiempo de lectura":"4 minutos"},"schema":{"@context":"https:\/\/schema.org","@graph":[{"@type":"WebPage","@id":"https:\/\/laprensacristiana.com\/?p=8569","url":"https:\/\/laprensacristiana.com\/?p=8569","name":"Estrella o arena - La Prensa Cristiana","isPartOf":{"@id":"https:\/\/laprensacristiana.com\/#website"},"datePublished":"2020-03-22T15:09:26+00:00","dateModified":"2020-03-22T15:09:30+00:00","author":{"@id":"https:\/\/laprensacristiana.com\/#\/schema\/person\/3e7d82c6bfd6b1fa67010f8f7cd5256e"},"breadcrumb":{"@id":"https:\/\/laprensacristiana.com\/?p=8569#breadcrumb"},"inLanguage":"es","potentialAction":[{"@type":"ReadAction","target":["https:\/\/laprensacristiana.com\/?p=8569"]}]},{"@type":"BreadcrumbList","@id":"https:\/\/laprensacristiana.com\/?p=8569#breadcrumb","itemListElement":[{"@type":"ListItem","position":1,"name":"Portada","item":"https:\/\/laprensacristiana.com\/"},{"@type":"ListItem","position":2,"name":"Estrella o arena"}]},{"@type":"WebSite","@id":"https:\/\/laprensacristiana.com\/#website","url":"https:\/\/laprensacristiana.com\/","name":"La Prensa Cristiana","description":"Anunciando Las Buenas Nuevas","potentialAction":[{"@type":"SearchAction","target":{"@type":"EntryPoint","urlTemplate":"https:\/\/laprensacristiana.com\/?s={search_term_string}"},"query-input":"required name=search_term_string"}],"inLanguage":"es"},{"@type":"Person","@id":"https:\/\/laprensacristiana.com\/#\/schema\/person\/3e7d82c6bfd6b1fa67010f8f7cd5256e","name":"EDITOR","image":{"@type":"ImageObject","inLanguage":"es","@id":"https:\/\/laprensacristiana.com\/#\/schema\/person\/image\/","url":"https:\/\/secure.gravatar.com\/avatar\/72069dfb6c13772d9e8381e3638666d2?s=96&d=mm&r=g","contentUrl":"https:\/\/secure.gravatar.com\/avatar\/72069dfb6c13772d9e8381e3638666d2?s=96&d=mm&r=g","caption":"EDITOR"},"url":"https:\/\/laprensacristiana.com\/?author=3"}]}},"_links":{"self":[{"href":"https:\/\/laprensacristiana.com\/index.php?rest_route=\/wp\/v2\/posts\/8569"}],"collection":[{"href":"https:\/\/laprensacristiana.com\/index.php?rest_route=\/wp\/v2\/posts"}],"about":[{"href":"https:\/\/laprensacristiana.com\/index.php?rest_route=\/wp\/v2\/types\/post"}],"author":[{"embeddable":true,"href":"https:\/\/laprensacristiana.com\/index.php?rest_route=\/wp\/v2\/users\/3"}],"replies":[{"embeddable":true,"href":"https:\/\/laprensacristiana.com\/index.php?rest_route=%2Fwp%2Fv2%2Fcomments&post=8569"}],"version-history":[{"count":1,"href":"https:\/\/laprensacristiana.com\/index.php?rest_route=\/wp\/v2\/posts\/8569\/revisions"}],"predecessor-version":[{"id":8570,"href":"https:\/\/laprensacristiana.com\/index.php?rest_route=\/wp\/v2\/posts\/8569\/revisions\/8570"}],"wp:featuredmedia":[{"embeddable":true,"href":"https:\/\/laprensacristiana.com\/index.php?rest_route=\/wp\/v2\/media\/7949"}],"wp:attachment":[{"href":"https:\/\/laprensacristiana.com\/index.php?rest_route=%2Fwp%2Fv2%2Fmedia&parent=8569"}],"wp:term":[{"taxonomy":"category","embeddable":true,"href":"https:\/\/laprensacristiana.com\/index.php?rest_route=%2Fwp%2Fv2%2Fcategories&post=8569"},{"taxonomy":"post_tag","embeddable":true,"href":"https:\/\/laprensacristiana.com\/index.php?rest_route=%2Fwp%2Fv2%2Ftags&post=8569"}],"curies":[{"name":"wp","href":"https:\/\/api.w.org\/{rel}","templated":true}]}}