{"id":8589,"date":"2020-03-25T14:58:58","date_gmt":"2020-03-25T14:58:58","guid":{"rendered":"https:\/\/laprensacristiana.com\/?p=8589"},"modified":"2020-03-25T14:59:01","modified_gmt":"2020-03-25T14:59:01","slug":"aprendiendo-de-la-crisis","status":"publish","type":"post","link":"https:\/\/laprensacristiana.com\/?p=8589","title":{"rendered":"Aprendiendo de la crisis"},"content":{"rendered":"\n<p>Para nuestro pulgarcito de Am\u00e9rica, la segunda quincena de marzo del 2020 har\u00e1 historia en nuestras vidas, paulatinamente se han venido deteniendo las actividades del mundo, y ahora nos llego a nosotros. <\/p>\n\n\n\n<p>Ayer, cuando tuve un momento a solas, se me vino una visi\u00f3n, en la que me ve\u00eda en una reuni\u00f3n familiar con mis nietos adolescentes comparti\u00e9ndoles lo que hab\u00edamos vivido con sus padres en 2020\u2026<\/p>\n\n\n\n<p>En enero del a\u00f1o en curso escuch\u00e1bamos en las noticias sobre el coronavirus que estaba cobrando vidas en China, despu\u00e9s estas noticias se dieron con m\u00e1s frecuencia y lo mismo suced\u00eda en Europa. Los salvadore\u00f1os ve\u00edamos las noticias con ojos de misericordia por todas las v\u00edctimas y pens\u00e1bamos que eso se quedar\u00eda en tierras lejanas. De repente, llego a los Estados Unidos de Am\u00e9rica, \u00a1Dios m\u00edo, ha llegado a nuestro continente!.<br>\nLas noticias solo hablaban de esto, del coronavirus, ve\u00edamos como cobraba m\u00e1s y m\u00e1s v\u00edctimas, las redes sociales infestadas con videos de m\u00e9dicos que hac\u00edan todo lo posible para salvar vidas y no pod\u00edan; l\u00edderes religiosos dando su testimonio de que hab\u00edan salido positivos al virus y haciendo un llamado al mundo para que acataran el aislamiento social; videos de pacientes adultos, ni\u00f1os, adultos mayores aferr\u00e1ndose a la vida, tratando de respirar y colapsando en la muerte; videos de caravanas de camiones militares cargando los ata\u00fades; las personas confinadas en sus casas. Sent\u00edamos un gran pesar en nuestro coraz\u00f3n por toda la humanidad que estaba pasando esto. A\u00fan con la esperanza de que en El Salvador no sucediera, los salvadore\u00f1os continu\u00e1bamos con nuestra vida normal y de repente nuestro Presidente empieza a tomar medidas para protegernos, iniciando por suspender las clases; preparando albergues; limitando la entrada al pa\u00eds y poco despu\u00e9s tambi\u00e9n la salida; una fuerte campa\u00f1a de \u201cqu\u00e9date en casa\u201d; poco a poco la poblaci\u00f3n fue tomando conciencia; hasta llegar al confinamiento total en casa, que es el que estamos viviendo actualmente.<\/p>\n\n\n\n<p>Los humano somos seres de costumbres, aprenderemos a vivir y manejar nuestras emociones durante 1 mes dentro de casa. Programa tu mente que tu mejor seguro de vida y m\u00e9dico es quedarte en casa, porque si sales, te puedes contagiar. Dios nos ha dado el libre albedr\u00edo, \u201cas\u00ed que, tendr\u00e1s que elegir entre contagiarte o aprender a manejar tus emociones\u201d.<\/p>\n\n\n\n<p>Es normal que tengas una sensaci\u00f3n de p\u00e9rdida de libertad, que por el momento no puedes desarrollar proyectos laborales, ni actividades personales, familiares, espirituales, deportivas y esto te genere: MIEDO, incertidumbre, enojo, frustraci\u00f3n, ansiedad, tristeza, soledad, sensaci\u00f3n de encierro, aburrimiento, desorganizaci\u00f3n, apat\u00eda, depresi\u00f3n, preocupaci\u00f3n, entre otros. Posiblemente tengas reacciones desproporcionadas como ir al super y comprar todo lo que puedas; o acaparar todas las mascarillas y alcohol gel de las farmacias; esas respuestas son producto del miedo e incertidumbre que te genera tanto p\u00e1nico ante una amenaza que no puedes controlar, ni TU, ni nadie, solo respetar las medidas de protecci\u00f3n y seguridad que nuestro presidente ha establecido.<\/p>\n\n\n\n<p>Se que el hogar no es un campo de rosas, pareciera m\u00e1s una olla de presi\u00f3n que puede explotar en cualquier momento, todos estamos ansiosos, confundidos, viviendo la incertidumbre \u00bfqu\u00e9 va a pasar con nuestras vidas?, as\u00ed que tendremos que ser juiciosos en nuestras conversaciones y comentarios. Ya que tu c\u00f3nyuge, hijo, padre, madre, hermano, pr\u00f3jimo, esta sintiendo lo mismo que tu. Desarrolla la empat\u00eda y desde el coraz\u00f3n expresen c\u00f3mo se sienten, establezcan en familia una rutina para aprender un nuevo estilo de vida, en el que incluyan: preparar alimentaci\u00f3n sana, horario para dormir , limpieza de la casa, ejercicio f\u00edsico, tiempo para estudiar y leer, recreaci\u00f3n (juegos de mesa, cine-forum), escuchar m\u00fasica, peque\u00f1a siesta, conversar y compartir, \u201creducir el hacer y centrarse en el ser y estar\u201d. Es muy importante que la higiene y arreglo personal contin\u00fae, qu\u00edtate la pijama desde tempranito.<\/p>\n\n\n\n<p>Pues si, queridos nietos, en esa etapa del 2020 aprendimos a valorar lo que realmente importa, a darle prioridad a Dios y a la familia, aprendimos a colaborar unos con otros, a ser emp\u00e1ticos, los padres de familia retomamos lo que hac\u00edamos de ni\u00f1os cuando no hab\u00eda tecnolog\u00eda y les ense\u00f1amos a nuestros hijos a ser creativos y a disfrutar la vida sin internet, aprendimos a cuidar la comida, a no desperdiciar, a ejercitar nuestro cuerpo, retomamos los abrazos y los besos, valoramos la libertad, el poder contemplar desde nuestra ventana un amanecer y un atardecer, el escuchar el despertar de los pajaritos. Y le agradecimos a Dios por darnos una nueva oportunidad para vivir diferente. <\/p>\n\n\n\n<p>Durante la crisis y cuando \u00e9sta termino, entendimos que el Se\u00f1or nos llamo a regresar a El y valorar los regalos que a diario nos da, su Palabra, el amor, la familia y la salud.<\/p>\n\n\n\n<p>Dios te bendiga,<br>Camarena psicologia<\/p>\n","protected":false},"excerpt":{"rendered":"<p>Para nuestro pulgarcito de Am\u00e9rica, la segunda quincena de marzo del 2020 har\u00e1 historia en nuestras vidas, paulatinamente se han venido deteniendo las actividades del mundo, y ahora nos llego a nosotros. Ayer, cuando tuve un momento a solas, se me vino una visi\u00f3n, en la que me ve\u00eda en una reuni\u00f3n familiar con mis [&hellip;]<\/p>\n","protected":false},"author":3,"featured_media":7859,"comment_status":"open","ping_status":"open","sticky":false,"template":"","format":"standard","meta":[],"categories":[1],"tags":[],"yoast_head":"<!-- This site is optimized with the Yoast SEO plugin v20.8 - https:\/\/yoast.com\/wordpress\/plugins\/seo\/ -->\n<title>Aprendiendo de la crisis - La Prensa Cristiana<\/title>\n<meta name=\"robots\" content=\"index, follow, max-snippet:-1, max-image-preview:large, max-video-preview:-1\" \/>\n<link rel=\"canonical\" href=\"https:\/\/laprensacristiana.com\/?p=8589\" \/>\n<meta property=\"og:locale\" content=\"es_ES\" \/>\n<meta property=\"og:type\" content=\"article\" \/>\n<meta property=\"og:title\" content=\"Aprendiendo de la crisis - La Prensa Cristiana\" \/>\n<meta property=\"og:description\" content=\"Para nuestro pulgarcito de Am\u00e9rica, la segunda quincena de marzo del 2020 har\u00e1 historia en nuestras vidas, paulatinamente se han venido deteniendo las actividades del mundo, y ahora nos llego a nosotros. Ayer, cuando tuve un momento a solas, se me vino una visi\u00f3n, en la que me ve\u00eda en una reuni\u00f3n familiar con mis [&hellip;]\" \/>\n<meta property=\"og:url\" content=\"https:\/\/laprensacristiana.com\/?p=8589\" \/>\n<meta property=\"og:site_name\" content=\"La Prensa Cristiana\" \/>\n<meta property=\"article:published_time\" content=\"2020-03-25T14:58:58+00:00\" \/>\n<meta property=\"article:modified_time\" content=\"2020-03-25T14:59:01+00:00\" \/>\n<meta property=\"og:image\" content=\"https:\/\/laprensacristiana.com\/wp-content\/uploads\/2020\/01\/WhatsApp-Image-2018-03-14-at-14.40.01.jpeg\" \/>\n\t<meta property=\"og:image:width\" content=\"1280\" \/>\n\t<meta property=\"og:image:height\" content=\"714\" \/>\n\t<meta property=\"og:image:type\" content=\"image\/jpeg\" \/>\n<meta name=\"author\" content=\"EDITOR\" \/>\n<meta name=\"twitter:card\" content=\"summary_large_image\" \/>\n<meta name=\"twitter:label1\" content=\"Escrito por\" \/>\n\t<meta name=\"twitter:data1\" content=\"EDITOR\" \/>\n\t<meta name=\"twitter:label2\" content=\"Tiempo de lectura\" \/>\n\t<meta name=\"twitter:data2\" content=\"4 minutos\" \/>\n<script type=\"application\/ld+json\" class=\"yoast-schema-graph\">{\"@context\":\"https:\/\/schema.org\",\"@graph\":[{\"@type\":\"WebPage\",\"@id\":\"https:\/\/laprensacristiana.com\/?p=8589\",\"url\":\"https:\/\/laprensacristiana.com\/?p=8589\",\"name\":\"Aprendiendo de la crisis - La Prensa Cristiana\",\"isPartOf\":{\"@id\":\"https:\/\/laprensacristiana.com\/#website\"},\"datePublished\":\"2020-03-25T14:58:58+00:00\",\"dateModified\":\"2020-03-25T14:59:01+00:00\",\"author\":{\"@id\":\"https:\/\/laprensacristiana.com\/#\/schema\/person\/3e7d82c6bfd6b1fa67010f8f7cd5256e\"},\"breadcrumb\":{\"@id\":\"https:\/\/laprensacristiana.com\/?p=8589#breadcrumb\"},\"inLanguage\":\"es\",\"potentialAction\":[{\"@type\":\"ReadAction\",\"target\":[\"https:\/\/laprensacristiana.com\/?p=8589\"]}]},{\"@type\":\"BreadcrumbList\",\"@id\":\"https:\/\/laprensacristiana.com\/?p=8589#breadcrumb\",\"itemListElement\":[{\"@type\":\"ListItem\",\"position\":1,\"name\":\"Portada\",\"item\":\"https:\/\/laprensacristiana.com\/\"},{\"@type\":\"ListItem\",\"position\":2,\"name\":\"Aprendiendo de la crisis\"}]},{\"@type\":\"WebSite\",\"@id\":\"https:\/\/laprensacristiana.com\/#website\",\"url\":\"https:\/\/laprensacristiana.com\/\",\"name\":\"La Prensa Cristiana\",\"description\":\"Anunciando Las Buenas Nuevas\",\"potentialAction\":[{\"@type\":\"SearchAction\",\"target\":{\"@type\":\"EntryPoint\",\"urlTemplate\":\"https:\/\/laprensacristiana.com\/?s={search_term_string}\"},\"query-input\":\"required name=search_term_string\"}],\"inLanguage\":\"es\"},{\"@type\":\"Person\",\"@id\":\"https:\/\/laprensacristiana.com\/#\/schema\/person\/3e7d82c6bfd6b1fa67010f8f7cd5256e\",\"name\":\"EDITOR\",\"image\":{\"@type\":\"ImageObject\",\"inLanguage\":\"es\",\"@id\":\"https:\/\/laprensacristiana.com\/#\/schema\/person\/image\/\",\"url\":\"https:\/\/secure.gravatar.com\/avatar\/72069dfb6c13772d9e8381e3638666d2?s=96&d=mm&r=g\",\"contentUrl\":\"https:\/\/secure.gravatar.com\/avatar\/72069dfb6c13772d9e8381e3638666d2?s=96&d=mm&r=g\",\"caption\":\"EDITOR\"},\"url\":\"https:\/\/laprensacristiana.com\/?author=3\"}]}<\/script>\n<!-- \/ Yoast SEO plugin. -->","yoast_head_json":{"title":"Aprendiendo de la crisis - La Prensa Cristiana","robots":{"index":"index","follow":"follow","max-snippet":"max-snippet:-1","max-image-preview":"max-image-preview:large","max-video-preview":"max-video-preview:-1"},"canonical":"https:\/\/laprensacristiana.com\/?p=8589","og_locale":"es_ES","og_type":"article","og_title":"Aprendiendo de la crisis - La Prensa Cristiana","og_description":"Para nuestro pulgarcito de Am\u00e9rica, la segunda quincena de marzo del 2020 har\u00e1 historia en nuestras vidas, paulatinamente se han venido deteniendo las actividades del mundo, y ahora nos llego a nosotros. Ayer, cuando tuve un momento a solas, se me vino una visi\u00f3n, en la que me ve\u00eda en una reuni\u00f3n familiar con mis [&hellip;]","og_url":"https:\/\/laprensacristiana.com\/?p=8589","og_site_name":"La Prensa Cristiana","article_published_time":"2020-03-25T14:58:58+00:00","article_modified_time":"2020-03-25T14:59:01+00:00","og_image":[{"width":1280,"height":714,"url":"https:\/\/laprensacristiana.com\/wp-content\/uploads\/2020\/01\/WhatsApp-Image-2018-03-14-at-14.40.01.jpeg","type":"image\/jpeg"}],"author":"EDITOR","twitter_card":"summary_large_image","twitter_misc":{"Escrito por":"EDITOR","Tiempo de lectura":"4 minutos"},"schema":{"@context":"https:\/\/schema.org","@graph":[{"@type":"WebPage","@id":"https:\/\/laprensacristiana.com\/?p=8589","url":"https:\/\/laprensacristiana.com\/?p=8589","name":"Aprendiendo de la crisis - La Prensa Cristiana","isPartOf":{"@id":"https:\/\/laprensacristiana.com\/#website"},"datePublished":"2020-03-25T14:58:58+00:00","dateModified":"2020-03-25T14:59:01+00:00","author":{"@id":"https:\/\/laprensacristiana.com\/#\/schema\/person\/3e7d82c6bfd6b1fa67010f8f7cd5256e"},"breadcrumb":{"@id":"https:\/\/laprensacristiana.com\/?p=8589#breadcrumb"},"inLanguage":"es","potentialAction":[{"@type":"ReadAction","target":["https:\/\/laprensacristiana.com\/?p=8589"]}]},{"@type":"BreadcrumbList","@id":"https:\/\/laprensacristiana.com\/?p=8589#breadcrumb","itemListElement":[{"@type":"ListItem","position":1,"name":"Portada","item":"https:\/\/laprensacristiana.com\/"},{"@type":"ListItem","position":2,"name":"Aprendiendo de la crisis"}]},{"@type":"WebSite","@id":"https:\/\/laprensacristiana.com\/#website","url":"https:\/\/laprensacristiana.com\/","name":"La Prensa Cristiana","description":"Anunciando Las Buenas Nuevas","potentialAction":[{"@type":"SearchAction","target":{"@type":"EntryPoint","urlTemplate":"https:\/\/laprensacristiana.com\/?s={search_term_string}"},"query-input":"required name=search_term_string"}],"inLanguage":"es"},{"@type":"Person","@id":"https:\/\/laprensacristiana.com\/#\/schema\/person\/3e7d82c6bfd6b1fa67010f8f7cd5256e","name":"EDITOR","image":{"@type":"ImageObject","inLanguage":"es","@id":"https:\/\/laprensacristiana.com\/#\/schema\/person\/image\/","url":"https:\/\/secure.gravatar.com\/avatar\/72069dfb6c13772d9e8381e3638666d2?s=96&d=mm&r=g","contentUrl":"https:\/\/secure.gravatar.com\/avatar\/72069dfb6c13772d9e8381e3638666d2?s=96&d=mm&r=g","caption":"EDITOR"},"url":"https:\/\/laprensacristiana.com\/?author=3"}]}},"_links":{"self":[{"href":"https:\/\/laprensacristiana.com\/index.php?rest_route=\/wp\/v2\/posts\/8589"}],"collection":[{"href":"https:\/\/laprensacristiana.com\/index.php?rest_route=\/wp\/v2\/posts"}],"about":[{"href":"https:\/\/laprensacristiana.com\/index.php?rest_route=\/wp\/v2\/types\/post"}],"author":[{"embeddable":true,"href":"https:\/\/laprensacristiana.com\/index.php?rest_route=\/wp\/v2\/users\/3"}],"replies":[{"embeddable":true,"href":"https:\/\/laprensacristiana.com\/index.php?rest_route=%2Fwp%2Fv2%2Fcomments&post=8589"}],"version-history":[{"count":1,"href":"https:\/\/laprensacristiana.com\/index.php?rest_route=\/wp\/v2\/posts\/8589\/revisions"}],"predecessor-version":[{"id":8590,"href":"https:\/\/laprensacristiana.com\/index.php?rest_route=\/wp\/v2\/posts\/8589\/revisions\/8590"}],"wp:featuredmedia":[{"embeddable":true,"href":"https:\/\/laprensacristiana.com\/index.php?rest_route=\/wp\/v2\/media\/7859"}],"wp:attachment":[{"href":"https:\/\/laprensacristiana.com\/index.php?rest_route=%2Fwp%2Fv2%2Fmedia&parent=8589"}],"wp:term":[{"taxonomy":"category","embeddable":true,"href":"https:\/\/laprensacristiana.com\/index.php?rest_route=%2Fwp%2Fv2%2Fcategories&post=8589"},{"taxonomy":"post_tag","embeddable":true,"href":"https:\/\/laprensacristiana.com\/index.php?rest_route=%2Fwp%2Fv2%2Ftags&post=8589"}],"curies":[{"name":"wp","href":"https:\/\/api.w.org\/{rel}","templated":true}]}}