{"id":8594,"date":"2020-03-25T22:45:43","date_gmt":"2020-03-25T22:45:43","guid":{"rendered":"https:\/\/laprensacristiana.com\/?p=8594"},"modified":"2020-07-01T19:42:53","modified_gmt":"2020-07-01T19:42:53","slug":"banda-alternativa-cumple-20-anos-de-trayectoria","status":"publish","type":"post","link":"https:\/\/laprensacristiana.com\/?p=8594","title":{"rendered":"Banda Alternativa cumple 20 a\u00f1os de trayectoria"},"content":{"rendered":"\n<p>Con ya 20 a\u00f1os de trayectoria Musical, Banda Alternativa nos deja saber que esta celebrando 13 a\u00f1os de radicar en Guatemala. \u201celegimos este Hermoso Pa\u00eds para vivir porque est\u00e1bamos recibiendo mas de 10 invitaciones mensuales y nuestro Pa\u00eds Uruguay  quedaba muy lejos de todo y log\u00edsticamente Guatemala es muy estrat\u00e9gico\u201d menciona Nicol\u00e1s Armada \u2013 L\u00edder, Guitarrista y voz principal. La agrupaci\u00f3n ya ha visitado 22 pa\u00edses, y se encuentra trabajando en su disco NUMERO 10 recibiendo much\u00edsimas sorpresas en todas sus Redes Sociales \u201cen tan solo 2 meses tuvimos mas de 4 millones de visitas en YouTube de la canci\u00f3n UNA SE\u00d1AL, a la gente le gusto much\u00edsimo esa canci\u00f3n porque es una mezcla de Cumbia Pop y M\u00fasica Urbana\u201d nos menciona Juan Carlos R\u00edos, Percusionista y voz del grupo. A lo largo de estos a\u00f1os, Banda Alternativa a visitado mas de 250 ciudades en Am\u00e9rica Latina y Europa, recorriendo los estadios, Arenas y Auditorios mas importantes de cada Ciudad, tales como Centro de Convenciones G12 con una capacidad mayor a 15 mil personas, Explanada del Malec\u00f3n de Guayaquil Ecuador con capacidad mayor a 20 mil personas, ,en Uruguay el gran Estadio Centenario con capacidad para 50 mil personas, en Argentina el Estadio Luna Park con capacidad de 10 mil personas y Teatro Gran Rex con capacidad de 3 mil personas, en Monterrey M\u00e9xico Cintermex Arena con una capacidad para 18 mil personas. Tambi\u00e9n han participado en eventos multitudinarios tales como FESTIVAL DE LA FAMILIA con Luis Palau en Ciudad de Guatemala donde se juntaron en dos d\u00edas mas de 800.000 personas cerrando banda alternativa con un Concierto Incre\u00edble, tambi\u00e9n en el CENTRO INTERNACIONAL DE CONVENCIONES C.I.F.C.O. en la Ciudad de El Salvador con capacidad mayor a 15 mil personas. \u201cEstamos asombrados de la cantidad de pa\u00edses y ciudades innumerables que a lo largo de estos a\u00f1os hemos recorrido, el cari\u00f1o de la gente es lo que mas nos llena el coraz\u00f3n\u201d menciona Juan L\u00f3pez Baterista y voz de Banda Alternativa. La Agrupaci\u00f3n ha sabido compartir escenario con grandes exponentes de la M\u00fasica Cristiana Latina tales como Alex Campos ganador de 4 Lat\u00edn Grammy, Marcos Witt ganador de 5 Lat\u00edn Grammy, 11 Premios Arpa y 2 Premios Billboard. Tambi\u00e9n compartiendo grandes escenarios con Danilo Montero ganador de un Lat\u00edn Grammy, 5 Premios Arpa y un Premio Billboard. <\/p>\n\n\n\n<figure class=\"wp-block-image\"><img decoding=\"async\" loading=\"lazy\" width=\"1024\" height=\"683\" src=\"https:\/\/laprensacristiana.com\/wp-content\/uploads\/2020\/03\/SAVE_20200325_163853-1024x683.jpg\" alt=\"\" class=\"wp-image-8593\" srcset=\"https:\/\/laprensacristiana.com\/wp-content\/uploads\/2020\/03\/SAVE_20200325_163853-1024x683.jpg 1024w, https:\/\/laprensacristiana.com\/wp-content\/uploads\/2020\/03\/SAVE_20200325_163853-300x200.jpg 300w, https:\/\/laprensacristiana.com\/wp-content\/uploads\/2020\/03\/SAVE_20200325_163853-768x512.jpg 768w, https:\/\/laprensacristiana.com\/wp-content\/uploads\/2020\/03\/SAVE_20200325_163853-696x464.jpg 696w, https:\/\/laprensacristiana.com\/wp-content\/uploads\/2020\/03\/SAVE_20200325_163853-1068x712.jpg 1068w, https:\/\/laprensacristiana.com\/wp-content\/uploads\/2020\/03\/SAVE_20200325_163853-630x420.jpg 630w, https:\/\/laprensacristiana.com\/wp-content\/uploads\/2020\/03\/SAVE_20200325_163853-600x400.jpg 600w, https:\/\/laprensacristiana.com\/wp-content\/uploads\/2020\/03\/SAVE_20200325_163853.jpg 1200w\" sizes=\"(max-width: 1024px) 100vw, 1024px\" \/><\/figure>\n\n\n\n<p><br> \u201cEstamos felices por lo que ha pasado en el a\u00f1o 2019 y lo que vendr\u00e1 en los pr\u00f3ximos a\u00f1os 2020 y 2021, planeando varias visitas por los Estados Unidos junto a VIDA PRODUCCIONES. Tambi\u00e9n visitaremos Colombia el BOGOTA GOSPEL en el Parque Sim\u00f3n Bol\u00edvar de Bogot\u00e1 con una convocatoria mayor a las 50 mil personas y un gira por Argentina Visitando el Estadio Luna Park y La Convenci\u00f3n G12 en El Estadio Mario Alberto Kempes con concurrencia mayor a las 30 mil personas y una gira de 10 d\u00edas por Panam\u00e1 y Guatemala\u201d nos comenta Nicol\u00e1s de Banda Alternativa. La Agrupaci\u00f3n ha ganado premios tales como PRAISE MUSIC AWARDS en reconocimiento por el labor realizado en Colombia, SION MUSIC AWARDS como Artista referente del Uruguay), VISION MUSIC AWARDS como Ritmo Latino del A\u00f1o y nominaciones a los PREMIOS ARPA.<br> Alternativa en este a\u00f1o 2020 lanzar\u00e1 su decima producci\u00f3n llamada \u201cTe Encontr\u00e9\u201d con la particularidad de haber trabajado con diferentes productores como Nicol\u00e1s Pucci de Argentina, Mr. Jham Enciclopedia Musical de Republica Dominicana, Nico Armada de Uruguay y el destacado Productor Mexicano Eirean Music. <br> Para contactar a Banda Alternativa pueden entrar a www.bandaalternativa.com, atreves de sus redes sociales buscando como: Banda Alternativa y disfrutar de su m\u00fasica en todas sus plataformas digitales. <\/p>\n\n\n\n<figure class=\"wp-block-image\"><img decoding=\"async\" loading=\"lazy\" width=\"1024\" height=\"683\" src=\"https:\/\/laprensacristiana.com\/wp-content\/uploads\/2020\/03\/SAVE_20200325_163902-1-1024x683.jpg\" alt=\"\" class=\"wp-image-8595\" srcset=\"https:\/\/laprensacristiana.com\/wp-content\/uploads\/2020\/03\/SAVE_20200325_163902-1-1024x683.jpg 1024w, https:\/\/laprensacristiana.com\/wp-content\/uploads\/2020\/03\/SAVE_20200325_163902-1-300x200.jpg 300w, https:\/\/laprensacristiana.com\/wp-content\/uploads\/2020\/03\/SAVE_20200325_163902-1-768x512.jpg 768w, https:\/\/laprensacristiana.com\/wp-content\/uploads\/2020\/03\/SAVE_20200325_163902-1-696x464.jpg 696w, https:\/\/laprensacristiana.com\/wp-content\/uploads\/2020\/03\/SAVE_20200325_163902-1-1068x713.jpg 1068w, https:\/\/laprensacristiana.com\/wp-content\/uploads\/2020\/03\/SAVE_20200325_163902-1-630x420.jpg 630w, https:\/\/laprensacristiana.com\/wp-content\/uploads\/2020\/03\/SAVE_20200325_163902-1-600x400.jpg 600w, https:\/\/laprensacristiana.com\/wp-content\/uploads\/2020\/03\/SAVE_20200325_163902-1.jpg 1280w\" sizes=\"(max-width: 1024px) 100vw, 1024px\" \/><\/figure>\n","protected":false},"excerpt":{"rendered":"<p>Con ya 20 a\u00f1os de trayectoria Musical, Banda Alternativa nos deja saber que esta celebrando 13 a\u00f1os de radicar en Guatemala. \u201celegimos este Hermoso Pa\u00eds para vivir porque est\u00e1bamos recibiendo mas de 10 invitaciones mensuales y nuestro Pa\u00eds Uruguay quedaba muy lejos de todo y log\u00edsticamente Guatemala es muy estrat\u00e9gico\u201d menciona Nicol\u00e1s Armada \u2013 L\u00edder, [&hellip;]<\/p>\n","protected":false},"author":3,"featured_media":8596,"comment_status":"open","ping_status":"open","sticky":false,"template":"","format":"standard","meta":[],"categories":[101],"tags":[],"yoast_head":"<!-- This site is optimized with the Yoast SEO plugin v20.8 - https:\/\/yoast.com\/wordpress\/plugins\/seo\/ -->\n<title>Banda Alternativa cumple 20 a\u00f1os de trayectoria - La Prensa Cristiana<\/title>\n<meta name=\"robots\" content=\"index, follow, max-snippet:-1, max-image-preview:large, max-video-preview:-1\" \/>\n<link rel=\"canonical\" href=\"https:\/\/laprensacristiana.com\/?p=8594\" \/>\n<meta property=\"og:locale\" content=\"es_ES\" \/>\n<meta property=\"og:type\" content=\"article\" \/>\n<meta property=\"og:title\" content=\"Banda Alternativa cumple 20 a\u00f1os de trayectoria - La Prensa Cristiana\" \/>\n<meta property=\"og:description\" content=\"Con ya 20 a\u00f1os de trayectoria Musical, Banda Alternativa nos deja saber que esta celebrando 13 a\u00f1os de radicar en Guatemala. \u201celegimos este Hermoso Pa\u00eds para vivir porque est\u00e1bamos recibiendo mas de 10 invitaciones mensuales y nuestro Pa\u00eds Uruguay quedaba muy lejos de todo y log\u00edsticamente Guatemala es muy estrat\u00e9gico\u201d menciona Nicol\u00e1s Armada \u2013 L\u00edder, [&hellip;]\" \/>\n<meta property=\"og:url\" content=\"https:\/\/laprensacristiana.com\/?p=8594\" \/>\n<meta property=\"og:site_name\" content=\"La Prensa Cristiana\" \/>\n<meta property=\"article:published_time\" content=\"2020-03-25T22:45:43+00:00\" \/>\n<meta property=\"article:modified_time\" content=\"2020-07-01T19:42:53+00:00\" \/>\n<meta property=\"og:image\" content=\"https:\/\/laprensacristiana.com\/wp-content\/uploads\/2020\/03\/SAVE_20200325_163844.jpg\" \/>\n\t<meta property=\"og:image:width\" content=\"960\" \/>\n\t<meta property=\"og:image:height\" content=\"320\" \/>\n\t<meta property=\"og:image:type\" content=\"image\/jpeg\" \/>\n<meta name=\"author\" content=\"EDITOR\" \/>\n<meta name=\"twitter:card\" content=\"summary_large_image\" \/>\n<meta name=\"twitter:label1\" content=\"Escrito por\" \/>\n\t<meta name=\"twitter:data1\" content=\"EDITOR\" \/>\n\t<meta name=\"twitter:label2\" content=\"Tiempo de lectura\" \/>\n\t<meta name=\"twitter:data2\" content=\"3 minutos\" \/>\n<script type=\"application\/ld+json\" class=\"yoast-schema-graph\">{\"@context\":\"https:\/\/schema.org\",\"@graph\":[{\"@type\":\"WebPage\",\"@id\":\"https:\/\/laprensacristiana.com\/?p=8594\",\"url\":\"https:\/\/laprensacristiana.com\/?p=8594\",\"name\":\"Banda Alternativa cumple 20 a\u00f1os de trayectoria - La Prensa Cristiana\",\"isPartOf\":{\"@id\":\"https:\/\/laprensacristiana.com\/#website\"},\"datePublished\":\"2020-03-25T22:45:43+00:00\",\"dateModified\":\"2020-07-01T19:42:53+00:00\",\"author\":{\"@id\":\"https:\/\/laprensacristiana.com\/#\/schema\/person\/3e7d82c6bfd6b1fa67010f8f7cd5256e\"},\"breadcrumb\":{\"@id\":\"https:\/\/laprensacristiana.com\/?p=8594#breadcrumb\"},\"inLanguage\":\"es\",\"potentialAction\":[{\"@type\":\"ReadAction\",\"target\":[\"https:\/\/laprensacristiana.com\/?p=8594\"]}]},{\"@type\":\"BreadcrumbList\",\"@id\":\"https:\/\/laprensacristiana.com\/?p=8594#breadcrumb\",\"itemListElement\":[{\"@type\":\"ListItem\",\"position\":1,\"name\":\"Portada\",\"item\":\"https:\/\/laprensacristiana.com\/\"},{\"@type\":\"ListItem\",\"position\":2,\"name\":\"Banda Alternativa cumple 20 a\u00f1os de trayectoria\"}]},{\"@type\":\"WebSite\",\"@id\":\"https:\/\/laprensacristiana.com\/#website\",\"url\":\"https:\/\/laprensacristiana.com\/\",\"name\":\"La Prensa Cristiana\",\"description\":\"Anunciando Las Buenas Nuevas\",\"potentialAction\":[{\"@type\":\"SearchAction\",\"target\":{\"@type\":\"EntryPoint\",\"urlTemplate\":\"https:\/\/laprensacristiana.com\/?s={search_term_string}\"},\"query-input\":\"required name=search_term_string\"}],\"inLanguage\":\"es\"},{\"@type\":\"Person\",\"@id\":\"https:\/\/laprensacristiana.com\/#\/schema\/person\/3e7d82c6bfd6b1fa67010f8f7cd5256e\",\"name\":\"EDITOR\",\"image\":{\"@type\":\"ImageObject\",\"inLanguage\":\"es\",\"@id\":\"https:\/\/laprensacristiana.com\/#\/schema\/person\/image\/\",\"url\":\"https:\/\/secure.gravatar.com\/avatar\/72069dfb6c13772d9e8381e3638666d2?s=96&d=mm&r=g\",\"contentUrl\":\"https:\/\/secure.gravatar.com\/avatar\/72069dfb6c13772d9e8381e3638666d2?s=96&d=mm&r=g\",\"caption\":\"EDITOR\"},\"url\":\"https:\/\/laprensacristiana.com\/?author=3\"}]}<\/script>\n<!-- \/ Yoast SEO plugin. -->","yoast_head_json":{"title":"Banda Alternativa cumple 20 a\u00f1os de trayectoria - La Prensa Cristiana","robots":{"index":"index","follow":"follow","max-snippet":"max-snippet:-1","max-image-preview":"max-image-preview:large","max-video-preview":"max-video-preview:-1"},"canonical":"https:\/\/laprensacristiana.com\/?p=8594","og_locale":"es_ES","og_type":"article","og_title":"Banda Alternativa cumple 20 a\u00f1os de trayectoria - La Prensa Cristiana","og_description":"Con ya 20 a\u00f1os de trayectoria Musical, Banda Alternativa nos deja saber que esta celebrando 13 a\u00f1os de radicar en Guatemala. \u201celegimos este Hermoso Pa\u00eds para vivir porque est\u00e1bamos recibiendo mas de 10 invitaciones mensuales y nuestro Pa\u00eds Uruguay quedaba muy lejos de todo y log\u00edsticamente Guatemala es muy estrat\u00e9gico\u201d menciona Nicol\u00e1s Armada \u2013 L\u00edder, [&hellip;]","og_url":"https:\/\/laprensacristiana.com\/?p=8594","og_site_name":"La Prensa Cristiana","article_published_time":"2020-03-25T22:45:43+00:00","article_modified_time":"2020-07-01T19:42:53+00:00","og_image":[{"width":960,"height":320,"url":"https:\/\/laprensacristiana.com\/wp-content\/uploads\/2020\/03\/SAVE_20200325_163844.jpg","type":"image\/jpeg"}],"author":"EDITOR","twitter_card":"summary_large_image","twitter_misc":{"Escrito por":"EDITOR","Tiempo de lectura":"3 minutos"},"schema":{"@context":"https:\/\/schema.org","@graph":[{"@type":"WebPage","@id":"https:\/\/laprensacristiana.com\/?p=8594","url":"https:\/\/laprensacristiana.com\/?p=8594","name":"Banda Alternativa cumple 20 a\u00f1os de trayectoria - La Prensa Cristiana","isPartOf":{"@id":"https:\/\/laprensacristiana.com\/#website"},"datePublished":"2020-03-25T22:45:43+00:00","dateModified":"2020-07-01T19:42:53+00:00","author":{"@id":"https:\/\/laprensacristiana.com\/#\/schema\/person\/3e7d82c6bfd6b1fa67010f8f7cd5256e"},"breadcrumb":{"@id":"https:\/\/laprensacristiana.com\/?p=8594#breadcrumb"},"inLanguage":"es","potentialAction":[{"@type":"ReadAction","target":["https:\/\/laprensacristiana.com\/?p=8594"]}]},{"@type":"BreadcrumbList","@id":"https:\/\/laprensacristiana.com\/?p=8594#breadcrumb","itemListElement":[{"@type":"ListItem","position":1,"name":"Portada","item":"https:\/\/laprensacristiana.com\/"},{"@type":"ListItem","position":2,"name":"Banda Alternativa cumple 20 a\u00f1os de trayectoria"}]},{"@type":"WebSite","@id":"https:\/\/laprensacristiana.com\/#website","url":"https:\/\/laprensacristiana.com\/","name":"La Prensa Cristiana","description":"Anunciando Las Buenas Nuevas","potentialAction":[{"@type":"SearchAction","target":{"@type":"EntryPoint","urlTemplate":"https:\/\/laprensacristiana.com\/?s={search_term_string}"},"query-input":"required name=search_term_string"}],"inLanguage":"es"},{"@type":"Person","@id":"https:\/\/laprensacristiana.com\/#\/schema\/person\/3e7d82c6bfd6b1fa67010f8f7cd5256e","name":"EDITOR","image":{"@type":"ImageObject","inLanguage":"es","@id":"https:\/\/laprensacristiana.com\/#\/schema\/person\/image\/","url":"https:\/\/secure.gravatar.com\/avatar\/72069dfb6c13772d9e8381e3638666d2?s=96&d=mm&r=g","contentUrl":"https:\/\/secure.gravatar.com\/avatar\/72069dfb6c13772d9e8381e3638666d2?s=96&d=mm&r=g","caption":"EDITOR"},"url":"https:\/\/laprensacristiana.com\/?author=3"}]}},"_links":{"self":[{"href":"https:\/\/laprensacristiana.com\/index.php?rest_route=\/wp\/v2\/posts\/8594"}],"collection":[{"href":"https:\/\/laprensacristiana.com\/index.php?rest_route=\/wp\/v2\/posts"}],"about":[{"href":"https:\/\/laprensacristiana.com\/index.php?rest_route=\/wp\/v2\/types\/post"}],"author":[{"embeddable":true,"href":"https:\/\/laprensacristiana.com\/index.php?rest_route=\/wp\/v2\/users\/3"}],"replies":[{"embeddable":true,"href":"https:\/\/laprensacristiana.com\/index.php?rest_route=%2Fwp%2Fv2%2Fcomments&post=8594"}],"version-history":[{"count":2,"href":"https:\/\/laprensacristiana.com\/index.php?rest_route=\/wp\/v2\/posts\/8594\/revisions"}],"predecessor-version":[{"id":8598,"href":"https:\/\/laprensacristiana.com\/index.php?rest_route=\/wp\/v2\/posts\/8594\/revisions\/8598"}],"wp:featuredmedia":[{"embeddable":true,"href":"https:\/\/laprensacristiana.com\/index.php?rest_route=\/wp\/v2\/media\/8596"}],"wp:attachment":[{"href":"https:\/\/laprensacristiana.com\/index.php?rest_route=%2Fwp%2Fv2%2Fmedia&parent=8594"}],"wp:term":[{"taxonomy":"category","embeddable":true,"href":"https:\/\/laprensacristiana.com\/index.php?rest_route=%2Fwp%2Fv2%2Fcategories&post=8594"},{"taxonomy":"post_tag","embeddable":true,"href":"https:\/\/laprensacristiana.com\/index.php?rest_route=%2Fwp%2Fv2%2Ftags&post=8594"}],"curies":[{"name":"wp","href":"https:\/\/api.w.org\/{rel}","templated":true}]}}