{"id":8599,"date":"2020-03-26T14:49:37","date_gmt":"2020-03-26T14:49:37","guid":{"rendered":"https:\/\/laprensacristiana.com\/?p=8599"},"modified":"2020-03-26T14:49:40","modified_gmt":"2020-03-26T14:49:40","slug":"llego-la-hora","status":"publish","type":"post","link":"https:\/\/laprensacristiana.com\/?p=8599","title":{"rendered":"\u00a1Lleg\u00f3 la hora!"},"content":{"rendered":"\n<p>Salmo 4:8 \u201cEn paz me acostar\u00e9 y as\u00ed tambi\u00e9n dormir\u00e9; porque s\u00f3lo t\u00fa, SE\u00d1OR, me haces habitar seguro\u201d<\/p>\n\n\n\n<p>S\u00ec, es cierto: El Se\u00f1or nos rompe todos los paradigmas. No importa cu\u00e1nto dinero usted tenga -dijo nuestro Presidente-, no importa la clase social a la que pertenezca. No importa nuestro apellido o la zona donde vivimos. Aunque vivamos en la zona m\u00e0s rica de la ciudad, tambi\u00e9n Dios nos ha alcanzado a todos.<\/p>\n\n\n\n<p>Lo que no esper\u00e1bamos nos lleg\u00f3. No esper\u00e1bamos que este virus nos pusiera en la disyuntiva aun de saludarnos de mano o de beso. Nadie esperaba ver los estantes de los supermercados casi vac\u00edos. Las calles sin tr\u00e1fico en d\u00ecas laborales. Las empresas enviando a sus trabajadores a sus casas, los cines cerrados, bares y restaurantes.<\/p>\n\n\n\n<p>Es decir, no importa qui\u00e9n sea usted o yo. No hay mesas donde sentarnos a comer las deliciosas pupusas de siempre. \u201cSolo para llevar\u201d nos dicen en cualquier parte  donde vayamos. <\/p>\n\n\n\n<p>Ah, y por favor, si tiene tos, c\u00f9brase la boca entre las axilas para no contagiar a nadie. A cualquiera que se le vea sudando o tosiendo hay que tenerle miedo. Puede estar infectado. Los tiempos apocal\u00edpticos han llegado. Las Iglesias restringidas. Los p\u00falpitos con polvo porque no se est\u00e1n utilizando. Se han apagado las c\u00e1maras de televisi\u00f3n. Todos a sus casas.<\/p>\n\n\n\n<p>Anoche estaba viendo en la televisi\u00f3n internacional lo que he estado viendo en El Salvador. Todos tienen el mismo hashtag: \u201cQu\u00e8date en casa\u201d. Ese es el lema de hoy. Qu\u00e9date en casa.<\/p>\n\n\n\n<p>Y de eso quiero hablar en este art\u00edculo. <\/p>\n\n\n\n<p>Nos lleg\u00f3 la hora de estar en casa. De volver a sentarnos a la mesa como familia a comer todos juntos. A invocar el Nombre del Se\u00f1or antes de tomar los alimentos y darle gracias por lo que hay en nuestras mesas. <\/p>\n\n\n\n<p>Nos lleg\u00f3 la hora, esposos, de platicar como antes de casarnos. Como cuando \u00e8ramos novios y nos tom\u00e1bamos de las manos y platic\u00e1bamos horas y horas vi\u00e9ndonos a los ojos, mientras el caf\u00e9 se enfriaba, aunque el tiempo haya pasado, peinemos canas y las palabras sean pocas.<\/p>\n\n\n\n<p>Nos lleg\u00f3 la hora, padres, de entretener a los hijos. De platicar con la quincea\u00f1era y gastarnos un buen tiempo en preguntarle como se siente estar en casa, con su familia y sin sus queridos amigos que le comparten cosas que contaminan sus o\u00eddos. Preguntarle como se siente sin sus cervezas del fin de semana. <\/p>\n\n\n\n<p>Nos lleg\u00f3 la hora, mam\u00e1, de tener en casa a sus hijas para que les ense\u00f1e como cocinar y que le ayuden a pelar papas y poner la ropa en la secadora. Cosas que nunca ha hecho con sus hijas,  lleg\u00f3 el momento de hacerlas porque ahora sobra el tiempo para estar con ellas. <\/p>\n\n\n\n<p>Nos lleg\u00f3 la hora, papis, de platicar con su muchacho, que se quite por un buen rato los aud\u00edfonos que no suelta para nada y que le escuche a usted, que escuche su voz, que escuche que usted habla, que no es un ser extraterrestre que solo lleva dinero a la casa y que paga la luz para que \u00e8l juegue con sus tabletas. Que sus hijos lo escuchen hablar, que usted no es un simio retr\u00f3grado y viejo sino un ser de carne y hueso.<\/p>\n\n\n\n<p>Nos lleg\u00f3 la hora, familia, de levantarnos todos y despu\u00e9s del ba\u00f1o, disfrutar un buen desayuno y luego cada quien que recoja su plato y lo lleve al lavatrastos porque incluso  la se\u00f1ora que nos ayuda con la limpieza hay que darle un peque\u00f1o respiro. Porque ella tambi\u00e9n es un ser de carne y hueso.<\/p>\n\n\n\n<p>Nos lleg\u00f3 la hora, Iglesia, de probar cu\u00e1nto hemos aprendido en los templos para que ahora lo practiquemos en casa. Nos lleg\u00f3 la hora de ser lo que somos. De no poner cara de santos porque no hay a qui\u00e9n impresionar con esa falsa cristiandad. Nos lleg\u00f3 la hora de mostrar lo que hay en nuestros corazones. Nos lleg\u00f3 la hora de mostrar lo que de Jesus pueda haber en nosotros mismos. <\/p>\n\n\n\n<p>Nos lleg\u00f3 la hora, pastores, de mostrar que realmente lo somos. No por el p\u00falpito sino porque nuestra conducta lo muestra. Tenemos 24 horas diarias para mostrar que somos lo que hemos dicho que somos. Gracias, Se\u00f1or, porque este virus nos ha llegado mientras no lo esper\u00e1bamos. Porque ahora la orden es: \u201cQu\u00e8date en casa\u201d. <\/p>\n\n\n\n<p>Soli Deo Gloria<\/p>\n","protected":false},"excerpt":{"rendered":"<p>Salmo 4:8 \u201cEn paz me acostar\u00e9 y as\u00ed tambi\u00e9n dormir\u00e9; porque s\u00f3lo t\u00fa, SE\u00d1OR, me haces habitar seguro\u201d S\u00ec, es cierto: El Se\u00f1or nos rompe todos los paradigmas. No importa cu\u00e1nto dinero usted tenga -dijo nuestro Presidente-, no importa la clase social a la que pertenezca. No importa nuestro apellido o la zona donde vivimos. [&hellip;]<\/p>\n","protected":false},"author":3,"featured_media":7949,"comment_status":"open","ping_status":"open","sticky":false,"template":"","format":"standard","meta":[],"categories":[36],"tags":[],"yoast_head":"<!-- This site is optimized with the Yoast SEO plugin v20.8 - https:\/\/yoast.com\/wordpress\/plugins\/seo\/ -->\n<title>\u00a1Lleg\u00f3 la hora! - La Prensa Cristiana<\/title>\n<meta name=\"robots\" content=\"index, follow, max-snippet:-1, max-image-preview:large, max-video-preview:-1\" \/>\n<link rel=\"canonical\" href=\"https:\/\/laprensacristiana.com\/?p=8599\" \/>\n<meta property=\"og:locale\" content=\"es_ES\" \/>\n<meta property=\"og:type\" content=\"article\" \/>\n<meta property=\"og:title\" content=\"\u00a1Lleg\u00f3 la hora! - La Prensa Cristiana\" \/>\n<meta property=\"og:description\" content=\"Salmo 4:8 \u201cEn paz me acostar\u00e9 y as\u00ed tambi\u00e9n dormir\u00e9; porque s\u00f3lo t\u00fa, SE\u00d1OR, me haces habitar seguro\u201d S\u00ec, es cierto: El Se\u00f1or nos rompe todos los paradigmas. No importa cu\u00e1nto dinero usted tenga -dijo nuestro Presidente-, no importa la clase social a la que pertenezca. No importa nuestro apellido o la zona donde vivimos. [&hellip;]\" \/>\n<meta property=\"og:url\" content=\"https:\/\/laprensacristiana.com\/?p=8599\" \/>\n<meta property=\"og:site_name\" content=\"La Prensa Cristiana\" \/>\n<meta property=\"article:published_time\" content=\"2020-03-26T14:49:37+00:00\" \/>\n<meta property=\"article:modified_time\" content=\"2020-03-26T14:49:40+00:00\" \/>\n<meta property=\"og:image\" content=\"https:\/\/laprensacristiana.com\/wp-content\/uploads\/2020\/01\/2017-11-23-PHOTO-00003245-1.jpg\" \/>\n\t<meta property=\"og:image:width\" content=\"1280\" \/>\n\t<meta property=\"og:image:height\" content=\"714\" \/>\n\t<meta property=\"og:image:type\" content=\"image\/jpeg\" \/>\n<meta name=\"author\" content=\"EDITOR\" \/>\n<meta name=\"twitter:card\" content=\"summary_large_image\" \/>\n<meta name=\"twitter:label1\" content=\"Escrito por\" \/>\n\t<meta name=\"twitter:data1\" content=\"EDITOR\" \/>\n\t<meta name=\"twitter:label2\" content=\"Tiempo de lectura\" \/>\n\t<meta name=\"twitter:data2\" content=\"4 minutos\" \/>\n<script type=\"application\/ld+json\" class=\"yoast-schema-graph\">{\"@context\":\"https:\/\/schema.org\",\"@graph\":[{\"@type\":\"WebPage\",\"@id\":\"https:\/\/laprensacristiana.com\/?p=8599\",\"url\":\"https:\/\/laprensacristiana.com\/?p=8599\",\"name\":\"\u00a1Lleg\u00f3 la hora! - La Prensa Cristiana\",\"isPartOf\":{\"@id\":\"https:\/\/laprensacristiana.com\/#website\"},\"datePublished\":\"2020-03-26T14:49:37+00:00\",\"dateModified\":\"2020-03-26T14:49:40+00:00\",\"author\":{\"@id\":\"https:\/\/laprensacristiana.com\/#\/schema\/person\/3e7d82c6bfd6b1fa67010f8f7cd5256e\"},\"breadcrumb\":{\"@id\":\"https:\/\/laprensacristiana.com\/?p=8599#breadcrumb\"},\"inLanguage\":\"es\",\"potentialAction\":[{\"@type\":\"ReadAction\",\"target\":[\"https:\/\/laprensacristiana.com\/?p=8599\"]}]},{\"@type\":\"BreadcrumbList\",\"@id\":\"https:\/\/laprensacristiana.com\/?p=8599#breadcrumb\",\"itemListElement\":[{\"@type\":\"ListItem\",\"position\":1,\"name\":\"Portada\",\"item\":\"https:\/\/laprensacristiana.com\/\"},{\"@type\":\"ListItem\",\"position\":2,\"name\":\"\u00a1Lleg\u00f3 la hora!\"}]},{\"@type\":\"WebSite\",\"@id\":\"https:\/\/laprensacristiana.com\/#website\",\"url\":\"https:\/\/laprensacristiana.com\/\",\"name\":\"La Prensa Cristiana\",\"description\":\"Anunciando Las Buenas Nuevas\",\"potentialAction\":[{\"@type\":\"SearchAction\",\"target\":{\"@type\":\"EntryPoint\",\"urlTemplate\":\"https:\/\/laprensacristiana.com\/?s={search_term_string}\"},\"query-input\":\"required name=search_term_string\"}],\"inLanguage\":\"es\"},{\"@type\":\"Person\",\"@id\":\"https:\/\/laprensacristiana.com\/#\/schema\/person\/3e7d82c6bfd6b1fa67010f8f7cd5256e\",\"name\":\"EDITOR\",\"image\":{\"@type\":\"ImageObject\",\"inLanguage\":\"es\",\"@id\":\"https:\/\/laprensacristiana.com\/#\/schema\/person\/image\/\",\"url\":\"https:\/\/secure.gravatar.com\/avatar\/72069dfb6c13772d9e8381e3638666d2?s=96&d=mm&r=g\",\"contentUrl\":\"https:\/\/secure.gravatar.com\/avatar\/72069dfb6c13772d9e8381e3638666d2?s=96&d=mm&r=g\",\"caption\":\"EDITOR\"},\"url\":\"https:\/\/laprensacristiana.com\/?author=3\"}]}<\/script>\n<!-- \/ Yoast SEO plugin. -->","yoast_head_json":{"title":"\u00a1Lleg\u00f3 la hora! - La Prensa Cristiana","robots":{"index":"index","follow":"follow","max-snippet":"max-snippet:-1","max-image-preview":"max-image-preview:large","max-video-preview":"max-video-preview:-1"},"canonical":"https:\/\/laprensacristiana.com\/?p=8599","og_locale":"es_ES","og_type":"article","og_title":"\u00a1Lleg\u00f3 la hora! - La Prensa Cristiana","og_description":"Salmo 4:8 \u201cEn paz me acostar\u00e9 y as\u00ed tambi\u00e9n dormir\u00e9; porque s\u00f3lo t\u00fa, SE\u00d1OR, me haces habitar seguro\u201d S\u00ec, es cierto: El Se\u00f1or nos rompe todos los paradigmas. No importa cu\u00e1nto dinero usted tenga -dijo nuestro Presidente-, no importa la clase social a la que pertenezca. No importa nuestro apellido o la zona donde vivimos. [&hellip;]","og_url":"https:\/\/laprensacristiana.com\/?p=8599","og_site_name":"La Prensa Cristiana","article_published_time":"2020-03-26T14:49:37+00:00","article_modified_time":"2020-03-26T14:49:40+00:00","og_image":[{"width":1280,"height":714,"url":"https:\/\/laprensacristiana.com\/wp-content\/uploads\/2020\/01\/2017-11-23-PHOTO-00003245-1.jpg","type":"image\/jpeg"}],"author":"EDITOR","twitter_card":"summary_large_image","twitter_misc":{"Escrito por":"EDITOR","Tiempo de lectura":"4 minutos"},"schema":{"@context":"https:\/\/schema.org","@graph":[{"@type":"WebPage","@id":"https:\/\/laprensacristiana.com\/?p=8599","url":"https:\/\/laprensacristiana.com\/?p=8599","name":"\u00a1Lleg\u00f3 la hora! - La Prensa Cristiana","isPartOf":{"@id":"https:\/\/laprensacristiana.com\/#website"},"datePublished":"2020-03-26T14:49:37+00:00","dateModified":"2020-03-26T14:49:40+00:00","author":{"@id":"https:\/\/laprensacristiana.com\/#\/schema\/person\/3e7d82c6bfd6b1fa67010f8f7cd5256e"},"breadcrumb":{"@id":"https:\/\/laprensacristiana.com\/?p=8599#breadcrumb"},"inLanguage":"es","potentialAction":[{"@type":"ReadAction","target":["https:\/\/laprensacristiana.com\/?p=8599"]}]},{"@type":"BreadcrumbList","@id":"https:\/\/laprensacristiana.com\/?p=8599#breadcrumb","itemListElement":[{"@type":"ListItem","position":1,"name":"Portada","item":"https:\/\/laprensacristiana.com\/"},{"@type":"ListItem","position":2,"name":"\u00a1Lleg\u00f3 la hora!"}]},{"@type":"WebSite","@id":"https:\/\/laprensacristiana.com\/#website","url":"https:\/\/laprensacristiana.com\/","name":"La Prensa Cristiana","description":"Anunciando Las Buenas Nuevas","potentialAction":[{"@type":"SearchAction","target":{"@type":"EntryPoint","urlTemplate":"https:\/\/laprensacristiana.com\/?s={search_term_string}"},"query-input":"required name=search_term_string"}],"inLanguage":"es"},{"@type":"Person","@id":"https:\/\/laprensacristiana.com\/#\/schema\/person\/3e7d82c6bfd6b1fa67010f8f7cd5256e","name":"EDITOR","image":{"@type":"ImageObject","inLanguage":"es","@id":"https:\/\/laprensacristiana.com\/#\/schema\/person\/image\/","url":"https:\/\/secure.gravatar.com\/avatar\/72069dfb6c13772d9e8381e3638666d2?s=96&d=mm&r=g","contentUrl":"https:\/\/secure.gravatar.com\/avatar\/72069dfb6c13772d9e8381e3638666d2?s=96&d=mm&r=g","caption":"EDITOR"},"url":"https:\/\/laprensacristiana.com\/?author=3"}]}},"_links":{"self":[{"href":"https:\/\/laprensacristiana.com\/index.php?rest_route=\/wp\/v2\/posts\/8599"}],"collection":[{"href":"https:\/\/laprensacristiana.com\/index.php?rest_route=\/wp\/v2\/posts"}],"about":[{"href":"https:\/\/laprensacristiana.com\/index.php?rest_route=\/wp\/v2\/types\/post"}],"author":[{"embeddable":true,"href":"https:\/\/laprensacristiana.com\/index.php?rest_route=\/wp\/v2\/users\/3"}],"replies":[{"embeddable":true,"href":"https:\/\/laprensacristiana.com\/index.php?rest_route=%2Fwp%2Fv2%2Fcomments&post=8599"}],"version-history":[{"count":1,"href":"https:\/\/laprensacristiana.com\/index.php?rest_route=\/wp\/v2\/posts\/8599\/revisions"}],"predecessor-version":[{"id":8600,"href":"https:\/\/laprensacristiana.com\/index.php?rest_route=\/wp\/v2\/posts\/8599\/revisions\/8600"}],"wp:featuredmedia":[{"embeddable":true,"href":"https:\/\/laprensacristiana.com\/index.php?rest_route=\/wp\/v2\/media\/7949"}],"wp:attachment":[{"href":"https:\/\/laprensacristiana.com\/index.php?rest_route=%2Fwp%2Fv2%2Fmedia&parent=8599"}],"wp:term":[{"taxonomy":"category","embeddable":true,"href":"https:\/\/laprensacristiana.com\/index.php?rest_route=%2Fwp%2Fv2%2Fcategories&post=8599"},{"taxonomy":"post_tag","embeddable":true,"href":"https:\/\/laprensacristiana.com\/index.php?rest_route=%2Fwp%2Fv2%2Ftags&post=8599"}],"curies":[{"name":"wp","href":"https:\/\/api.w.org\/{rel}","templated":true}]}}