{"id":8614,"date":"2020-03-27T14:53:12","date_gmt":"2020-03-27T14:53:12","guid":{"rendered":"https:\/\/laprensacristiana.com\/?p=8614"},"modified":"2020-03-27T14:53:15","modified_gmt":"2020-03-27T14:53:15","slug":"si-todo-es-adverso-alegrate","status":"publish","type":"post","link":"https:\/\/laprensacristiana.com\/?p=8614","title":{"rendered":"\u00a1Si todo es adverso, al\u00e9grate!"},"content":{"rendered":"\n<p>Fil. 4:4 \u201cAl\u00e9grense siempre en el Se\u00f1or. Insisto: \u00a1Al\u00e9grense!\u201d NVI<\/p>\n\n\n\n<p>Cuando estoy predicando este tema sobre las declaraciones que hace el ap\u00f3stol Pablo, me recuerdo que estaba preso, y por supuesto es una de las cosas m\u00e1s dif\u00edciles de entender, \u00bfc\u00f3mo puede una persona ser feliz en medio de la tristeza? Parece extra\u00f1o que un hombre encerrado entre rejas, pudiera decirle a una iglesia que se alegre, no suena l\u00f3gico que ante las circunstancias adversas decir que nos sintamos alegres, cualquiera dir\u00eda o est\u00e1n locos o son masoquistas, y desde luego visto con un enfoque del mundo tendr\u00edan raz\u00f3n, pero bajo la perspectiva cristiana, es totalmente diferente. \u00a1Es m\u00e1s Poderoso \u00c9l que est\u00e1 en nosotros, que el que est\u00e1 en el mundo! \u00a1Aleluya! 1 Juan. 4:4\ufeff\u201cHijitos, vosotros sois de Dios, y los hab\u00e9is vencido; porque mayor es el que est\u00e1 en vosotros, que el que est\u00e1 en el mundo\u201d.\ufeff<\/p>\n\n\n\n<p>Hay una lecci\u00f3n importante y sumamente clave en este pasaje, porque est\u00e1 basado en que lo que est\u00e1 pasando en el interior de una persona y no necesitaba reflejar lo que eran sus circunstancias externas, es decir Pablo estaba lleno de gozo, porque sab\u00eda que pese a lo que le sucediera, Cristo estaba con \u00e9l y eso equivaldr\u00eda que a pesar de tener un grave problema no estaba solo, la realidad era esta; no es problema lo que tengo, sino un desaf\u00edo que soy capaz de aceptar. En otras palabras: \u00a1si todo es adverso me alegrar\u00e9! \u00a1Aleluya! Efe 1:19 \u201cy cu\u00e1n incomparable es la grandeza de su poder a favor de los que creemos. Ese poder es la fuerza grandiosa y eficaz\u201d NVI<\/p>\n\n\n\n<p>Pablo animaba a la iglesia de Filipo a regocijarse varias veces en esta ep\u00edstola, probablemente porque necesitaban o\u00edrlo, adem\u00e1s tendr\u00eda mayor impacto hacerlo bajo las condiciones en las que \u00e9l estaba, era como recordarles dici\u00e9ndoles las palabras que les dijera a los de la iglesia de Roma: \u00a1Si Dios est\u00e1 con nosotros qui\u00e9n contra nosotros! Romanos 8:31\ufeff \u201c\u00bfQu\u00e9, pues, diremos a esto? Si Dios es por nosotros, \u00bfqui\u00e9n contra nosotros? \ufeff\u201d<\/p>\n\n\n\n<p>Amados amigos y hermanos, es muy f\u00e1cil desalentarse frente a circunstancias que no son placenteras especialmente cuando no estamos acostumbrados o simplemente es una experiencia nueva y al no tener el control de los acontecimientos, nos sentimos desprotegidos, cuando en realidad Dios nos est\u00e1 llevando a un nuevo nivel por donde antes no hab\u00edamos pasado y nos permite aprender a depender de \u00c9l.<\/p>\n\n\n\n<p>Estas son las palabras del ap\u00f3stol a los Filipenses, \u00e9l no estaba diciendo, \u201cestoy en la prisi\u00f3n y \u00e9stas cadenas son una bendici\u00f3n; tampoco dec\u00eda estoy tan contento de este dolor que ser\u00eda bueno que nunca desapareciera\u201d. No creo eso, sino que \u00e9l oraba por su liberaci\u00f3n y sin duda clamaba por fortaleza espiritual para soportar lo que le acontec\u00eda.<\/p>\n\n\n\n<p>Si t\u00fa no has disfrutado el gozo \u00faltimamente, regoc\u00edjate en medio de la adversidad, mira la vida desde la perspectiva correcta, es muy probable que ahora mismo te ves como v\u00edctima, y no como victorioso. Es f\u00e1cil saber cu\u00e1ndo optamos el papel de v\u00edctima, nuestro lenguaje lo define: \u201cnadie se preocupa por m\u00ed\u201d, \u201cni siquiera el pastor a preguntado c\u00f3mo estoy\u201d y casi que cierra con esta \u00faltima expresi\u00f3n: \u201ca nadie le intereso\u201d \u00bfTe es familiar este lenguaje?<\/p>\n\n\n\n<p>Esto demuestra que Dios puede llevar a cualquier persona a trav\u00e9s de cualquier situaci\u00f3n, prueba, fuego, inundaci\u00f3n, enfermedad terminal, incluso estar en prisi\u00f3n. Tu madurez se ver\u00e1 reflejada a trav\u00e9s de una experiencia como la antes descrita.<\/p>\n\n\n\n<p>Recuerda\u2026<\/p>\n\n\n\n<p>\u00a1SI TODO ES ADVERSO, AL\u00c9GRATE!<\/p>\n","protected":false},"excerpt":{"rendered":"<p>Fil. 4:4 \u201cAl\u00e9grense siempre en el Se\u00f1or. Insisto: \u00a1Al\u00e9grense!\u201d NVI Cuando estoy predicando este tema sobre las declaraciones que hace el ap\u00f3stol Pablo, me recuerdo que estaba preso, y por supuesto es una de las cosas m\u00e1s dif\u00edciles de entender, \u00bfc\u00f3mo puede una persona ser feliz en medio de la tristeza? Parece extra\u00f1o que un [&hellip;]<\/p>\n","protected":false},"author":3,"featured_media":6358,"comment_status":"open","ping_status":"open","sticky":false,"template":"","format":"standard","meta":[],"categories":[36],"tags":[],"yoast_head":"<!-- This site is optimized with the Yoast SEO plugin v20.8 - https:\/\/yoast.com\/wordpress\/plugins\/seo\/ -->\n<title>\u00a1Si todo es adverso, al\u00e9grate! - La Prensa Cristiana<\/title>\n<meta name=\"robots\" content=\"index, follow, max-snippet:-1, max-image-preview:large, max-video-preview:-1\" \/>\n<link rel=\"canonical\" href=\"https:\/\/laprensacristiana.com\/?p=8614\" \/>\n<meta property=\"og:locale\" content=\"es_ES\" \/>\n<meta property=\"og:type\" content=\"article\" \/>\n<meta property=\"og:title\" content=\"\u00a1Si todo es adverso, al\u00e9grate! - La Prensa Cristiana\" \/>\n<meta property=\"og:description\" content=\"Fil. 4:4 \u201cAl\u00e9grense siempre en el Se\u00f1or. Insisto: \u00a1Al\u00e9grense!\u201d NVI Cuando estoy predicando este tema sobre las declaraciones que hace el ap\u00f3stol Pablo, me recuerdo que estaba preso, y por supuesto es una de las cosas m\u00e1s dif\u00edciles de entender, \u00bfc\u00f3mo puede una persona ser feliz en medio de la tristeza? Parece extra\u00f1o que un [&hellip;]\" \/>\n<meta property=\"og:url\" content=\"https:\/\/laprensacristiana.com\/?p=8614\" \/>\n<meta property=\"og:site_name\" content=\"La Prensa Cristiana\" \/>\n<meta property=\"article:published_time\" content=\"2020-03-27T14:53:12+00:00\" \/>\n<meta property=\"article:modified_time\" content=\"2020-03-27T14:53:15+00:00\" \/>\n<meta property=\"og:image\" content=\"https:\/\/laprensacristiana.com\/wp-content\/uploads\/2019\/08\/WhatsApp-Image-2019-08-20-at-9.10.49-AM.jpeg\" \/>\n\t<meta property=\"og:image:width\" content=\"776\" \/>\n\t<meta property=\"og:image:height\" content=\"393\" \/>\n\t<meta property=\"og:image:type\" content=\"image\/jpeg\" \/>\n<meta name=\"author\" content=\"EDITOR\" \/>\n<meta name=\"twitter:card\" content=\"summary_large_image\" \/>\n<meta name=\"twitter:label1\" content=\"Escrito por\" \/>\n\t<meta name=\"twitter:data1\" content=\"EDITOR\" \/>\n\t<meta name=\"twitter:label2\" content=\"Tiempo de lectura\" \/>\n\t<meta name=\"twitter:data2\" content=\"3 minutos\" \/>\n<script type=\"application\/ld+json\" class=\"yoast-schema-graph\">{\"@context\":\"https:\/\/schema.org\",\"@graph\":[{\"@type\":\"WebPage\",\"@id\":\"https:\/\/laprensacristiana.com\/?p=8614\",\"url\":\"https:\/\/laprensacristiana.com\/?p=8614\",\"name\":\"\u00a1Si todo es adverso, al\u00e9grate! - La Prensa Cristiana\",\"isPartOf\":{\"@id\":\"https:\/\/laprensacristiana.com\/#website\"},\"datePublished\":\"2020-03-27T14:53:12+00:00\",\"dateModified\":\"2020-03-27T14:53:15+00:00\",\"author\":{\"@id\":\"https:\/\/laprensacristiana.com\/#\/schema\/person\/3e7d82c6bfd6b1fa67010f8f7cd5256e\"},\"breadcrumb\":{\"@id\":\"https:\/\/laprensacristiana.com\/?p=8614#breadcrumb\"},\"inLanguage\":\"es\",\"potentialAction\":[{\"@type\":\"ReadAction\",\"target\":[\"https:\/\/laprensacristiana.com\/?p=8614\"]}]},{\"@type\":\"BreadcrumbList\",\"@id\":\"https:\/\/laprensacristiana.com\/?p=8614#breadcrumb\",\"itemListElement\":[{\"@type\":\"ListItem\",\"position\":1,\"name\":\"Portada\",\"item\":\"https:\/\/laprensacristiana.com\/\"},{\"@type\":\"ListItem\",\"position\":2,\"name\":\"\u00a1Si todo es adverso, al\u00e9grate!\"}]},{\"@type\":\"WebSite\",\"@id\":\"https:\/\/laprensacristiana.com\/#website\",\"url\":\"https:\/\/laprensacristiana.com\/\",\"name\":\"La Prensa Cristiana\",\"description\":\"Anunciando Las Buenas Nuevas\",\"potentialAction\":[{\"@type\":\"SearchAction\",\"target\":{\"@type\":\"EntryPoint\",\"urlTemplate\":\"https:\/\/laprensacristiana.com\/?s={search_term_string}\"},\"query-input\":\"required name=search_term_string\"}],\"inLanguage\":\"es\"},{\"@type\":\"Person\",\"@id\":\"https:\/\/laprensacristiana.com\/#\/schema\/person\/3e7d82c6bfd6b1fa67010f8f7cd5256e\",\"name\":\"EDITOR\",\"image\":{\"@type\":\"ImageObject\",\"inLanguage\":\"es\",\"@id\":\"https:\/\/laprensacristiana.com\/#\/schema\/person\/image\/\",\"url\":\"https:\/\/secure.gravatar.com\/avatar\/72069dfb6c13772d9e8381e3638666d2?s=96&d=mm&r=g\",\"contentUrl\":\"https:\/\/secure.gravatar.com\/avatar\/72069dfb6c13772d9e8381e3638666d2?s=96&d=mm&r=g\",\"caption\":\"EDITOR\"},\"url\":\"https:\/\/laprensacristiana.com\/?author=3\"}]}<\/script>\n<!-- \/ Yoast SEO plugin. -->","yoast_head_json":{"title":"\u00a1Si todo es adverso, al\u00e9grate! - La Prensa Cristiana","robots":{"index":"index","follow":"follow","max-snippet":"max-snippet:-1","max-image-preview":"max-image-preview:large","max-video-preview":"max-video-preview:-1"},"canonical":"https:\/\/laprensacristiana.com\/?p=8614","og_locale":"es_ES","og_type":"article","og_title":"\u00a1Si todo es adverso, al\u00e9grate! - La Prensa Cristiana","og_description":"Fil. 4:4 \u201cAl\u00e9grense siempre en el Se\u00f1or. Insisto: \u00a1Al\u00e9grense!\u201d NVI Cuando estoy predicando este tema sobre las declaraciones que hace el ap\u00f3stol Pablo, me recuerdo que estaba preso, y por supuesto es una de las cosas m\u00e1s dif\u00edciles de entender, \u00bfc\u00f3mo puede una persona ser feliz en medio de la tristeza? Parece extra\u00f1o que un [&hellip;]","og_url":"https:\/\/laprensacristiana.com\/?p=8614","og_site_name":"La Prensa Cristiana","article_published_time":"2020-03-27T14:53:12+00:00","article_modified_time":"2020-03-27T14:53:15+00:00","og_image":[{"width":776,"height":393,"url":"https:\/\/laprensacristiana.com\/wp-content\/uploads\/2019\/08\/WhatsApp-Image-2019-08-20-at-9.10.49-AM.jpeg","type":"image\/jpeg"}],"author":"EDITOR","twitter_card":"summary_large_image","twitter_misc":{"Escrito por":"EDITOR","Tiempo de lectura":"3 minutos"},"schema":{"@context":"https:\/\/schema.org","@graph":[{"@type":"WebPage","@id":"https:\/\/laprensacristiana.com\/?p=8614","url":"https:\/\/laprensacristiana.com\/?p=8614","name":"\u00a1Si todo es adverso, al\u00e9grate! - La Prensa Cristiana","isPartOf":{"@id":"https:\/\/laprensacristiana.com\/#website"},"datePublished":"2020-03-27T14:53:12+00:00","dateModified":"2020-03-27T14:53:15+00:00","author":{"@id":"https:\/\/laprensacristiana.com\/#\/schema\/person\/3e7d82c6bfd6b1fa67010f8f7cd5256e"},"breadcrumb":{"@id":"https:\/\/laprensacristiana.com\/?p=8614#breadcrumb"},"inLanguage":"es","potentialAction":[{"@type":"ReadAction","target":["https:\/\/laprensacristiana.com\/?p=8614"]}]},{"@type":"BreadcrumbList","@id":"https:\/\/laprensacristiana.com\/?p=8614#breadcrumb","itemListElement":[{"@type":"ListItem","position":1,"name":"Portada","item":"https:\/\/laprensacristiana.com\/"},{"@type":"ListItem","position":2,"name":"\u00a1Si todo es adverso, al\u00e9grate!"}]},{"@type":"WebSite","@id":"https:\/\/laprensacristiana.com\/#website","url":"https:\/\/laprensacristiana.com\/","name":"La Prensa Cristiana","description":"Anunciando Las Buenas Nuevas","potentialAction":[{"@type":"SearchAction","target":{"@type":"EntryPoint","urlTemplate":"https:\/\/laprensacristiana.com\/?s={search_term_string}"},"query-input":"required name=search_term_string"}],"inLanguage":"es"},{"@type":"Person","@id":"https:\/\/laprensacristiana.com\/#\/schema\/person\/3e7d82c6bfd6b1fa67010f8f7cd5256e","name":"EDITOR","image":{"@type":"ImageObject","inLanguage":"es","@id":"https:\/\/laprensacristiana.com\/#\/schema\/person\/image\/","url":"https:\/\/secure.gravatar.com\/avatar\/72069dfb6c13772d9e8381e3638666d2?s=96&d=mm&r=g","contentUrl":"https:\/\/secure.gravatar.com\/avatar\/72069dfb6c13772d9e8381e3638666d2?s=96&d=mm&r=g","caption":"EDITOR"},"url":"https:\/\/laprensacristiana.com\/?author=3"}]}},"_links":{"self":[{"href":"https:\/\/laprensacristiana.com\/index.php?rest_route=\/wp\/v2\/posts\/8614"}],"collection":[{"href":"https:\/\/laprensacristiana.com\/index.php?rest_route=\/wp\/v2\/posts"}],"about":[{"href":"https:\/\/laprensacristiana.com\/index.php?rest_route=\/wp\/v2\/types\/post"}],"author":[{"embeddable":true,"href":"https:\/\/laprensacristiana.com\/index.php?rest_route=\/wp\/v2\/users\/3"}],"replies":[{"embeddable":true,"href":"https:\/\/laprensacristiana.com\/index.php?rest_route=%2Fwp%2Fv2%2Fcomments&post=8614"}],"version-history":[{"count":1,"href":"https:\/\/laprensacristiana.com\/index.php?rest_route=\/wp\/v2\/posts\/8614\/revisions"}],"predecessor-version":[{"id":8615,"href":"https:\/\/laprensacristiana.com\/index.php?rest_route=\/wp\/v2\/posts\/8614\/revisions\/8615"}],"wp:featuredmedia":[{"embeddable":true,"href":"https:\/\/laprensacristiana.com\/index.php?rest_route=\/wp\/v2\/media\/6358"}],"wp:attachment":[{"href":"https:\/\/laprensacristiana.com\/index.php?rest_route=%2Fwp%2Fv2%2Fmedia&parent=8614"}],"wp:term":[{"taxonomy":"category","embeddable":true,"href":"https:\/\/laprensacristiana.com\/index.php?rest_route=%2Fwp%2Fv2%2Fcategories&post=8614"},{"taxonomy":"post_tag","embeddable":true,"href":"https:\/\/laprensacristiana.com\/index.php?rest_route=%2Fwp%2Fv2%2Ftags&post=8614"}],"curies":[{"name":"wp","href":"https:\/\/api.w.org\/{rel}","templated":true}]}}