{"id":8628,"date":"2020-03-28T06:58:07","date_gmt":"2020-03-28T06:58:07","guid":{"rendered":"https:\/\/laprensacristiana.com\/?p=8628"},"modified":"2020-03-28T06:58:09","modified_gmt":"2020-03-28T06:58:09","slug":"taber-lanza-campana-de-esperanza-dios-hara","status":"publish","type":"post","link":"https:\/\/laprensacristiana.com\/?p=8628","title":{"rendered":"Taber lanza campa\u00f1a de esperanza \u00abDios Har\u00e1\u00bb"},"content":{"rendered":"\n<p>A trav\u00e9s de sus redes sociales el pastor general del Tabern\u00e1culo B\u00edblico Bautista Amigos de Israel, Edgar L\u00f3pez Bertrand Jr. P\u00fablic\u00f3 un list\u00f3n verde como simbolo de esperanza. <\/p>\n\n\n\n<p>\u00a1Desde hoy comenzamos nuestra campa\u00f1a #DiosHar\u00e1 creyendo lo que su palabra dice en Salmos 37:5!<br>\n\u201cEncomienda al Se\u00f1or tu camino, Conf\u00eda en \u00c9l; y \u00c9l har\u00e1\u00bb. Expres\u00f3 a trav\u00e9s de sus redes sociales. <\/p>\n\n\n\n<p>Cabe destacar que en El Salvador ya son 19 los casos que se han reportado positivos de COVID-19. Pero la iglesia a\u00fan en este tiempo de la forma m\u00e1s prudente y con el acompa\u00f1amiento de las medidas m\u00e1ximas del resguardo de su salud, no ha cesado de hacer su labor evangelizadora acompa\u00f1ada de una fuerte labor de apoyo social ante la emergencia. <\/p>\n\n\n\n<p>\u00abHoy tus sue\u00f1os resucitar\u00e1n, Cr\u00e9ele porque no hay dificultad en \u00c9l, tus mares abrir\u00e1, porque \u00c9l lo har\u00e1 otra vez. \u00a1Juntos venceremos el COVID-19!\u00bb Concluy\u00f3 el pastor Edgar L\u00f3pez Bertrand Jr. <\/p>\n","protected":false},"excerpt":{"rendered":"<p>A trav\u00e9s de sus redes sociales el pastor general del Tabern\u00e1culo B\u00edblico Bautista Amigos de Israel, Edgar L\u00f3pez Bertrand Jr. P\u00fablic\u00f3 un list\u00f3n verde como simbolo de esperanza. \u00a1Desde hoy comenzamos nuestra campa\u00f1a #DiosHar\u00e1 creyendo lo que su palabra dice en Salmos 37:5! \u201cEncomienda al Se\u00f1or tu camino, Conf\u00eda en \u00c9l; y \u00c9l har\u00e1\u00bb. Expres\u00f3 [&hellip;]<\/p>\n","protected":false},"author":3,"featured_media":8629,"comment_status":"open","ping_status":"open","sticky":false,"template":"","format":"standard","meta":[],"categories":[56],"tags":[],"yoast_head":"<!-- This site is optimized with the Yoast SEO plugin v20.8 - https:\/\/yoast.com\/wordpress\/plugins\/seo\/ -->\n<title>Taber lanza campa\u00f1a de esperanza &quot;Dios Har\u00e1&quot; - La Prensa Cristiana<\/title>\n<meta name=\"robots\" content=\"index, follow, max-snippet:-1, max-image-preview:large, max-video-preview:-1\" \/>\n<link rel=\"canonical\" href=\"https:\/\/laprensacristiana.com\/?p=8628\" \/>\n<meta property=\"og:locale\" content=\"es_ES\" \/>\n<meta property=\"og:type\" content=\"article\" \/>\n<meta property=\"og:title\" content=\"Taber lanza campa\u00f1a de esperanza &quot;Dios Har\u00e1&quot; - La Prensa Cristiana\" \/>\n<meta property=\"og:description\" content=\"A trav\u00e9s de sus redes sociales el pastor general del Tabern\u00e1culo B\u00edblico Bautista Amigos de Israel, Edgar L\u00f3pez Bertrand Jr. P\u00fablic\u00f3 un list\u00f3n verde como simbolo de esperanza. \u00a1Desde hoy comenzamos nuestra campa\u00f1a #DiosHar\u00e1 creyendo lo que su palabra dice en Salmos 37:5! \u201cEncomienda al Se\u00f1or tu camino, Conf\u00eda en \u00c9l; y \u00c9l har\u00e1\u00bb. Expres\u00f3 [&hellip;]\" \/>\n<meta property=\"og:url\" content=\"https:\/\/laprensacristiana.com\/?p=8628\" \/>\n<meta property=\"og:site_name\" content=\"La Prensa Cristiana\" \/>\n<meta property=\"article:published_time\" content=\"2020-03-28T06:58:07+00:00\" \/>\n<meta property=\"article:modified_time\" content=\"2020-03-28T06:58:09+00:00\" \/>\n<meta property=\"og:image\" content=\"https:\/\/laprensacristiana.com\/wp-content\/uploads\/2020\/03\/FB_IMG_1585378222740.jpg\" \/>\n\t<meta property=\"og:image:width\" content=\"720\" \/>\n\t<meta property=\"og:image:height\" content=\"720\" \/>\n\t<meta property=\"og:image:type\" content=\"image\/jpeg\" \/>\n<meta name=\"author\" content=\"EDITOR\" \/>\n<meta name=\"twitter:card\" content=\"summary_large_image\" \/>\n<meta name=\"twitter:label1\" content=\"Escrito por\" \/>\n\t<meta name=\"twitter:data1\" content=\"EDITOR\" \/>\n\t<meta name=\"twitter:label2\" content=\"Tiempo de lectura\" \/>\n\t<meta name=\"twitter:data2\" content=\"1 minuto\" \/>\n<script type=\"application\/ld+json\" class=\"yoast-schema-graph\">{\"@context\":\"https:\/\/schema.org\",\"@graph\":[{\"@type\":\"WebPage\",\"@id\":\"https:\/\/laprensacristiana.com\/?p=8628\",\"url\":\"https:\/\/laprensacristiana.com\/?p=8628\",\"name\":\"Taber lanza campa\u00f1a de esperanza \\\"Dios Har\u00e1\\\" - La Prensa Cristiana\",\"isPartOf\":{\"@id\":\"https:\/\/laprensacristiana.com\/#website\"},\"datePublished\":\"2020-03-28T06:58:07+00:00\",\"dateModified\":\"2020-03-28T06:58:09+00:00\",\"author\":{\"@id\":\"https:\/\/laprensacristiana.com\/#\/schema\/person\/3e7d82c6bfd6b1fa67010f8f7cd5256e\"},\"breadcrumb\":{\"@id\":\"https:\/\/laprensacristiana.com\/?p=8628#breadcrumb\"},\"inLanguage\":\"es\",\"potentialAction\":[{\"@type\":\"ReadAction\",\"target\":[\"https:\/\/laprensacristiana.com\/?p=8628\"]}]},{\"@type\":\"BreadcrumbList\",\"@id\":\"https:\/\/laprensacristiana.com\/?p=8628#breadcrumb\",\"itemListElement\":[{\"@type\":\"ListItem\",\"position\":1,\"name\":\"Portada\",\"item\":\"https:\/\/laprensacristiana.com\/\"},{\"@type\":\"ListItem\",\"position\":2,\"name\":\"Taber lanza campa\u00f1a de esperanza \u00abDios Har\u00e1\u00bb\"}]},{\"@type\":\"WebSite\",\"@id\":\"https:\/\/laprensacristiana.com\/#website\",\"url\":\"https:\/\/laprensacristiana.com\/\",\"name\":\"La Prensa Cristiana\",\"description\":\"Anunciando Las Buenas Nuevas\",\"potentialAction\":[{\"@type\":\"SearchAction\",\"target\":{\"@type\":\"EntryPoint\",\"urlTemplate\":\"https:\/\/laprensacristiana.com\/?s={search_term_string}\"},\"query-input\":\"required name=search_term_string\"}],\"inLanguage\":\"es\"},{\"@type\":\"Person\",\"@id\":\"https:\/\/laprensacristiana.com\/#\/schema\/person\/3e7d82c6bfd6b1fa67010f8f7cd5256e\",\"name\":\"EDITOR\",\"image\":{\"@type\":\"ImageObject\",\"inLanguage\":\"es\",\"@id\":\"https:\/\/laprensacristiana.com\/#\/schema\/person\/image\/\",\"url\":\"https:\/\/secure.gravatar.com\/avatar\/72069dfb6c13772d9e8381e3638666d2?s=96&d=mm&r=g\",\"contentUrl\":\"https:\/\/secure.gravatar.com\/avatar\/72069dfb6c13772d9e8381e3638666d2?s=96&d=mm&r=g\",\"caption\":\"EDITOR\"},\"url\":\"https:\/\/laprensacristiana.com\/?author=3\"}]}<\/script>\n<!-- \/ Yoast SEO plugin. -->","yoast_head_json":{"title":"Taber lanza campa\u00f1a de esperanza \"Dios Har\u00e1\" - La Prensa Cristiana","robots":{"index":"index","follow":"follow","max-snippet":"max-snippet:-1","max-image-preview":"max-image-preview:large","max-video-preview":"max-video-preview:-1"},"canonical":"https:\/\/laprensacristiana.com\/?p=8628","og_locale":"es_ES","og_type":"article","og_title":"Taber lanza campa\u00f1a de esperanza \"Dios Har\u00e1\" - La Prensa Cristiana","og_description":"A trav\u00e9s de sus redes sociales el pastor general del Tabern\u00e1culo B\u00edblico Bautista Amigos de Israel, Edgar L\u00f3pez Bertrand Jr. P\u00fablic\u00f3 un list\u00f3n verde como simbolo de esperanza. \u00a1Desde hoy comenzamos nuestra campa\u00f1a #DiosHar\u00e1 creyendo lo que su palabra dice en Salmos 37:5! \u201cEncomienda al Se\u00f1or tu camino, Conf\u00eda en \u00c9l; y \u00c9l har\u00e1\u00bb. Expres\u00f3 [&hellip;]","og_url":"https:\/\/laprensacristiana.com\/?p=8628","og_site_name":"La Prensa Cristiana","article_published_time":"2020-03-28T06:58:07+00:00","article_modified_time":"2020-03-28T06:58:09+00:00","og_image":[{"width":720,"height":720,"url":"https:\/\/laprensacristiana.com\/wp-content\/uploads\/2020\/03\/FB_IMG_1585378222740.jpg","type":"image\/jpeg"}],"author":"EDITOR","twitter_card":"summary_large_image","twitter_misc":{"Escrito por":"EDITOR","Tiempo de lectura":"1 minuto"},"schema":{"@context":"https:\/\/schema.org","@graph":[{"@type":"WebPage","@id":"https:\/\/laprensacristiana.com\/?p=8628","url":"https:\/\/laprensacristiana.com\/?p=8628","name":"Taber lanza campa\u00f1a de esperanza \"Dios Har\u00e1\" - La Prensa Cristiana","isPartOf":{"@id":"https:\/\/laprensacristiana.com\/#website"},"datePublished":"2020-03-28T06:58:07+00:00","dateModified":"2020-03-28T06:58:09+00:00","author":{"@id":"https:\/\/laprensacristiana.com\/#\/schema\/person\/3e7d82c6bfd6b1fa67010f8f7cd5256e"},"breadcrumb":{"@id":"https:\/\/laprensacristiana.com\/?p=8628#breadcrumb"},"inLanguage":"es","potentialAction":[{"@type":"ReadAction","target":["https:\/\/laprensacristiana.com\/?p=8628"]}]},{"@type":"BreadcrumbList","@id":"https:\/\/laprensacristiana.com\/?p=8628#breadcrumb","itemListElement":[{"@type":"ListItem","position":1,"name":"Portada","item":"https:\/\/laprensacristiana.com\/"},{"@type":"ListItem","position":2,"name":"Taber lanza campa\u00f1a de esperanza \u00abDios Har\u00e1\u00bb"}]},{"@type":"WebSite","@id":"https:\/\/laprensacristiana.com\/#website","url":"https:\/\/laprensacristiana.com\/","name":"La Prensa Cristiana","description":"Anunciando Las Buenas Nuevas","potentialAction":[{"@type":"SearchAction","target":{"@type":"EntryPoint","urlTemplate":"https:\/\/laprensacristiana.com\/?s={search_term_string}"},"query-input":"required name=search_term_string"}],"inLanguage":"es"},{"@type":"Person","@id":"https:\/\/laprensacristiana.com\/#\/schema\/person\/3e7d82c6bfd6b1fa67010f8f7cd5256e","name":"EDITOR","image":{"@type":"ImageObject","inLanguage":"es","@id":"https:\/\/laprensacristiana.com\/#\/schema\/person\/image\/","url":"https:\/\/secure.gravatar.com\/avatar\/72069dfb6c13772d9e8381e3638666d2?s=96&d=mm&r=g","contentUrl":"https:\/\/secure.gravatar.com\/avatar\/72069dfb6c13772d9e8381e3638666d2?s=96&d=mm&r=g","caption":"EDITOR"},"url":"https:\/\/laprensacristiana.com\/?author=3"}]}},"_links":{"self":[{"href":"https:\/\/laprensacristiana.com\/index.php?rest_route=\/wp\/v2\/posts\/8628"}],"collection":[{"href":"https:\/\/laprensacristiana.com\/index.php?rest_route=\/wp\/v2\/posts"}],"about":[{"href":"https:\/\/laprensacristiana.com\/index.php?rest_route=\/wp\/v2\/types\/post"}],"author":[{"embeddable":true,"href":"https:\/\/laprensacristiana.com\/index.php?rest_route=\/wp\/v2\/users\/3"}],"replies":[{"embeddable":true,"href":"https:\/\/laprensacristiana.com\/index.php?rest_route=%2Fwp%2Fv2%2Fcomments&post=8628"}],"version-history":[{"count":1,"href":"https:\/\/laprensacristiana.com\/index.php?rest_route=\/wp\/v2\/posts\/8628\/revisions"}],"predecessor-version":[{"id":8630,"href":"https:\/\/laprensacristiana.com\/index.php?rest_route=\/wp\/v2\/posts\/8628\/revisions\/8630"}],"wp:featuredmedia":[{"embeddable":true,"href":"https:\/\/laprensacristiana.com\/index.php?rest_route=\/wp\/v2\/media\/8629"}],"wp:attachment":[{"href":"https:\/\/laprensacristiana.com\/index.php?rest_route=%2Fwp%2Fv2%2Fmedia&parent=8628"}],"wp:term":[{"taxonomy":"category","embeddable":true,"href":"https:\/\/laprensacristiana.com\/index.php?rest_route=%2Fwp%2Fv2%2Fcategories&post=8628"},{"taxonomy":"post_tag","embeddable":true,"href":"https:\/\/laprensacristiana.com\/index.php?rest_route=%2Fwp%2Fv2%2Ftags&post=8628"}],"curies":[{"name":"wp","href":"https:\/\/api.w.org\/{rel}","templated":true}]}}