{"id":8635,"date":"2020-03-29T18:58:02","date_gmt":"2020-03-29T18:58:02","guid":{"rendered":"https:\/\/laprensacristiana.com\/?p=8635"},"modified":"2020-03-29T18:58:05","modified_gmt":"2020-03-29T18:58:05","slug":"padrenuestro","status":"publish","type":"post","link":"https:\/\/laprensacristiana.com\/?p=8635","title":{"rendered":"Padrenuestro"},"content":{"rendered":"\n<p>Mario Vega \/ Pastor General de Misi\u00f3n Cristiana Elim<\/p>\n\n\n\n<p>Padre nuestro que est\u00e1s en los cielos y en la tierra mutilada y herida por nuestras ambiciones, que podamos descubrirte en los ojos de los ni\u00f1os y en el rostro de nuestros vecinos para respetarles y acogerles.\u00a0Que podamos reconocernos como criaturas tuyas y herederos de igual dignidad.<\/p>\n\n\n\n<p>Santificado sea tu nombre y que tu sabidur\u00eda nos llene para entender que tenemos una misi\u00f3n que esperas que cumplamos. La misi\u00f3n de amarnos de la manera en que nos amaste. Sin que haya rechazo a los migrantes, a los pobres y a los colores de la piel. Que podamos comprender que siempre habr\u00e1 quien piense diferente y quien vote diferente, pero que eso no nos ciegue para ver tu imagen en cada uno de ellos. Venga a nosotros tu reino y que reluzca lo mejor de cada uno en medio de la crisis. Que lo m\u00e1s noble, lo m\u00e1s solidario y lo m\u00e1s bueno de nuestro ser sea la nota constante en la sociedad.<\/p>\n\n\n\n<p>H\u00e1gase tu voluntad y que se terminen los insultos, las ofensas y los odios. Que la luz venza a las tinieblas hasta desaparecer. Que las amenazas y las violencias sean sepultadas por la bondad y el perd\u00f3n. Que los robos y las mentiras las echen fuera las obras de paz y de reconciliaci\u00f3n. As\u00ed en la tierra como en el cielo, porque eres el Se\u00f1or de todo lo creado. Que en todo lugar impere la justicia y la verdad. Que acojamos al triste y al deprimido. Al que se qued\u00f3 solo u olvidado. Que por fin comprendamos que te encuentras en el roto y el hambriento. En el sediento y el enfermo. Que comprendamos que cuando les servimos a ellos te servimos a ti. Danos hoy nuestro pan de cada d\u00eda, justo el necesario. Que no nos sobre y no nos falte. Que el fruto de la naturaleza se reparta por igual. Que los ni\u00f1os tengan para comer, que los ancianos tengan para comer. Y as\u00ed como nos lo das el d\u00eda de hoy, d\u00e1noslo el d\u00eda de ma\u00f1ana para que te agradezcamos y aprendamos a compartir. A cuidarnos los unos a los otros, como hermanos y como vecinos.<\/p>\n\n\n\n<p>Y perdona nuestras ofensas porque hemos pecado contra el hombre y contra Ti. Nos hemos dividido y lastimado. Acosado y violentado. Perdona tanto despliegue de orgullo y altaner\u00eda. Haznos mansos y humildes. Sencillos y prudentes. Ens\u00e9\u00f1anos a callar ante la ofensa y la envidia. Que las batallas no se ganan por decir la \u00faltima palabra sino por la hidalgu\u00eda de otorgar ante el ignorante. Para que as\u00ed todos sigamos siendo amigos y que en ese gran abrazo la verdad triunfe sin rodeos. As\u00ed como nosotros perdonamos a los que nos ofenden de la manera m\u00e1s natural. Como el ave que vuela sin perder su ruta, como la hormiga que labora sin que se lo exijan. Que cancelemos lo que nos deben, que se nos olviden los agravios. Que no nos desvelen las cr\u00edticas o los desencantos.<\/p>\n\n\n\n<p>No nos dejes caer en la tentaci\u00f3n y ay\u00fadanos a compartir, con quien nos cae mal, las tortillas y el aguacate, el agua y el caf\u00e9. Que en lugar de maldici\u00f3n entreguemos bendici\u00f3n, que venzamos el mal con el bien y que brote de nosotros lo cristiano y el amor del coraz\u00f3n. Y l\u00edbranos del mal, de los virus, los accidentes y la enfermedad. Ay\u00fadanos a cuidarnos los unos a los otros. A los mayores y a los delicados. Que seamos sabios y prudentes. Que pensemos en los dem\u00e1s sin acaparar. Que compartamos como familia con quien no puede permanecer en casa porque se queda sin comer. Am\u00e9n.<\/p>\n","protected":false},"excerpt":{"rendered":"<p>Mario Vega \/ Pastor General de Misi\u00f3n Cristiana Elim Padre nuestro que est\u00e1s en los cielos y en la tierra mutilada y herida por nuestras ambiciones, que podamos descubrirte en los ojos de los ni\u00f1os y en el rostro de nuestros vecinos para respetarles y acogerles.\u00a0Que podamos reconocernos como criaturas tuyas y herederos de igual [&hellip;]<\/p>\n","protected":false},"author":3,"featured_media":6072,"comment_status":"open","ping_status":"open","sticky":false,"template":"","format":"standard","meta":[],"categories":[23],"tags":[],"yoast_head":"<!-- This site is optimized with the Yoast SEO plugin v20.8 - https:\/\/yoast.com\/wordpress\/plugins\/seo\/ -->\n<title>Padrenuestro - La Prensa Cristiana<\/title>\n<meta name=\"robots\" content=\"index, follow, max-snippet:-1, max-image-preview:large, max-video-preview:-1\" \/>\n<link rel=\"canonical\" href=\"https:\/\/laprensacristiana.com\/?p=8635\" \/>\n<meta property=\"og:locale\" content=\"es_ES\" \/>\n<meta property=\"og:type\" content=\"article\" \/>\n<meta property=\"og:title\" content=\"Padrenuestro - La Prensa Cristiana\" \/>\n<meta property=\"og:description\" content=\"Mario Vega \/ Pastor General de Misi\u00f3n Cristiana Elim Padre nuestro que est\u00e1s en los cielos y en la tierra mutilada y herida por nuestras ambiciones, que podamos descubrirte en los ojos de los ni\u00f1os y en el rostro de nuestros vecinos para respetarles y acogerles.\u00a0Que podamos reconocernos como criaturas tuyas y herederos de igual [&hellip;]\" \/>\n<meta property=\"og:url\" content=\"https:\/\/laprensacristiana.com\/?p=8635\" \/>\n<meta property=\"og:site_name\" content=\"La Prensa Cristiana\" \/>\n<meta property=\"article:published_time\" content=\"2020-03-29T18:58:02+00:00\" \/>\n<meta property=\"article:modified_time\" content=\"2020-03-29T18:58:05+00:00\" \/>\n<meta property=\"og:image\" content=\"https:\/\/laprensacristiana.com\/wp-content\/uploads\/2019\/06\/OPINION-01-scaled.jpg\" \/>\n\t<meta property=\"og:image:width\" content=\"2560\" \/>\n\t<meta property=\"og:image:height\" content=\"1429\" \/>\n\t<meta property=\"og:image:type\" content=\"image\/jpeg\" \/>\n<meta name=\"author\" content=\"EDITOR\" \/>\n<meta name=\"twitter:card\" content=\"summary_large_image\" \/>\n<meta name=\"twitter:label1\" content=\"Escrito por\" \/>\n\t<meta name=\"twitter:data1\" content=\"EDITOR\" \/>\n\t<meta name=\"twitter:label2\" content=\"Tiempo de lectura\" \/>\n\t<meta name=\"twitter:data2\" content=\"3 minutos\" \/>\n<script type=\"application\/ld+json\" class=\"yoast-schema-graph\">{\"@context\":\"https:\/\/schema.org\",\"@graph\":[{\"@type\":\"WebPage\",\"@id\":\"https:\/\/laprensacristiana.com\/?p=8635\",\"url\":\"https:\/\/laprensacristiana.com\/?p=8635\",\"name\":\"Padrenuestro - La Prensa Cristiana\",\"isPartOf\":{\"@id\":\"https:\/\/laprensacristiana.com\/#website\"},\"datePublished\":\"2020-03-29T18:58:02+00:00\",\"dateModified\":\"2020-03-29T18:58:05+00:00\",\"author\":{\"@id\":\"https:\/\/laprensacristiana.com\/#\/schema\/person\/3e7d82c6bfd6b1fa67010f8f7cd5256e\"},\"breadcrumb\":{\"@id\":\"https:\/\/laprensacristiana.com\/?p=8635#breadcrumb\"},\"inLanguage\":\"es\",\"potentialAction\":[{\"@type\":\"ReadAction\",\"target\":[\"https:\/\/laprensacristiana.com\/?p=8635\"]}]},{\"@type\":\"BreadcrumbList\",\"@id\":\"https:\/\/laprensacristiana.com\/?p=8635#breadcrumb\",\"itemListElement\":[{\"@type\":\"ListItem\",\"position\":1,\"name\":\"Portada\",\"item\":\"https:\/\/laprensacristiana.com\/\"},{\"@type\":\"ListItem\",\"position\":2,\"name\":\"Padrenuestro\"}]},{\"@type\":\"WebSite\",\"@id\":\"https:\/\/laprensacristiana.com\/#website\",\"url\":\"https:\/\/laprensacristiana.com\/\",\"name\":\"La Prensa Cristiana\",\"description\":\"Anunciando Las Buenas Nuevas\",\"potentialAction\":[{\"@type\":\"SearchAction\",\"target\":{\"@type\":\"EntryPoint\",\"urlTemplate\":\"https:\/\/laprensacristiana.com\/?s={search_term_string}\"},\"query-input\":\"required name=search_term_string\"}],\"inLanguage\":\"es\"},{\"@type\":\"Person\",\"@id\":\"https:\/\/laprensacristiana.com\/#\/schema\/person\/3e7d82c6bfd6b1fa67010f8f7cd5256e\",\"name\":\"EDITOR\",\"image\":{\"@type\":\"ImageObject\",\"inLanguage\":\"es\",\"@id\":\"https:\/\/laprensacristiana.com\/#\/schema\/person\/image\/\",\"url\":\"https:\/\/secure.gravatar.com\/avatar\/72069dfb6c13772d9e8381e3638666d2?s=96&d=mm&r=g\",\"contentUrl\":\"https:\/\/secure.gravatar.com\/avatar\/72069dfb6c13772d9e8381e3638666d2?s=96&d=mm&r=g\",\"caption\":\"EDITOR\"},\"url\":\"https:\/\/laprensacristiana.com\/?author=3\"}]}<\/script>\n<!-- \/ Yoast SEO plugin. -->","yoast_head_json":{"title":"Padrenuestro - La Prensa Cristiana","robots":{"index":"index","follow":"follow","max-snippet":"max-snippet:-1","max-image-preview":"max-image-preview:large","max-video-preview":"max-video-preview:-1"},"canonical":"https:\/\/laprensacristiana.com\/?p=8635","og_locale":"es_ES","og_type":"article","og_title":"Padrenuestro - La Prensa Cristiana","og_description":"Mario Vega \/ Pastor General de Misi\u00f3n Cristiana Elim Padre nuestro que est\u00e1s en los cielos y en la tierra mutilada y herida por nuestras ambiciones, que podamos descubrirte en los ojos de los ni\u00f1os y en el rostro de nuestros vecinos para respetarles y acogerles.\u00a0Que podamos reconocernos como criaturas tuyas y herederos de igual [&hellip;]","og_url":"https:\/\/laprensacristiana.com\/?p=8635","og_site_name":"La Prensa Cristiana","article_published_time":"2020-03-29T18:58:02+00:00","article_modified_time":"2020-03-29T18:58:05+00:00","og_image":[{"width":2560,"height":1429,"url":"https:\/\/laprensacristiana.com\/wp-content\/uploads\/2019\/06\/OPINION-01-scaled.jpg","type":"image\/jpeg"}],"author":"EDITOR","twitter_card":"summary_large_image","twitter_misc":{"Escrito por":"EDITOR","Tiempo de lectura":"3 minutos"},"schema":{"@context":"https:\/\/schema.org","@graph":[{"@type":"WebPage","@id":"https:\/\/laprensacristiana.com\/?p=8635","url":"https:\/\/laprensacristiana.com\/?p=8635","name":"Padrenuestro - La Prensa Cristiana","isPartOf":{"@id":"https:\/\/laprensacristiana.com\/#website"},"datePublished":"2020-03-29T18:58:02+00:00","dateModified":"2020-03-29T18:58:05+00:00","author":{"@id":"https:\/\/laprensacristiana.com\/#\/schema\/person\/3e7d82c6bfd6b1fa67010f8f7cd5256e"},"breadcrumb":{"@id":"https:\/\/laprensacristiana.com\/?p=8635#breadcrumb"},"inLanguage":"es","potentialAction":[{"@type":"ReadAction","target":["https:\/\/laprensacristiana.com\/?p=8635"]}]},{"@type":"BreadcrumbList","@id":"https:\/\/laprensacristiana.com\/?p=8635#breadcrumb","itemListElement":[{"@type":"ListItem","position":1,"name":"Portada","item":"https:\/\/laprensacristiana.com\/"},{"@type":"ListItem","position":2,"name":"Padrenuestro"}]},{"@type":"WebSite","@id":"https:\/\/laprensacristiana.com\/#website","url":"https:\/\/laprensacristiana.com\/","name":"La Prensa Cristiana","description":"Anunciando Las Buenas Nuevas","potentialAction":[{"@type":"SearchAction","target":{"@type":"EntryPoint","urlTemplate":"https:\/\/laprensacristiana.com\/?s={search_term_string}"},"query-input":"required name=search_term_string"}],"inLanguage":"es"},{"@type":"Person","@id":"https:\/\/laprensacristiana.com\/#\/schema\/person\/3e7d82c6bfd6b1fa67010f8f7cd5256e","name":"EDITOR","image":{"@type":"ImageObject","inLanguage":"es","@id":"https:\/\/laprensacristiana.com\/#\/schema\/person\/image\/","url":"https:\/\/secure.gravatar.com\/avatar\/72069dfb6c13772d9e8381e3638666d2?s=96&d=mm&r=g","contentUrl":"https:\/\/secure.gravatar.com\/avatar\/72069dfb6c13772d9e8381e3638666d2?s=96&d=mm&r=g","caption":"EDITOR"},"url":"https:\/\/laprensacristiana.com\/?author=3"}]}},"_links":{"self":[{"href":"https:\/\/laprensacristiana.com\/index.php?rest_route=\/wp\/v2\/posts\/8635"}],"collection":[{"href":"https:\/\/laprensacristiana.com\/index.php?rest_route=\/wp\/v2\/posts"}],"about":[{"href":"https:\/\/laprensacristiana.com\/index.php?rest_route=\/wp\/v2\/types\/post"}],"author":[{"embeddable":true,"href":"https:\/\/laprensacristiana.com\/index.php?rest_route=\/wp\/v2\/users\/3"}],"replies":[{"embeddable":true,"href":"https:\/\/laprensacristiana.com\/index.php?rest_route=%2Fwp%2Fv2%2Fcomments&post=8635"}],"version-history":[{"count":1,"href":"https:\/\/laprensacristiana.com\/index.php?rest_route=\/wp\/v2\/posts\/8635\/revisions"}],"predecessor-version":[{"id":8636,"href":"https:\/\/laprensacristiana.com\/index.php?rest_route=\/wp\/v2\/posts\/8635\/revisions\/8636"}],"wp:featuredmedia":[{"embeddable":true,"href":"https:\/\/laprensacristiana.com\/index.php?rest_route=\/wp\/v2\/media\/6072"}],"wp:attachment":[{"href":"https:\/\/laprensacristiana.com\/index.php?rest_route=%2Fwp%2Fv2%2Fmedia&parent=8635"}],"wp:term":[{"taxonomy":"category","embeddable":true,"href":"https:\/\/laprensacristiana.com\/index.php?rest_route=%2Fwp%2Fv2%2Fcategories&post=8635"},{"taxonomy":"post_tag","embeddable":true,"href":"https:\/\/laprensacristiana.com\/index.php?rest_route=%2Fwp%2Fv2%2Ftags&post=8635"}],"curies":[{"name":"wp","href":"https:\/\/api.w.org\/{rel}","templated":true}]}}