{"id":8637,"date":"2020-03-31T14:46:12","date_gmt":"2020-03-31T14:46:12","guid":{"rendered":"https:\/\/laprensacristiana.com\/?p=8637"},"modified":"2020-03-31T14:46:13","modified_gmt":"2020-03-31T14:46:13","slug":"quien-es-este-hombre","status":"publish","type":"post","link":"https:\/\/laprensacristiana.com\/?p=8637","title":{"rendered":"\u00bfQui\u00e9n es este hombre?"},"content":{"rendered":"\n<p>Mateo 8:27 \u201cY los hombres se maravillaron, diciendo: \u00bfQui\u00e9n es \u00e9ste hombre\u2026?<\/p>\n\n\n\n<p>Perder nuestra identidad es lo peor que nos puede pasar a los hombres. Cuando la sociedad nos masifica, cuando la cultura nos castra, cuando permitimos que la moda dicte como debemos vestirnos, peinarnos y cortarnos el cabello, entonces estamos perdiendo nuestra identidad.<\/p>\n\n\n\n<p>Jesus no nos salv\u00f3 para que sigamos viviendo seg\u00fan digan los dem\u00e1s. \u00c8l nos ha dado nuevas pautas de conducta. Nos ha dado su c\u00f3digo de vida. Mandamientos y preceptos que debemos seguir para vivir realmente vidas que impacten a los dem\u00e1s y que les hagan ver que hay una clase de hombres y mujeres que somos diferentes. Diferentes en todo.<\/p>\n\n\n\n<p>El problema es que la religi\u00f3n no ha permitido que se ense\u00f1e y se transforme al hombre como ha sido el deseo de Dios. Son pocos los hombres que no se han dejado llevar por la corriente de este mundo, como dijo el Ap\u00f3stol Pablo. <\/p>\n\n\n\n<p>Son pocos los hombres y los pastores que no han permitido masificarse seg\u00fan las costumbres del mundo. Mantener la identidad que Cristo vino a darnos es importante porque somos ejemplo para las nuevas generaciones. Somos los que dejaremos huellas para que nuestros hijos y nietos caminen sabiendo que hubo atr\u00e0s de ellos, un hombre valiente que no permiti\u00f3 que le robaran su car\u00e1cter cristiano.<\/p>\n\n\n\n<p>En la Biblia tenemos varios ejemplos. Josu\u00e9, Caleb, Mois\u00e9s y otros. Pero han sido uno en un mill\u00f3n quienes nos han demostrado que se puede vivir en una sociedad corrupta, pagana y vulgar sin caer en sus redes.<\/p>\n\n\n\n<p>El que m\u00e0s ha descrito lo que es ser verdadero hijo de Dios, es Daniel. Todos conocemos su historia. Desde su juventud fue llevado cautivo por las huestes de Nabucodonosor. Era un muchacho muy estudiado. No era cualquier hijo de vecino sin que yo quiera ser despectivo. Pero Daniel nos da una c\u00e1tedra de como debemos comportarnos en medio de nuestro entorno para demostrar en qui\u00e9n hemos cre\u00eddo, a quien servimos y de qui\u00e9n somos.<\/p>\n\n\n\n<p>Le cambiaron el nombre. Le cambiaron su dieta. Le cambiaron su identidad. Pero no le pudieron cambiar su fe. <\/p>\n\n\n\n<p>Y all\u00ed radica la verticalidad de Daniel. No permiti\u00f3 que los manjares del rey pagano influyeran en sus gustos personales. No iba a permitir que el sistema lo masificara y lo volviera uno m\u00e0s en Caldea. No, se\u00f1or. No voy a hacer lo que hacen los dem\u00e1s. Yo no pertenezco a esa clase de personas. Soy de una casta diferente. Tengo linaje, disculpe, pero tengo abolengo y debo cuidar la herencia de mis padres. <\/p>\n\n\n\n<p>\u00bfQui\u00e9n es ese hombre? Esa es la pregunta que flota en el ambiente. \u00bfQui\u00e9n es ese hombre que se atreve a desafiar las costumbres de la \u00e9poca? \u00bfQui\u00e9n es ese hombre que no se hace tatuajes estando tan de moda el d\u00eca de hoy? \u00bfQui\u00e9n es ese hombre que no habla vulgaridades ni trata a las mujeres como trapo de cocina? \u00bfQui\u00e9n es ese hombre que no se viste como todos los de la calle? \u00bfQui\u00e9n es ese hombre que mantiene su identidad y no se deja arrastrar por la sociedad masificante? \u00bfQui\u00e9n es ese hombre que no anda en la calle en chancletas, descuidado en su andar y viendo a las mujeres con lascivia? <\/p>\n\n\n\n<p>\u00a1Ah! Ese hombre es Daniel. Y sus amigos lo imitaron. Soportaron con estoicismo el horno ardiente exactamente como les hab\u00eda inspirado su amigo Daniel. <br>\nUn hombre. Solo uno. No eran necesarios muchos para que los babilonios y el mismo rey se dieran cuenta que se puede ser diferente. Que -seg\u00fan le dijeron-, \u201cen tu reino, oh, rey, hay un  hombre de los hebreos que\u2026\u201d <\/p>\n\n\n\n<p>\u00bfQuiere usted este alto honor, mi querido amigo? \u00bfQuiere que lo vean con respeto, con dignidad y admiraci\u00f3n? Tiene que gan\u00e1rselo. Jesus ya nos dio su linaje. Ahora nos toca a nosotros aumentarlo y cuidarlo. Es necesario que en su cuadra, en su barrio, en su medio de trabajo se diga lo que dijeron de Jesus y seguramente de Daniel: \u201c\u00bfQui\u00e9n es este hombre\u2026?\u201d<\/p>\n\n\n\n<p>SOLI DEO GLORIA<\/p>\n","protected":false},"excerpt":{"rendered":"<p>Mateo 8:27 \u201cY los hombres se maravillaron, diciendo: \u00bfQui\u00e9n es \u00e9ste hombre\u2026? Perder nuestra identidad es lo peor que nos puede pasar a los hombres. Cuando la sociedad nos masifica, cuando la cultura nos castra, cuando permitimos que la moda dicte como debemos vestirnos, peinarnos y cortarnos el cabello, entonces estamos perdiendo nuestra identidad. Jesus [&hellip;]<\/p>\n","protected":false},"author":3,"featured_media":6421,"comment_status":"open","ping_status":"open","sticky":false,"template":"","format":"standard","meta":[],"categories":[36],"tags":[],"yoast_head":"<!-- This site is optimized with the Yoast SEO plugin v20.8 - https:\/\/yoast.com\/wordpress\/plugins\/seo\/ -->\n<title>\u00bfQui\u00e9n es este hombre? - La Prensa Cristiana<\/title>\n<meta name=\"robots\" content=\"index, follow, max-snippet:-1, max-image-preview:large, max-video-preview:-1\" \/>\n<link rel=\"canonical\" href=\"https:\/\/laprensacristiana.com\/?p=8637\" \/>\n<meta property=\"og:locale\" content=\"es_ES\" \/>\n<meta property=\"og:type\" content=\"article\" \/>\n<meta property=\"og:title\" content=\"\u00bfQui\u00e9n es este hombre? - La Prensa Cristiana\" \/>\n<meta property=\"og:description\" content=\"Mateo 8:27 \u201cY los hombres se maravillaron, diciendo: \u00bfQui\u00e9n es \u00e9ste hombre\u2026? Perder nuestra identidad es lo peor que nos puede pasar a los hombres. Cuando la sociedad nos masifica, cuando la cultura nos castra, cuando permitimos que la moda dicte como debemos vestirnos, peinarnos y cortarnos el cabello, entonces estamos perdiendo nuestra identidad. Jesus [&hellip;]\" \/>\n<meta property=\"og:url\" content=\"https:\/\/laprensacristiana.com\/?p=8637\" \/>\n<meta property=\"og:site_name\" content=\"La Prensa Cristiana\" \/>\n<meta property=\"article:published_time\" content=\"2020-03-31T14:46:12+00:00\" \/>\n<meta property=\"article:modified_time\" content=\"2020-03-31T14:46:13+00:00\" \/>\n<meta property=\"og:image\" content=\"https:\/\/laprensacristiana.com\/wp-content\/uploads\/2019\/09\/2017-11-23-PHOTO-00003245-1.jpg\" \/>\n\t<meta property=\"og:image:width\" content=\"1280\" \/>\n\t<meta property=\"og:image:height\" content=\"714\" \/>\n\t<meta property=\"og:image:type\" content=\"image\/jpeg\" \/>\n<meta name=\"author\" content=\"EDITOR\" \/>\n<meta name=\"twitter:card\" content=\"summary_large_image\" \/>\n<meta name=\"twitter:label1\" content=\"Escrito por\" \/>\n\t<meta name=\"twitter:data1\" content=\"EDITOR\" \/>\n\t<meta name=\"twitter:label2\" content=\"Tiempo de lectura\" \/>\n\t<meta name=\"twitter:data2\" content=\"4 minutos\" \/>\n<script type=\"application\/ld+json\" class=\"yoast-schema-graph\">{\"@context\":\"https:\/\/schema.org\",\"@graph\":[{\"@type\":\"WebPage\",\"@id\":\"https:\/\/laprensacristiana.com\/?p=8637\",\"url\":\"https:\/\/laprensacristiana.com\/?p=8637\",\"name\":\"\u00bfQui\u00e9n es este hombre? - La Prensa Cristiana\",\"isPartOf\":{\"@id\":\"https:\/\/laprensacristiana.com\/#website\"},\"datePublished\":\"2020-03-31T14:46:12+00:00\",\"dateModified\":\"2020-03-31T14:46:13+00:00\",\"author\":{\"@id\":\"https:\/\/laprensacristiana.com\/#\/schema\/person\/3e7d82c6bfd6b1fa67010f8f7cd5256e\"},\"breadcrumb\":{\"@id\":\"https:\/\/laprensacristiana.com\/?p=8637#breadcrumb\"},\"inLanguage\":\"es\",\"potentialAction\":[{\"@type\":\"ReadAction\",\"target\":[\"https:\/\/laprensacristiana.com\/?p=8637\"]}]},{\"@type\":\"BreadcrumbList\",\"@id\":\"https:\/\/laprensacristiana.com\/?p=8637#breadcrumb\",\"itemListElement\":[{\"@type\":\"ListItem\",\"position\":1,\"name\":\"Portada\",\"item\":\"https:\/\/laprensacristiana.com\/\"},{\"@type\":\"ListItem\",\"position\":2,\"name\":\"\u00bfQui\u00e9n es este hombre?\"}]},{\"@type\":\"WebSite\",\"@id\":\"https:\/\/laprensacristiana.com\/#website\",\"url\":\"https:\/\/laprensacristiana.com\/\",\"name\":\"La Prensa Cristiana\",\"description\":\"Anunciando Las Buenas Nuevas\",\"potentialAction\":[{\"@type\":\"SearchAction\",\"target\":{\"@type\":\"EntryPoint\",\"urlTemplate\":\"https:\/\/laprensacristiana.com\/?s={search_term_string}\"},\"query-input\":\"required name=search_term_string\"}],\"inLanguage\":\"es\"},{\"@type\":\"Person\",\"@id\":\"https:\/\/laprensacristiana.com\/#\/schema\/person\/3e7d82c6bfd6b1fa67010f8f7cd5256e\",\"name\":\"EDITOR\",\"image\":{\"@type\":\"ImageObject\",\"inLanguage\":\"es\",\"@id\":\"https:\/\/laprensacristiana.com\/#\/schema\/person\/image\/\",\"url\":\"https:\/\/secure.gravatar.com\/avatar\/72069dfb6c13772d9e8381e3638666d2?s=96&d=mm&r=g\",\"contentUrl\":\"https:\/\/secure.gravatar.com\/avatar\/72069dfb6c13772d9e8381e3638666d2?s=96&d=mm&r=g\",\"caption\":\"EDITOR\"},\"url\":\"https:\/\/laprensacristiana.com\/?author=3\"}]}<\/script>\n<!-- \/ Yoast SEO plugin. -->","yoast_head_json":{"title":"\u00bfQui\u00e9n es este hombre? - La Prensa Cristiana","robots":{"index":"index","follow":"follow","max-snippet":"max-snippet:-1","max-image-preview":"max-image-preview:large","max-video-preview":"max-video-preview:-1"},"canonical":"https:\/\/laprensacristiana.com\/?p=8637","og_locale":"es_ES","og_type":"article","og_title":"\u00bfQui\u00e9n es este hombre? - La Prensa Cristiana","og_description":"Mateo 8:27 \u201cY los hombres se maravillaron, diciendo: \u00bfQui\u00e9n es \u00e9ste hombre\u2026? Perder nuestra identidad es lo peor que nos puede pasar a los hombres. Cuando la sociedad nos masifica, cuando la cultura nos castra, cuando permitimos que la moda dicte como debemos vestirnos, peinarnos y cortarnos el cabello, entonces estamos perdiendo nuestra identidad. Jesus [&hellip;]","og_url":"https:\/\/laprensacristiana.com\/?p=8637","og_site_name":"La Prensa Cristiana","article_published_time":"2020-03-31T14:46:12+00:00","article_modified_time":"2020-03-31T14:46:13+00:00","og_image":[{"width":1280,"height":714,"url":"https:\/\/laprensacristiana.com\/wp-content\/uploads\/2019\/09\/2017-11-23-PHOTO-00003245-1.jpg","type":"image\/jpeg"}],"author":"EDITOR","twitter_card":"summary_large_image","twitter_misc":{"Escrito por":"EDITOR","Tiempo de lectura":"4 minutos"},"schema":{"@context":"https:\/\/schema.org","@graph":[{"@type":"WebPage","@id":"https:\/\/laprensacristiana.com\/?p=8637","url":"https:\/\/laprensacristiana.com\/?p=8637","name":"\u00bfQui\u00e9n es este hombre? - La Prensa Cristiana","isPartOf":{"@id":"https:\/\/laprensacristiana.com\/#website"},"datePublished":"2020-03-31T14:46:12+00:00","dateModified":"2020-03-31T14:46:13+00:00","author":{"@id":"https:\/\/laprensacristiana.com\/#\/schema\/person\/3e7d82c6bfd6b1fa67010f8f7cd5256e"},"breadcrumb":{"@id":"https:\/\/laprensacristiana.com\/?p=8637#breadcrumb"},"inLanguage":"es","potentialAction":[{"@type":"ReadAction","target":["https:\/\/laprensacristiana.com\/?p=8637"]}]},{"@type":"BreadcrumbList","@id":"https:\/\/laprensacristiana.com\/?p=8637#breadcrumb","itemListElement":[{"@type":"ListItem","position":1,"name":"Portada","item":"https:\/\/laprensacristiana.com\/"},{"@type":"ListItem","position":2,"name":"\u00bfQui\u00e9n es este hombre?"}]},{"@type":"WebSite","@id":"https:\/\/laprensacristiana.com\/#website","url":"https:\/\/laprensacristiana.com\/","name":"La Prensa Cristiana","description":"Anunciando Las Buenas Nuevas","potentialAction":[{"@type":"SearchAction","target":{"@type":"EntryPoint","urlTemplate":"https:\/\/laprensacristiana.com\/?s={search_term_string}"},"query-input":"required name=search_term_string"}],"inLanguage":"es"},{"@type":"Person","@id":"https:\/\/laprensacristiana.com\/#\/schema\/person\/3e7d82c6bfd6b1fa67010f8f7cd5256e","name":"EDITOR","image":{"@type":"ImageObject","inLanguage":"es","@id":"https:\/\/laprensacristiana.com\/#\/schema\/person\/image\/","url":"https:\/\/secure.gravatar.com\/avatar\/72069dfb6c13772d9e8381e3638666d2?s=96&d=mm&r=g","contentUrl":"https:\/\/secure.gravatar.com\/avatar\/72069dfb6c13772d9e8381e3638666d2?s=96&d=mm&r=g","caption":"EDITOR"},"url":"https:\/\/laprensacristiana.com\/?author=3"}]}},"_links":{"self":[{"href":"https:\/\/laprensacristiana.com\/index.php?rest_route=\/wp\/v2\/posts\/8637"}],"collection":[{"href":"https:\/\/laprensacristiana.com\/index.php?rest_route=\/wp\/v2\/posts"}],"about":[{"href":"https:\/\/laprensacristiana.com\/index.php?rest_route=\/wp\/v2\/types\/post"}],"author":[{"embeddable":true,"href":"https:\/\/laprensacristiana.com\/index.php?rest_route=\/wp\/v2\/users\/3"}],"replies":[{"embeddable":true,"href":"https:\/\/laprensacristiana.com\/index.php?rest_route=%2Fwp%2Fv2%2Fcomments&post=8637"}],"version-history":[{"count":1,"href":"https:\/\/laprensacristiana.com\/index.php?rest_route=\/wp\/v2\/posts\/8637\/revisions"}],"predecessor-version":[{"id":8638,"href":"https:\/\/laprensacristiana.com\/index.php?rest_route=\/wp\/v2\/posts\/8637\/revisions\/8638"}],"wp:featuredmedia":[{"embeddable":true,"href":"https:\/\/laprensacristiana.com\/index.php?rest_route=\/wp\/v2\/media\/6421"}],"wp:attachment":[{"href":"https:\/\/laprensacristiana.com\/index.php?rest_route=%2Fwp%2Fv2%2Fmedia&parent=8637"}],"wp:term":[{"taxonomy":"category","embeddable":true,"href":"https:\/\/laprensacristiana.com\/index.php?rest_route=%2Fwp%2Fv2%2Fcategories&post=8637"},{"taxonomy":"post_tag","embeddable":true,"href":"https:\/\/laprensacristiana.com\/index.php?rest_route=%2Fwp%2Fv2%2Ftags&post=8637"}],"curies":[{"name":"wp","href":"https:\/\/api.w.org\/{rel}","templated":true}]}}