{"id":8646,"date":"2020-04-02T19:49:37","date_gmt":"2020-04-02T19:49:37","guid":{"rendered":"https:\/\/laprensacristiana.com\/?p=8646"},"modified":"2020-04-02T19:49:40","modified_gmt":"2020-04-02T19:49:40","slug":"llegara-el-manana","status":"publish","type":"post","link":"https:\/\/laprensacristiana.com\/?p=8646","title":{"rendered":"Llegar\u00e1 el ma\u00f1ana"},"content":{"rendered":"\n<p>Josu\u00e9 3:5 \u00abEntonces Josu\u00e9 dijo al pueblo: Consagraos, porque ma\u00f1ana el SE\u00d1OR har\u00e1 maravillas entre vosotros\u201d<\/p>\n\n\n\n<p>Josu\u00e9 est\u00e1 dando instrucciones al pueblo de Israel que se preparen porque al d\u00eca siguiente pasar\u00e1n a tomar su herencia. Su tierra prometida por Dios desde hace cuarenta a\u00f1os que salieron de Egipto.<\/p>\n\n\n\n<p>En ese periplo han sucedido muchas cosas. Reclamos, insatisfacciones, amenazas de tirar piedras, chismes, consejos y lo m\u00e0s doloroso, muertes. Toda la generaci\u00f3n que sali\u00f3 a la libertad que Mois\u00e9s los iba llevando quedaron postrados en las arenas calcinantes del desierto. <\/p>\n\n\n\n<p>Esa generaci\u00f3n no le crey\u00f3 ni a Dios ni a su l\u00edder. Se cansaron de esperar. Se cansaron de so\u00f1ar y de terminar con fe el camino que hab\u00edan emprendido. No supieron valorar el sacrificio que hicieron sus libertadores para llevarlos a la leche y la miel.<\/p>\n\n\n\n<p>Pero se ha levantado una nueva generaci\u00f3n. Y ahora est\u00e1n esperando a la orilla del r\u00edo Jordan. A pesar de la duda y los conflictos, hay una generaci\u00f3n que s\u00ed quiere entrar. Quieren probar que el Poder de Dios y la guianza de Josu\u00e9 les llevar\u00e1 al lugar que sus padres no quisieron heredar.<\/p>\n\n\n\n<p>Tres d\u00ecas esperando la orden de su gu\u00eda. Tres d\u00ecas esperando que el rio descendiera para poder pasar al otro lado. Pero el rio no baja su caudal. Tienen que arriesgarse a salir del desierto y entrar a su nueva tierra. No hay opciones ni pasos ciegos para pasar seguros. Tienen que presenciar un nuevo milagro de parte del Se\u00f1or que los iba a introducir por medio de Josu\u00e9. <\/p>\n\n\n\n<p>Entonces Josu\u00e9 dijo al pueblo: Consagraos. Lo curioso del caso es que no les dijo: \u201cafilen sus espadas. Limpien sus cuchillos. Aceiten sus escudos. Preparen sus armas\u201d No. Lo que les dijo es algo que nos golpea el coraz\u00f3n: Cons\u00e0grense. Ap\u00e1rtense de toda contaminaci\u00f3n. Preparense espiritualmente. Oren y busquen al Se\u00f1or. Lean la Palabra de Dios. Olv\u00eddense de las cosas del mundo. Cons\u00e0grense. Porque vamos a pasar al otro lado.<\/p>\n\n\n\n<p>Ahora vengamos a la actualidad. \u00bfQu\u00e9 estamos preparando en nuestros corazones para salir de este encierro? \u00bfQu\u00e9 estamos haciendo en nuestras almas, en nuestros esp\u00edritus y vidas interiores para cuando esto termine y nos digan que ya podemos salir?<\/p>\n\n\n\n<p>Quiz\u00e1 algunos estar\u00e1n preparando sus celulares para volver a llamar a sus amantes. Los j\u00f3venes quiz\u00e1 se est\u00e1n preparando para volver a sus cervecer\u00edas.  Quiz\u00e1 guardando sus tarjetas de cr\u00e9dito que papi paga para alquilar pel\u00edculas pornogr\u00e0ficas. O quiz\u00e1 la mami est\u00e1 preparando sus shorts y blusas de marca para volver a sus gimnasios. O preparando sus minifaldas para salir a lucir su cuerpo.<\/p>\n\n\n\n<p>Espero que muchos pastores nos estemos preparando en santidad para volver a nuestros templos y no repetir lo errores que hemos cometido. Que estos d\u00ecas nos ayuden a consagrarnos para cuando todo esto pase y tomemos nuestra herencia en Cristo Jesus.<\/p>\n\n\n\n<p>Estos han sido d\u00ecas para hacer un inventario de qui\u00e9n soy en realidad. Qu\u00e9 cambios necesito hacer en mi car\u00e1cter, en mi trato hacia mi esposa, mi congregaci\u00f3n. Mis hermanos. Qu\u00e9 tanto estoy adorando al Se\u00f1or sin que el grupo de alabanza me ayude con sus instrumentos.<\/p>\n\n\n\n<p>Esta cuarentena me tiene que servir para darme cuenta que la intimidad con Dios no es en un edificio bonito, delante de las personas, tomados de las manos y cerrando los ojos para que todos me vean. Esta cuarentena me tiene que servir para aprender a ser lo que el Se\u00f1or siempre me ha pedido. Que me consagre. Que lo busque en esp\u00edritu y en verdad. No para que me vean los dem\u00e1s, sino para que me vea \u00c8l que es lo que realmente importa.<\/p>\n\n\n\n<p>SOLI DEO GLORIA<\/p>\n","protected":false},"excerpt":{"rendered":"<p>Josu\u00e9 3:5 \u00abEntonces Josu\u00e9 dijo al pueblo: Consagraos, porque ma\u00f1ana el SE\u00d1OR har\u00e1 maravillas entre vosotros\u201d Josu\u00e9 est\u00e1 dando instrucciones al pueblo de Israel que se preparen porque al d\u00eca siguiente pasar\u00e1n a tomar su herencia. Su tierra prometida por Dios desde hace cuarenta a\u00f1os que salieron de Egipto. En ese periplo han sucedido muchas [&hellip;]<\/p>\n","protected":false},"author":3,"featured_media":7949,"comment_status":"open","ping_status":"open","sticky":false,"template":"","format":"standard","meta":[],"categories":[36],"tags":[],"yoast_head":"<!-- This site is optimized with the Yoast SEO plugin v20.8 - https:\/\/yoast.com\/wordpress\/plugins\/seo\/ -->\n<title>Llegar\u00e1 el ma\u00f1ana - La Prensa Cristiana<\/title>\n<meta name=\"robots\" content=\"index, follow, max-snippet:-1, max-image-preview:large, max-video-preview:-1\" \/>\n<link rel=\"canonical\" href=\"https:\/\/laprensacristiana.com\/?p=8646\" \/>\n<meta property=\"og:locale\" content=\"es_ES\" \/>\n<meta property=\"og:type\" content=\"article\" \/>\n<meta property=\"og:title\" content=\"Llegar\u00e1 el ma\u00f1ana - La Prensa Cristiana\" \/>\n<meta property=\"og:description\" content=\"Josu\u00e9 3:5 \u00abEntonces Josu\u00e9 dijo al pueblo: Consagraos, porque ma\u00f1ana el SE\u00d1OR har\u00e1 maravillas entre vosotros\u201d Josu\u00e9 est\u00e1 dando instrucciones al pueblo de Israel que se preparen porque al d\u00eca siguiente pasar\u00e1n a tomar su herencia. Su tierra prometida por Dios desde hace cuarenta a\u00f1os que salieron de Egipto. En ese periplo han sucedido muchas [&hellip;]\" \/>\n<meta property=\"og:url\" content=\"https:\/\/laprensacristiana.com\/?p=8646\" \/>\n<meta property=\"og:site_name\" content=\"La Prensa Cristiana\" \/>\n<meta property=\"article:published_time\" content=\"2020-04-02T19:49:37+00:00\" \/>\n<meta property=\"article:modified_time\" content=\"2020-04-02T19:49:40+00:00\" \/>\n<meta property=\"og:image\" content=\"https:\/\/laprensacristiana.com\/wp-content\/uploads\/2020\/01\/2017-11-23-PHOTO-00003245-1.jpg\" \/>\n\t<meta property=\"og:image:width\" content=\"1280\" \/>\n\t<meta property=\"og:image:height\" content=\"714\" \/>\n\t<meta property=\"og:image:type\" content=\"image\/jpeg\" \/>\n<meta name=\"author\" content=\"EDITOR\" \/>\n<meta name=\"twitter:card\" content=\"summary_large_image\" \/>\n<meta name=\"twitter:label1\" content=\"Escrito por\" \/>\n\t<meta name=\"twitter:data1\" content=\"EDITOR\" \/>\n\t<meta name=\"twitter:label2\" content=\"Tiempo de lectura\" \/>\n\t<meta name=\"twitter:data2\" content=\"3 minutos\" \/>\n<script type=\"application\/ld+json\" class=\"yoast-schema-graph\">{\"@context\":\"https:\/\/schema.org\",\"@graph\":[{\"@type\":\"WebPage\",\"@id\":\"https:\/\/laprensacristiana.com\/?p=8646\",\"url\":\"https:\/\/laprensacristiana.com\/?p=8646\",\"name\":\"Llegar\u00e1 el ma\u00f1ana - La Prensa Cristiana\",\"isPartOf\":{\"@id\":\"https:\/\/laprensacristiana.com\/#website\"},\"datePublished\":\"2020-04-02T19:49:37+00:00\",\"dateModified\":\"2020-04-02T19:49:40+00:00\",\"author\":{\"@id\":\"https:\/\/laprensacristiana.com\/#\/schema\/person\/3e7d82c6bfd6b1fa67010f8f7cd5256e\"},\"breadcrumb\":{\"@id\":\"https:\/\/laprensacristiana.com\/?p=8646#breadcrumb\"},\"inLanguage\":\"es\",\"potentialAction\":[{\"@type\":\"ReadAction\",\"target\":[\"https:\/\/laprensacristiana.com\/?p=8646\"]}]},{\"@type\":\"BreadcrumbList\",\"@id\":\"https:\/\/laprensacristiana.com\/?p=8646#breadcrumb\",\"itemListElement\":[{\"@type\":\"ListItem\",\"position\":1,\"name\":\"Portada\",\"item\":\"https:\/\/laprensacristiana.com\/\"},{\"@type\":\"ListItem\",\"position\":2,\"name\":\"Llegar\u00e1 el ma\u00f1ana\"}]},{\"@type\":\"WebSite\",\"@id\":\"https:\/\/laprensacristiana.com\/#website\",\"url\":\"https:\/\/laprensacristiana.com\/\",\"name\":\"La Prensa Cristiana\",\"description\":\"Anunciando Las Buenas Nuevas\",\"potentialAction\":[{\"@type\":\"SearchAction\",\"target\":{\"@type\":\"EntryPoint\",\"urlTemplate\":\"https:\/\/laprensacristiana.com\/?s={search_term_string}\"},\"query-input\":\"required name=search_term_string\"}],\"inLanguage\":\"es\"},{\"@type\":\"Person\",\"@id\":\"https:\/\/laprensacristiana.com\/#\/schema\/person\/3e7d82c6bfd6b1fa67010f8f7cd5256e\",\"name\":\"EDITOR\",\"image\":{\"@type\":\"ImageObject\",\"inLanguage\":\"es\",\"@id\":\"https:\/\/laprensacristiana.com\/#\/schema\/person\/image\/\",\"url\":\"https:\/\/secure.gravatar.com\/avatar\/72069dfb6c13772d9e8381e3638666d2?s=96&d=mm&r=g\",\"contentUrl\":\"https:\/\/secure.gravatar.com\/avatar\/72069dfb6c13772d9e8381e3638666d2?s=96&d=mm&r=g\",\"caption\":\"EDITOR\"},\"url\":\"https:\/\/laprensacristiana.com\/?author=3\"}]}<\/script>\n<!-- \/ Yoast SEO plugin. -->","yoast_head_json":{"title":"Llegar\u00e1 el ma\u00f1ana - La Prensa Cristiana","robots":{"index":"index","follow":"follow","max-snippet":"max-snippet:-1","max-image-preview":"max-image-preview:large","max-video-preview":"max-video-preview:-1"},"canonical":"https:\/\/laprensacristiana.com\/?p=8646","og_locale":"es_ES","og_type":"article","og_title":"Llegar\u00e1 el ma\u00f1ana - La Prensa Cristiana","og_description":"Josu\u00e9 3:5 \u00abEntonces Josu\u00e9 dijo al pueblo: Consagraos, porque ma\u00f1ana el SE\u00d1OR har\u00e1 maravillas entre vosotros\u201d Josu\u00e9 est\u00e1 dando instrucciones al pueblo de Israel que se preparen porque al d\u00eca siguiente pasar\u00e1n a tomar su herencia. Su tierra prometida por Dios desde hace cuarenta a\u00f1os que salieron de Egipto. En ese periplo han sucedido muchas [&hellip;]","og_url":"https:\/\/laprensacristiana.com\/?p=8646","og_site_name":"La Prensa Cristiana","article_published_time":"2020-04-02T19:49:37+00:00","article_modified_time":"2020-04-02T19:49:40+00:00","og_image":[{"width":1280,"height":714,"url":"https:\/\/laprensacristiana.com\/wp-content\/uploads\/2020\/01\/2017-11-23-PHOTO-00003245-1.jpg","type":"image\/jpeg"}],"author":"EDITOR","twitter_card":"summary_large_image","twitter_misc":{"Escrito por":"EDITOR","Tiempo de lectura":"3 minutos"},"schema":{"@context":"https:\/\/schema.org","@graph":[{"@type":"WebPage","@id":"https:\/\/laprensacristiana.com\/?p=8646","url":"https:\/\/laprensacristiana.com\/?p=8646","name":"Llegar\u00e1 el ma\u00f1ana - La Prensa Cristiana","isPartOf":{"@id":"https:\/\/laprensacristiana.com\/#website"},"datePublished":"2020-04-02T19:49:37+00:00","dateModified":"2020-04-02T19:49:40+00:00","author":{"@id":"https:\/\/laprensacristiana.com\/#\/schema\/person\/3e7d82c6bfd6b1fa67010f8f7cd5256e"},"breadcrumb":{"@id":"https:\/\/laprensacristiana.com\/?p=8646#breadcrumb"},"inLanguage":"es","potentialAction":[{"@type":"ReadAction","target":["https:\/\/laprensacristiana.com\/?p=8646"]}]},{"@type":"BreadcrumbList","@id":"https:\/\/laprensacristiana.com\/?p=8646#breadcrumb","itemListElement":[{"@type":"ListItem","position":1,"name":"Portada","item":"https:\/\/laprensacristiana.com\/"},{"@type":"ListItem","position":2,"name":"Llegar\u00e1 el ma\u00f1ana"}]},{"@type":"WebSite","@id":"https:\/\/laprensacristiana.com\/#website","url":"https:\/\/laprensacristiana.com\/","name":"La Prensa Cristiana","description":"Anunciando Las Buenas Nuevas","potentialAction":[{"@type":"SearchAction","target":{"@type":"EntryPoint","urlTemplate":"https:\/\/laprensacristiana.com\/?s={search_term_string}"},"query-input":"required name=search_term_string"}],"inLanguage":"es"},{"@type":"Person","@id":"https:\/\/laprensacristiana.com\/#\/schema\/person\/3e7d82c6bfd6b1fa67010f8f7cd5256e","name":"EDITOR","image":{"@type":"ImageObject","inLanguage":"es","@id":"https:\/\/laprensacristiana.com\/#\/schema\/person\/image\/","url":"https:\/\/secure.gravatar.com\/avatar\/72069dfb6c13772d9e8381e3638666d2?s=96&d=mm&r=g","contentUrl":"https:\/\/secure.gravatar.com\/avatar\/72069dfb6c13772d9e8381e3638666d2?s=96&d=mm&r=g","caption":"EDITOR"},"url":"https:\/\/laprensacristiana.com\/?author=3"}]}},"_links":{"self":[{"href":"https:\/\/laprensacristiana.com\/index.php?rest_route=\/wp\/v2\/posts\/8646"}],"collection":[{"href":"https:\/\/laprensacristiana.com\/index.php?rest_route=\/wp\/v2\/posts"}],"about":[{"href":"https:\/\/laprensacristiana.com\/index.php?rest_route=\/wp\/v2\/types\/post"}],"author":[{"embeddable":true,"href":"https:\/\/laprensacristiana.com\/index.php?rest_route=\/wp\/v2\/users\/3"}],"replies":[{"embeddable":true,"href":"https:\/\/laprensacristiana.com\/index.php?rest_route=%2Fwp%2Fv2%2Fcomments&post=8646"}],"version-history":[{"count":1,"href":"https:\/\/laprensacristiana.com\/index.php?rest_route=\/wp\/v2\/posts\/8646\/revisions"}],"predecessor-version":[{"id":8647,"href":"https:\/\/laprensacristiana.com\/index.php?rest_route=\/wp\/v2\/posts\/8646\/revisions\/8647"}],"wp:featuredmedia":[{"embeddable":true,"href":"https:\/\/laprensacristiana.com\/index.php?rest_route=\/wp\/v2\/media\/7949"}],"wp:attachment":[{"href":"https:\/\/laprensacristiana.com\/index.php?rest_route=%2Fwp%2Fv2%2Fmedia&parent=8646"}],"wp:term":[{"taxonomy":"category","embeddable":true,"href":"https:\/\/laprensacristiana.com\/index.php?rest_route=%2Fwp%2Fv2%2Fcategories&post=8646"},{"taxonomy":"post_tag","embeddable":true,"href":"https:\/\/laprensacristiana.com\/index.php?rest_route=%2Fwp%2Fv2%2Ftags&post=8646"}],"curies":[{"name":"wp","href":"https:\/\/api.w.org\/{rel}","templated":true}]}}