{"id":8650,"date":"2020-04-04T18:37:11","date_gmt":"2020-04-04T18:37:11","guid":{"rendered":"https:\/\/laprensacristiana.com\/?p=8650"},"modified":"2020-04-04T18:37:14","modified_gmt":"2020-04-04T18:37:14","slug":"revalorando-la-vida","status":"publish","type":"post","link":"https:\/\/laprensacristiana.com\/?p=8650","title":{"rendered":"Revalorando la vida"},"content":{"rendered":"\n<p>Mario Vega \/ Pastor General Misi\u00f3n Cristiana Elim<\/p>\n\n\n\n<p>La pandemia del nuevo coronavirus ha impactado a la humanidad, en primer lugar, por su universalidad. El virus se ha extendido por el mundo llegando a lugares tan distantes como la Polinesia Francesa, la isla de Pascua y Groenlandia. Solo quedan 19 pa\u00edses que contin\u00faan sin reportar casos positivos, de los cuales la mayor parte son islas. Lo anterior, se debe aclarar, es al momento de escribir este art\u00edculo, porque los datos cambian todos los d\u00edas. Eso nos conduce al segundo elemento impactante de la pandemia y es su velocidad de propagaci\u00f3n. Todo comenz\u00f3 en diciembre de 2019 y en cuatro meses ha contagiado a m\u00e1s de un mill\u00f3n de personas; nuevamente debo aclarar, al momento de escribir este art\u00edculo. El indetenible avance del nuevo coronavirus ha tomado a la humanidad por sorpresa cambiando s\u00fabitamente nuestra forma de vida. En los Estados Unidos, los reclamos de beneficios por desempleo han aumentado a m\u00e1s del 3000%, un incremento que los economistas califican como \u00abasombrosamente horrible\u00bb y que implica la p\u00e9rdida del 6% de la fuerza laboral de ese pa\u00eds. La pandemia irrumpi\u00f3 sin previo aviso para imponer su propia agenda a las nuestras. En todo el mundo se cancelaron eventos deportivos, conferencias, cumbres, conciertos, bodas, viajes, negocios, reservaciones y multitud de actividades que cambiaron las prioridades s\u00fabitamente.<\/p>\n\n\n\n<p>El hombre, ser resistente al cambio, ha tenido que reconocer su fragilidad y aceptar forzosamente cambiar su rutina y gastar sus ahorros de manera no planeada. Para unos, eso ha significado llegar al hambre. Para otros, adoptar una vida m\u00e1s espartana, disminuyendo el consumo y la inversi\u00f3n para enfocarse en lo esencial. Eso hablando del plano individual, pero, en el macroecon\u00f3mico, el Fondo Monetario Internacional se prepara para movilizar un mill\u00f3n de millones de d\u00f3lares para contribuir a aliviar los efectos econ\u00f3micos y humanitarios de la pandemia. Ese bill\u00f3n es toda la capacidad de pr\u00e9stamo que posee el organismo con lo que la civilizaci\u00f3n, tal como la conocemos ahora, est\u00e1 invirtiendo su \u00faltima reserva.<\/p>\n\n\n\n<p>La vida trastornada ha replanteado la agenda mundial. Sus principales elementos son ahora comunes a todas las naciones: atender la emergencia sanitaria y reconstruir la econom\u00eda. El presente es un punto de inflexi\u00f3n importante que se puede aprovechar para preguntarnos sobre el futuro. Cuando todo esto pase \u00bfvolveremos a ser igual que antes? Al revalorar lo esencial de la vida \u00bfhay un camino diferente que nos gustar\u00eda tomar de aqu\u00ed en adelante? Los m\u00e1s optimistas dicen que saldremos m\u00e1s humanos, m\u00e1s solidarios y unidos que nunca. Otros, solo visualizan una vuelta a la rutina anterior sin mayores transformaciones. La verdad es que no habr\u00e1 m\u00e1s cambios en nosotros que los que decidamos hacer. No es el final de la pandemia el que revelar\u00e1 lo que somos, son nuestros hechos de hoy los que revelan lo que seremos. Si invertimos nuestras energ\u00edas en sembrar ego\u00edsmos y odios, si nos comportamos de manera vil con las personas a quienes deber\u00edamos acoger, por seguro que el final de la pandemia no har\u00e1 otra cosa m\u00e1s que consolidar lo que ya somos. Por el contrario, si nos sirve para volvernos m\u00e1s sensibles y humanos, la crisis, en medio de todas sus penas y dolores, servir\u00e1 para convertirnos en mejores personas. Ayud\u00e1ndonos a reconocer nuestra fragilidad y a descubrir al otro, que es nuestro vecino, nuestro pr\u00f3jimo.<\/p>\n","protected":false},"excerpt":{"rendered":"<p>Mario Vega \/ Pastor General Misi\u00f3n Cristiana Elim La pandemia del nuevo coronavirus ha impactado a la humanidad, en primer lugar, por su universalidad. El virus se ha extendido por el mundo llegando a lugares tan distantes como la Polinesia Francesa, la isla de Pascua y Groenlandia. Solo quedan 19 pa\u00edses que contin\u00faan sin reportar [&hellip;]<\/p>\n","protected":false},"author":3,"featured_media":6072,"comment_status":"open","ping_status":"open","sticky":false,"template":"","format":"standard","meta":[],"categories":[23],"tags":[],"yoast_head":"<!-- This site is optimized with the Yoast SEO plugin v20.8 - https:\/\/yoast.com\/wordpress\/plugins\/seo\/ -->\n<title>Revalorando la vida - La Prensa Cristiana<\/title>\n<meta name=\"robots\" content=\"index, follow, max-snippet:-1, max-image-preview:large, max-video-preview:-1\" \/>\n<link rel=\"canonical\" href=\"https:\/\/laprensacristiana.com\/?p=8650\" \/>\n<meta property=\"og:locale\" content=\"es_ES\" \/>\n<meta property=\"og:type\" content=\"article\" \/>\n<meta property=\"og:title\" content=\"Revalorando la vida - La Prensa Cristiana\" \/>\n<meta property=\"og:description\" content=\"Mario Vega \/ Pastor General Misi\u00f3n Cristiana Elim La pandemia del nuevo coronavirus ha impactado a la humanidad, en primer lugar, por su universalidad. El virus se ha extendido por el mundo llegando a lugares tan distantes como la Polinesia Francesa, la isla de Pascua y Groenlandia. Solo quedan 19 pa\u00edses que contin\u00faan sin reportar [&hellip;]\" \/>\n<meta property=\"og:url\" content=\"https:\/\/laprensacristiana.com\/?p=8650\" \/>\n<meta property=\"og:site_name\" content=\"La Prensa Cristiana\" \/>\n<meta property=\"article:published_time\" content=\"2020-04-04T18:37:11+00:00\" \/>\n<meta property=\"article:modified_time\" content=\"2020-04-04T18:37:14+00:00\" \/>\n<meta property=\"og:image\" content=\"https:\/\/laprensacristiana.com\/wp-content\/uploads\/2019\/06\/OPINION-01-scaled.jpg\" \/>\n\t<meta property=\"og:image:width\" content=\"2560\" \/>\n\t<meta property=\"og:image:height\" content=\"1429\" \/>\n\t<meta property=\"og:image:type\" content=\"image\/jpeg\" \/>\n<meta name=\"author\" content=\"EDITOR\" \/>\n<meta name=\"twitter:card\" content=\"summary_large_image\" \/>\n<meta name=\"twitter:label1\" content=\"Escrito por\" \/>\n\t<meta name=\"twitter:data1\" content=\"EDITOR\" \/>\n\t<meta name=\"twitter:label2\" content=\"Tiempo de lectura\" \/>\n\t<meta name=\"twitter:data2\" content=\"3 minutos\" \/>\n<script type=\"application\/ld+json\" class=\"yoast-schema-graph\">{\"@context\":\"https:\/\/schema.org\",\"@graph\":[{\"@type\":\"WebPage\",\"@id\":\"https:\/\/laprensacristiana.com\/?p=8650\",\"url\":\"https:\/\/laprensacristiana.com\/?p=8650\",\"name\":\"Revalorando la vida - La Prensa Cristiana\",\"isPartOf\":{\"@id\":\"https:\/\/laprensacristiana.com\/#website\"},\"datePublished\":\"2020-04-04T18:37:11+00:00\",\"dateModified\":\"2020-04-04T18:37:14+00:00\",\"author\":{\"@id\":\"https:\/\/laprensacristiana.com\/#\/schema\/person\/3e7d82c6bfd6b1fa67010f8f7cd5256e\"},\"breadcrumb\":{\"@id\":\"https:\/\/laprensacristiana.com\/?p=8650#breadcrumb\"},\"inLanguage\":\"es\",\"potentialAction\":[{\"@type\":\"ReadAction\",\"target\":[\"https:\/\/laprensacristiana.com\/?p=8650\"]}]},{\"@type\":\"BreadcrumbList\",\"@id\":\"https:\/\/laprensacristiana.com\/?p=8650#breadcrumb\",\"itemListElement\":[{\"@type\":\"ListItem\",\"position\":1,\"name\":\"Portada\",\"item\":\"https:\/\/laprensacristiana.com\/\"},{\"@type\":\"ListItem\",\"position\":2,\"name\":\"Revalorando la vida\"}]},{\"@type\":\"WebSite\",\"@id\":\"https:\/\/laprensacristiana.com\/#website\",\"url\":\"https:\/\/laprensacristiana.com\/\",\"name\":\"La Prensa Cristiana\",\"description\":\"Anunciando Las Buenas Nuevas\",\"potentialAction\":[{\"@type\":\"SearchAction\",\"target\":{\"@type\":\"EntryPoint\",\"urlTemplate\":\"https:\/\/laprensacristiana.com\/?s={search_term_string}\"},\"query-input\":\"required name=search_term_string\"}],\"inLanguage\":\"es\"},{\"@type\":\"Person\",\"@id\":\"https:\/\/laprensacristiana.com\/#\/schema\/person\/3e7d82c6bfd6b1fa67010f8f7cd5256e\",\"name\":\"EDITOR\",\"image\":{\"@type\":\"ImageObject\",\"inLanguage\":\"es\",\"@id\":\"https:\/\/laprensacristiana.com\/#\/schema\/person\/image\/\",\"url\":\"https:\/\/secure.gravatar.com\/avatar\/72069dfb6c13772d9e8381e3638666d2?s=96&d=mm&r=g\",\"contentUrl\":\"https:\/\/secure.gravatar.com\/avatar\/72069dfb6c13772d9e8381e3638666d2?s=96&d=mm&r=g\",\"caption\":\"EDITOR\"},\"url\":\"https:\/\/laprensacristiana.com\/?author=3\"}]}<\/script>\n<!-- \/ Yoast SEO plugin. -->","yoast_head_json":{"title":"Revalorando la vida - La Prensa Cristiana","robots":{"index":"index","follow":"follow","max-snippet":"max-snippet:-1","max-image-preview":"max-image-preview:large","max-video-preview":"max-video-preview:-1"},"canonical":"https:\/\/laprensacristiana.com\/?p=8650","og_locale":"es_ES","og_type":"article","og_title":"Revalorando la vida - La Prensa Cristiana","og_description":"Mario Vega \/ Pastor General Misi\u00f3n Cristiana Elim La pandemia del nuevo coronavirus ha impactado a la humanidad, en primer lugar, por su universalidad. El virus se ha extendido por el mundo llegando a lugares tan distantes como la Polinesia Francesa, la isla de Pascua y Groenlandia. Solo quedan 19 pa\u00edses que contin\u00faan sin reportar [&hellip;]","og_url":"https:\/\/laprensacristiana.com\/?p=8650","og_site_name":"La Prensa Cristiana","article_published_time":"2020-04-04T18:37:11+00:00","article_modified_time":"2020-04-04T18:37:14+00:00","og_image":[{"width":2560,"height":1429,"url":"https:\/\/laprensacristiana.com\/wp-content\/uploads\/2019\/06\/OPINION-01-scaled.jpg","type":"image\/jpeg"}],"author":"EDITOR","twitter_card":"summary_large_image","twitter_misc":{"Escrito por":"EDITOR","Tiempo de lectura":"3 minutos"},"schema":{"@context":"https:\/\/schema.org","@graph":[{"@type":"WebPage","@id":"https:\/\/laprensacristiana.com\/?p=8650","url":"https:\/\/laprensacristiana.com\/?p=8650","name":"Revalorando la vida - La Prensa Cristiana","isPartOf":{"@id":"https:\/\/laprensacristiana.com\/#website"},"datePublished":"2020-04-04T18:37:11+00:00","dateModified":"2020-04-04T18:37:14+00:00","author":{"@id":"https:\/\/laprensacristiana.com\/#\/schema\/person\/3e7d82c6bfd6b1fa67010f8f7cd5256e"},"breadcrumb":{"@id":"https:\/\/laprensacristiana.com\/?p=8650#breadcrumb"},"inLanguage":"es","potentialAction":[{"@type":"ReadAction","target":["https:\/\/laprensacristiana.com\/?p=8650"]}]},{"@type":"BreadcrumbList","@id":"https:\/\/laprensacristiana.com\/?p=8650#breadcrumb","itemListElement":[{"@type":"ListItem","position":1,"name":"Portada","item":"https:\/\/laprensacristiana.com\/"},{"@type":"ListItem","position":2,"name":"Revalorando la vida"}]},{"@type":"WebSite","@id":"https:\/\/laprensacristiana.com\/#website","url":"https:\/\/laprensacristiana.com\/","name":"La Prensa Cristiana","description":"Anunciando Las Buenas Nuevas","potentialAction":[{"@type":"SearchAction","target":{"@type":"EntryPoint","urlTemplate":"https:\/\/laprensacristiana.com\/?s={search_term_string}"},"query-input":"required name=search_term_string"}],"inLanguage":"es"},{"@type":"Person","@id":"https:\/\/laprensacristiana.com\/#\/schema\/person\/3e7d82c6bfd6b1fa67010f8f7cd5256e","name":"EDITOR","image":{"@type":"ImageObject","inLanguage":"es","@id":"https:\/\/laprensacristiana.com\/#\/schema\/person\/image\/","url":"https:\/\/secure.gravatar.com\/avatar\/72069dfb6c13772d9e8381e3638666d2?s=96&d=mm&r=g","contentUrl":"https:\/\/secure.gravatar.com\/avatar\/72069dfb6c13772d9e8381e3638666d2?s=96&d=mm&r=g","caption":"EDITOR"},"url":"https:\/\/laprensacristiana.com\/?author=3"}]}},"_links":{"self":[{"href":"https:\/\/laprensacristiana.com\/index.php?rest_route=\/wp\/v2\/posts\/8650"}],"collection":[{"href":"https:\/\/laprensacristiana.com\/index.php?rest_route=\/wp\/v2\/posts"}],"about":[{"href":"https:\/\/laprensacristiana.com\/index.php?rest_route=\/wp\/v2\/types\/post"}],"author":[{"embeddable":true,"href":"https:\/\/laprensacristiana.com\/index.php?rest_route=\/wp\/v2\/users\/3"}],"replies":[{"embeddable":true,"href":"https:\/\/laprensacristiana.com\/index.php?rest_route=%2Fwp%2Fv2%2Fcomments&post=8650"}],"version-history":[{"count":1,"href":"https:\/\/laprensacristiana.com\/index.php?rest_route=\/wp\/v2\/posts\/8650\/revisions"}],"predecessor-version":[{"id":8651,"href":"https:\/\/laprensacristiana.com\/index.php?rest_route=\/wp\/v2\/posts\/8650\/revisions\/8651"}],"wp:featuredmedia":[{"embeddable":true,"href":"https:\/\/laprensacristiana.com\/index.php?rest_route=\/wp\/v2\/media\/6072"}],"wp:attachment":[{"href":"https:\/\/laprensacristiana.com\/index.php?rest_route=%2Fwp%2Fv2%2Fmedia&parent=8650"}],"wp:term":[{"taxonomy":"category","embeddable":true,"href":"https:\/\/laprensacristiana.com\/index.php?rest_route=%2Fwp%2Fv2%2Fcategories&post=8650"},{"taxonomy":"post_tag","embeddable":true,"href":"https:\/\/laprensacristiana.com\/index.php?rest_route=%2Fwp%2Fv2%2Ftags&post=8650"}],"curies":[{"name":"wp","href":"https:\/\/api.w.org\/{rel}","templated":true}]}}