{"id":8662,"date":"2020-04-05T15:34:31","date_gmt":"2020-04-05T15:34:31","guid":{"rendered":"https:\/\/laprensacristiana.com\/?p=8662"},"modified":"2020-04-05T15:34:34","modified_gmt":"2020-04-05T15:34:34","slug":"asi-en-la-tierra-como-en-el-cielo","status":"publish","type":"post","link":"https:\/\/laprensacristiana.com\/?p=8662","title":{"rendered":"\u00abAs\u00ed en la tierra como en el cielo\u00bb"},"content":{"rendered":"\n<p>Este bell\u00edsimo fragmento del Padrenuestro trae en s\u00ed un profundo significado apegado a la realidad a nivel mundial que estamos viviendo.<\/p>\n\n\n\n<p>Estab\u00e1mos comodamente y me incluyo primero en una rutina diaria, afanados y con mucha prisa y sin tiempo para los seres que amamos o queremos, simplemente porque el mundo material nos abso\u0155bio y perdimos la sensibilidad humana, esa empat\u00eda por el otro.<\/p>\n\n\n\n<p>Quiero compartirte que hay 2 din\u00e1micas que he adoptado como Ministerio Internacional Mi Cafecito Con Jes\u00fas, las cuales realizo donde quiera que Dios me da oportunidad de compartir conferencia: din\u00e1mica de los abrazos y din\u00e1mica de verse a los ojos.<\/p>\n\n\n\n<p>La primera consiste en el rompimiento de hielo previo a dar mi conferencia en el sentido de abrazar a 8 personas que se encuentran dentro del auditorium, ya que con los abrazos transmitimos energ\u00eda, un abrazo reparador, un abrazo fuerte el cual permita que cada pieza rota vuelva a unirse y hacerse de nuevo una sola pieza, en broma y en serio siempre digo que no demos abrazos de cactus que medio abrazamos como si fu\u00e9semos a espinarnos ahahaha.<\/p>\n\n\n\n<p>La segunda din\u00e1mica consiste en escoger una persona dentro del auditorium y colocarse frente a ella y agarrados de las manos verse a los ojos mientras suena la alabanza de Martin Valverde \u00abNadie te ama como yo\u00bb, en ese momento hay un gran derroche de amor ya que los ojos son  el espejo del alma.<\/p>\n\n\n\n<p>De repente en un \u00absas\u00bb obervo en la calle cada d\u00eda que debo salir a mi trabajo secular y <br>\nandamos todos tapados con mascarilla sin poder ver las sonrisas a los dem\u00e1s  y sin tocarnos las manos porque estan cubiertas con guantes<br>\nY comenzamos a sentir esa necesidad enorme de ver la sonrisa del otro,  tocar las manos o dar un abrazo y ya no podemos hacerlo.<\/p>\n\n\n\n<p>Esto me ense\u00f1a que no tenemos tiempo para perder el tiempo en enojarnos por nada <br>\nEn no decir un \u00abte quiero\u00bb por puro orgullo o apat\u00eda,<br>\nLevantar el tel\u00e9fono y decir te extra\u00f1o o lo siento.<br>\nY lo unico q podemos vernos para hablar es a los ojos,<br>\nComo deber\u00eda ser siempre<br>\nYa que los ojos son el reflejo de nuestra alma; pero, <br>\nandabamos tan apurados en todo que no ten\u00edamos  tiempo para vernos a los ojos <br>\nO tocar las manos y abrazarnos  en se\u00f1al de un te quiero.<\/p>\n\n\n\n<p>En una de las fotos que me  tome con la mascarilla puesta, le pregunte a alguien a quien quiero mucho y su opini\u00f3n me es importante que ve\u00eda en la foto, a lo que expreso: \u00abuna mujer bien arreglada, con un collar de perlas (andaba uno en esa foto) vio mi blusa entre otras cosas, al final me dijo \u00absu mirada se ve cansada\u00bb y le conteste: exacto, es ah\u00ed donde quer\u00eda que viera \u00abmis ojos\u00bb, ellos hablan por si mismo, porque son el espejo de nuestra alma.<\/p>\n\n\n\n<p>Los Discipulos de Jes\u00fas no sab\u00edan como orar y  dijeron: maestro ense\u00f1anos a orar y El es tan amoroso que nos dejo la oraci\u00f3n del Padre Nuestro (MATEO 6:9-13)<br>\nUna oraci\u00f3n perfecta de Jes\u00fas hijo<br>\na su Pap\u00e1 Dios \u00abVENGA TU REINO\u00bb, \u00abH\u00c1GASE TU VOLUNTAD\u00bb \u00abASI EN LA TIERRA COMO EN EL CIELO\u00bb. <\/p>\n\n\n\n<p>Oraci\u00f3n que me ense\u00f1a un sometimiento completo de Jes\u00fas como hijo antes de pedirle al Padre.<\/p>\n\n\n\n<p>Al finalizar esta pandemia y si Dios nos regala el Don de la vida Su voluntad se habr\u00e1 hecho as\u00ed en la tierra como en el cielo, ya que su voluntad es que nos sometamos a El, tengamos empat\u00eda, que busquemos primero su Reino que todo lo dem\u00e1s viene a\u00f1adido, obediencia, fe, esperanza, valorar en tiempo a las personas que amamos, amar, admirar y cuidar la naturaleza hecha por El y sobre todo comenzar a agradecer por lo que somos, lo que tenemos y lo que no tenemos, entre tantas otras cosas.<\/p>\n\n\n\n<p>Te invito que en esta semana Santa y en adelante, comencemos a vernos m\u00e1s con los ojos del alma, que venga su reino a morar a nuestro coraz\u00f3n y que se haga la voluntad del Padre as\u00ed en la tierra como en el cielo, ya que su voluntad es buena, agradable y perfecta, vivi\u00e9ndola \u00abun d\u00eda a la vez\u00bb, ya que basta cada d\u00eda su propio afan.<\/p>\n\n\n\n<p>\u00a1\u00a1Con mi suficiente amor!!<\/p>\n\n\n\n<p>Licda. Claudia Guill\u00e9n<br>\nEscritora del libro \u00abordenando los juguetes tirados\u00bb.<\/p>\n\n\n\n<h1 class=\"wp-block-heading\">CuandoDiosTeDaUnaPromesaSuPalabtaEsNuestraGarant\u00eda.<\/h1>\n","protected":false},"excerpt":{"rendered":"<p>Este bell\u00edsimo fragmento del Padrenuestro trae en s\u00ed un profundo significado apegado a la realidad a nivel mundial que estamos viviendo. Estab\u00e1mos comodamente y me incluyo primero en una rutina diaria, afanados y con mucha prisa y sin tiempo para los seres que amamos o queremos, simplemente porque el mundo material nos abso\u0155bio y perdimos [&hellip;]<\/p>\n","protected":false},"author":3,"featured_media":6649,"comment_status":"open","ping_status":"open","sticky":false,"template":"","format":"standard","meta":[],"categories":[71],"tags":[],"yoast_head":"<!-- This site is optimized with the Yoast SEO plugin v20.8 - https:\/\/yoast.com\/wordpress\/plugins\/seo\/ -->\n<title>&quot;As\u00ed en la tierra como en el cielo&quot; - La Prensa Cristiana<\/title>\n<meta name=\"robots\" content=\"index, follow, max-snippet:-1, max-image-preview:large, max-video-preview:-1\" \/>\n<link rel=\"canonical\" href=\"https:\/\/laprensacristiana.com\/?p=8662\" \/>\n<meta property=\"og:locale\" content=\"es_ES\" \/>\n<meta property=\"og:type\" content=\"article\" \/>\n<meta property=\"og:title\" content=\"&quot;As\u00ed en la tierra como en el cielo&quot; - La Prensa Cristiana\" \/>\n<meta property=\"og:description\" content=\"Este bell\u00edsimo fragmento del Padrenuestro trae en s\u00ed un profundo significado apegado a la realidad a nivel mundial que estamos viviendo. Estab\u00e1mos comodamente y me incluyo primero en una rutina diaria, afanados y con mucha prisa y sin tiempo para los seres que amamos o queremos, simplemente porque el mundo material nos abso\u0155bio y perdimos [&hellip;]\" \/>\n<meta property=\"og:url\" content=\"https:\/\/laprensacristiana.com\/?p=8662\" \/>\n<meta property=\"og:site_name\" content=\"La Prensa Cristiana\" \/>\n<meta property=\"article:published_time\" content=\"2020-04-05T15:34:31+00:00\" \/>\n<meta property=\"article:modified_time\" content=\"2020-04-05T15:34:34+00:00\" \/>\n<meta property=\"og:image\" content=\"https:\/\/laprensacristiana.com\/wp-content\/uploads\/2019\/09\/WhatsApp-Image-2019-09-20-at-10.11.58.jpeg\" \/>\n\t<meta property=\"og:image:width\" content=\"1280\" \/>\n\t<meta property=\"og:image:height\" content=\"647\" \/>\n\t<meta property=\"og:image:type\" content=\"image\/jpeg\" \/>\n<meta name=\"author\" content=\"EDITOR\" \/>\n<meta name=\"twitter:card\" content=\"summary_large_image\" \/>\n<meta name=\"twitter:label1\" content=\"Escrito por\" \/>\n\t<meta name=\"twitter:data1\" content=\"EDITOR\" \/>\n\t<meta name=\"twitter:label2\" content=\"Tiempo de lectura\" \/>\n\t<meta name=\"twitter:data2\" content=\"4 minutos\" \/>\n<script type=\"application\/ld+json\" class=\"yoast-schema-graph\">{\"@context\":\"https:\/\/schema.org\",\"@graph\":[{\"@type\":\"WebPage\",\"@id\":\"https:\/\/laprensacristiana.com\/?p=8662\",\"url\":\"https:\/\/laprensacristiana.com\/?p=8662\",\"name\":\"\\\"As\u00ed en la tierra como en el cielo\\\" - La Prensa Cristiana\",\"isPartOf\":{\"@id\":\"https:\/\/laprensacristiana.com\/#website\"},\"datePublished\":\"2020-04-05T15:34:31+00:00\",\"dateModified\":\"2020-04-05T15:34:34+00:00\",\"author\":{\"@id\":\"https:\/\/laprensacristiana.com\/#\/schema\/person\/3e7d82c6bfd6b1fa67010f8f7cd5256e\"},\"breadcrumb\":{\"@id\":\"https:\/\/laprensacristiana.com\/?p=8662#breadcrumb\"},\"inLanguage\":\"es\",\"potentialAction\":[{\"@type\":\"ReadAction\",\"target\":[\"https:\/\/laprensacristiana.com\/?p=8662\"]}]},{\"@type\":\"BreadcrumbList\",\"@id\":\"https:\/\/laprensacristiana.com\/?p=8662#breadcrumb\",\"itemListElement\":[{\"@type\":\"ListItem\",\"position\":1,\"name\":\"Portada\",\"item\":\"https:\/\/laprensacristiana.com\/\"},{\"@type\":\"ListItem\",\"position\":2,\"name\":\"\u00abAs\u00ed en la tierra como en el cielo\u00bb\"}]},{\"@type\":\"WebSite\",\"@id\":\"https:\/\/laprensacristiana.com\/#website\",\"url\":\"https:\/\/laprensacristiana.com\/\",\"name\":\"La Prensa Cristiana\",\"description\":\"Anunciando Las Buenas Nuevas\",\"potentialAction\":[{\"@type\":\"SearchAction\",\"target\":{\"@type\":\"EntryPoint\",\"urlTemplate\":\"https:\/\/laprensacristiana.com\/?s={search_term_string}\"},\"query-input\":\"required name=search_term_string\"}],\"inLanguage\":\"es\"},{\"@type\":\"Person\",\"@id\":\"https:\/\/laprensacristiana.com\/#\/schema\/person\/3e7d82c6bfd6b1fa67010f8f7cd5256e\",\"name\":\"EDITOR\",\"image\":{\"@type\":\"ImageObject\",\"inLanguage\":\"es\",\"@id\":\"https:\/\/laprensacristiana.com\/#\/schema\/person\/image\/\",\"url\":\"https:\/\/secure.gravatar.com\/avatar\/72069dfb6c13772d9e8381e3638666d2?s=96&d=mm&r=g\",\"contentUrl\":\"https:\/\/secure.gravatar.com\/avatar\/72069dfb6c13772d9e8381e3638666d2?s=96&d=mm&r=g\",\"caption\":\"EDITOR\"},\"url\":\"https:\/\/laprensacristiana.com\/?author=3\"}]}<\/script>\n<!-- \/ Yoast SEO plugin. -->","yoast_head_json":{"title":"\"As\u00ed en la tierra como en el cielo\" - La Prensa Cristiana","robots":{"index":"index","follow":"follow","max-snippet":"max-snippet:-1","max-image-preview":"max-image-preview:large","max-video-preview":"max-video-preview:-1"},"canonical":"https:\/\/laprensacristiana.com\/?p=8662","og_locale":"es_ES","og_type":"article","og_title":"\"As\u00ed en la tierra como en el cielo\" - La Prensa Cristiana","og_description":"Este bell\u00edsimo fragmento del Padrenuestro trae en s\u00ed un profundo significado apegado a la realidad a nivel mundial que estamos viviendo. Estab\u00e1mos comodamente y me incluyo primero en una rutina diaria, afanados y con mucha prisa y sin tiempo para los seres que amamos o queremos, simplemente porque el mundo material nos abso\u0155bio y perdimos [&hellip;]","og_url":"https:\/\/laprensacristiana.com\/?p=8662","og_site_name":"La Prensa Cristiana","article_published_time":"2020-04-05T15:34:31+00:00","article_modified_time":"2020-04-05T15:34:34+00:00","og_image":[{"width":1280,"height":647,"url":"https:\/\/laprensacristiana.com\/wp-content\/uploads\/2019\/09\/WhatsApp-Image-2019-09-20-at-10.11.58.jpeg","type":"image\/jpeg"}],"author":"EDITOR","twitter_card":"summary_large_image","twitter_misc":{"Escrito por":"EDITOR","Tiempo de lectura":"4 minutos"},"schema":{"@context":"https:\/\/schema.org","@graph":[{"@type":"WebPage","@id":"https:\/\/laprensacristiana.com\/?p=8662","url":"https:\/\/laprensacristiana.com\/?p=8662","name":"\"As\u00ed en la tierra como en el cielo\" - La Prensa Cristiana","isPartOf":{"@id":"https:\/\/laprensacristiana.com\/#website"},"datePublished":"2020-04-05T15:34:31+00:00","dateModified":"2020-04-05T15:34:34+00:00","author":{"@id":"https:\/\/laprensacristiana.com\/#\/schema\/person\/3e7d82c6bfd6b1fa67010f8f7cd5256e"},"breadcrumb":{"@id":"https:\/\/laprensacristiana.com\/?p=8662#breadcrumb"},"inLanguage":"es","potentialAction":[{"@type":"ReadAction","target":["https:\/\/laprensacristiana.com\/?p=8662"]}]},{"@type":"BreadcrumbList","@id":"https:\/\/laprensacristiana.com\/?p=8662#breadcrumb","itemListElement":[{"@type":"ListItem","position":1,"name":"Portada","item":"https:\/\/laprensacristiana.com\/"},{"@type":"ListItem","position":2,"name":"\u00abAs\u00ed en la tierra como en el cielo\u00bb"}]},{"@type":"WebSite","@id":"https:\/\/laprensacristiana.com\/#website","url":"https:\/\/laprensacristiana.com\/","name":"La Prensa Cristiana","description":"Anunciando Las Buenas Nuevas","potentialAction":[{"@type":"SearchAction","target":{"@type":"EntryPoint","urlTemplate":"https:\/\/laprensacristiana.com\/?s={search_term_string}"},"query-input":"required name=search_term_string"}],"inLanguage":"es"},{"@type":"Person","@id":"https:\/\/laprensacristiana.com\/#\/schema\/person\/3e7d82c6bfd6b1fa67010f8f7cd5256e","name":"EDITOR","image":{"@type":"ImageObject","inLanguage":"es","@id":"https:\/\/laprensacristiana.com\/#\/schema\/person\/image\/","url":"https:\/\/secure.gravatar.com\/avatar\/72069dfb6c13772d9e8381e3638666d2?s=96&d=mm&r=g","contentUrl":"https:\/\/secure.gravatar.com\/avatar\/72069dfb6c13772d9e8381e3638666d2?s=96&d=mm&r=g","caption":"EDITOR"},"url":"https:\/\/laprensacristiana.com\/?author=3"}]}},"_links":{"self":[{"href":"https:\/\/laprensacristiana.com\/index.php?rest_route=\/wp\/v2\/posts\/8662"}],"collection":[{"href":"https:\/\/laprensacristiana.com\/index.php?rest_route=\/wp\/v2\/posts"}],"about":[{"href":"https:\/\/laprensacristiana.com\/index.php?rest_route=\/wp\/v2\/types\/post"}],"author":[{"embeddable":true,"href":"https:\/\/laprensacristiana.com\/index.php?rest_route=\/wp\/v2\/users\/3"}],"replies":[{"embeddable":true,"href":"https:\/\/laprensacristiana.com\/index.php?rest_route=%2Fwp%2Fv2%2Fcomments&post=8662"}],"version-history":[{"count":1,"href":"https:\/\/laprensacristiana.com\/index.php?rest_route=\/wp\/v2\/posts\/8662\/revisions"}],"predecessor-version":[{"id":8663,"href":"https:\/\/laprensacristiana.com\/index.php?rest_route=\/wp\/v2\/posts\/8662\/revisions\/8663"}],"wp:featuredmedia":[{"embeddable":true,"href":"https:\/\/laprensacristiana.com\/index.php?rest_route=\/wp\/v2\/media\/6649"}],"wp:attachment":[{"href":"https:\/\/laprensacristiana.com\/index.php?rest_route=%2Fwp%2Fv2%2Fmedia&parent=8662"}],"wp:term":[{"taxonomy":"category","embeddable":true,"href":"https:\/\/laprensacristiana.com\/index.php?rest_route=%2Fwp%2Fv2%2Fcategories&post=8662"},{"taxonomy":"post_tag","embeddable":true,"href":"https:\/\/laprensacristiana.com\/index.php?rest_route=%2Fwp%2Fv2%2Ftags&post=8662"}],"curies":[{"name":"wp","href":"https:\/\/api.w.org\/{rel}","templated":true}]}}