{"id":8669,"date":"2020-04-05T21:08:41","date_gmt":"2020-04-05T21:08:41","guid":{"rendered":"https:\/\/laprensacristiana.com\/?p=8669"},"modified":"2020-07-01T19:41:38","modified_gmt":"2020-07-01T19:41:38","slug":"fallece-oscar-castro-un-guerrero-del-evangelio","status":"publish","type":"post","link":"https:\/\/laprensacristiana.com\/?p=8669","title":{"rendered":"Fallece Oscar Castro un guerrero del evangelio"},"content":{"rendered":"\n<p>El d\u00eda de hoy pas\u00f3 a la presencia del Se\u00f1or el pastor Oscar Castro, despu\u00e9s de una larga batalla contra el c\u00e1ncer. <br> El pastor de nacionalidad salvadore\u00f1a era reconocido por su incansable labor y esfuerzo por empujar al pa\u00eds hacia un avivamiento. <br> Cada mes gestaba una reuni\u00f3n de confraternidad con pastores en el municipio de Suchitoto, en un hotel de la localidad. <\/p>\n\n\n\n<p>\u00abEn la madrugada reflexion\u00e9 sobre su incansable deseo de ver un avivamiento en nuestro pa\u00eds, incansables batallas, actos prof\u00e9ticos y ayunos que este siervo de Dios hizo por El Salvador capacitando pastores en  Seminarios de oraci\u00f3n , empoderando a la iglesia para que tengan pasi\u00f3n por la salvaci\u00f3n de El Salvador, aun con todo y la privaci\u00f3n que le ocasion\u00f3 el C\u00e1ncer, luch\u00f3 por involucrar a los lideres y al pueblo de Dios en oraci\u00f3n , enviando la petici\u00f3n cada d\u00eda , por las redes  a\u00fan en los momentos de gran quebranto de salud. Expres\u00f3 su esposa Nelly de Castro a trav\u00e9s de su cuenta de facebook. <\/p>\n\n\n\n<p>El pastor Jahaziel Mena de la Iglesia Monte Calvario, fue su amigo muy cercano y a su vez vecino de residencia \u00abPastor \u00d3scar deja un legado en cada uno de nosotros que lo conocimos, un hombre entregado a Dios, un gran padre, pero sobre todo un gran maestro, todos los meses compart\u00eda la palabra en Suchitoto para muchos pastores, un hombre apasionado por Jes\u00fas, ten\u00eda muchos a\u00f1os de luchar contra el c\u00e1ncer, pero eso nunca lo detuvo para predicar. Pastor, consejero, padre espiritual, compa\u00f1ero de batallas, vecino pero sobretodo mi amigo\u2026 que Dios fortalezca a todo el pueblo que \u00e9l discipulaba y a su familia\u00bb concluy\u00f3 el pastor Jahaziel Mena.<\/p>\n","protected":false},"excerpt":{"rendered":"<p>El d\u00eda de hoy pas\u00f3 a la presencia del Se\u00f1or el pastor Oscar Castro, despu\u00e9s de una larga batalla contra el c\u00e1ncer. El pastor de nacionalidad salvadore\u00f1a era reconocido por su incansable labor y esfuerzo por empujar al pa\u00eds hacia un avivamiento. Cada mes gestaba una reuni\u00f3n de confraternidad con pastores en el municipio de [&hellip;]<\/p>\n","protected":false},"author":3,"featured_media":8670,"comment_status":"open","ping_status":"open","sticky":false,"template":"","format":"standard","meta":[],"categories":[56],"tags":[],"yoast_head":"<!-- This site is optimized with the Yoast SEO plugin v20.8 - https:\/\/yoast.com\/wordpress\/plugins\/seo\/ -->\n<title>Fallece Oscar Castro un guerrero del evangelio - La Prensa Cristiana<\/title>\n<meta name=\"robots\" content=\"index, follow, max-snippet:-1, max-image-preview:large, max-video-preview:-1\" \/>\n<link rel=\"canonical\" href=\"https:\/\/laprensacristiana.com\/?p=8669\" \/>\n<meta property=\"og:locale\" content=\"es_ES\" \/>\n<meta property=\"og:type\" content=\"article\" \/>\n<meta property=\"og:title\" content=\"Fallece Oscar Castro un guerrero del evangelio - La Prensa Cristiana\" \/>\n<meta property=\"og:description\" content=\"El d\u00eda de hoy pas\u00f3 a la presencia del Se\u00f1or el pastor Oscar Castro, despu\u00e9s de una larga batalla contra el c\u00e1ncer. El pastor de nacionalidad salvadore\u00f1a era reconocido por su incansable labor y esfuerzo por empujar al pa\u00eds hacia un avivamiento. Cada mes gestaba una reuni\u00f3n de confraternidad con pastores en el municipio de [&hellip;]\" \/>\n<meta property=\"og:url\" content=\"https:\/\/laprensacristiana.com\/?p=8669\" \/>\n<meta property=\"og:site_name\" content=\"La Prensa Cristiana\" \/>\n<meta property=\"article:published_time\" content=\"2020-04-05T21:08:41+00:00\" \/>\n<meta property=\"article:modified_time\" content=\"2020-07-01T19:41:38+00:00\" \/>\n<meta property=\"og:image\" content=\"https:\/\/laprensacristiana.com\/wp-content\/uploads\/2020\/04\/IMG_20200405_144149_455.jpg\" \/>\n\t<meta property=\"og:image:width\" content=\"720\" \/>\n\t<meta property=\"og:image:height\" content=\"405\" \/>\n\t<meta property=\"og:image:type\" content=\"image\/jpeg\" \/>\n<meta name=\"author\" content=\"EDITOR\" \/>\n<meta name=\"twitter:card\" content=\"summary_large_image\" \/>\n<meta name=\"twitter:label1\" content=\"Escrito por\" \/>\n\t<meta name=\"twitter:data1\" content=\"EDITOR\" \/>\n\t<meta name=\"twitter:label2\" content=\"Tiempo de lectura\" \/>\n\t<meta name=\"twitter:data2\" content=\"2 minutos\" \/>\n<script type=\"application\/ld+json\" class=\"yoast-schema-graph\">{\"@context\":\"https:\/\/schema.org\",\"@graph\":[{\"@type\":\"WebPage\",\"@id\":\"https:\/\/laprensacristiana.com\/?p=8669\",\"url\":\"https:\/\/laprensacristiana.com\/?p=8669\",\"name\":\"Fallece Oscar Castro un guerrero del evangelio - La Prensa Cristiana\",\"isPartOf\":{\"@id\":\"https:\/\/laprensacristiana.com\/#website\"},\"datePublished\":\"2020-04-05T21:08:41+00:00\",\"dateModified\":\"2020-07-01T19:41:38+00:00\",\"author\":{\"@id\":\"https:\/\/laprensacristiana.com\/#\/schema\/person\/3e7d82c6bfd6b1fa67010f8f7cd5256e\"},\"breadcrumb\":{\"@id\":\"https:\/\/laprensacristiana.com\/?p=8669#breadcrumb\"},\"inLanguage\":\"es\",\"potentialAction\":[{\"@type\":\"ReadAction\",\"target\":[\"https:\/\/laprensacristiana.com\/?p=8669\"]}]},{\"@type\":\"BreadcrumbList\",\"@id\":\"https:\/\/laprensacristiana.com\/?p=8669#breadcrumb\",\"itemListElement\":[{\"@type\":\"ListItem\",\"position\":1,\"name\":\"Portada\",\"item\":\"https:\/\/laprensacristiana.com\/\"},{\"@type\":\"ListItem\",\"position\":2,\"name\":\"Fallece Oscar Castro un guerrero del evangelio\"}]},{\"@type\":\"WebSite\",\"@id\":\"https:\/\/laprensacristiana.com\/#website\",\"url\":\"https:\/\/laprensacristiana.com\/\",\"name\":\"La Prensa Cristiana\",\"description\":\"Anunciando Las Buenas Nuevas\",\"potentialAction\":[{\"@type\":\"SearchAction\",\"target\":{\"@type\":\"EntryPoint\",\"urlTemplate\":\"https:\/\/laprensacristiana.com\/?s={search_term_string}\"},\"query-input\":\"required name=search_term_string\"}],\"inLanguage\":\"es\"},{\"@type\":\"Person\",\"@id\":\"https:\/\/laprensacristiana.com\/#\/schema\/person\/3e7d82c6bfd6b1fa67010f8f7cd5256e\",\"name\":\"EDITOR\",\"image\":{\"@type\":\"ImageObject\",\"inLanguage\":\"es\",\"@id\":\"https:\/\/laprensacristiana.com\/#\/schema\/person\/image\/\",\"url\":\"https:\/\/secure.gravatar.com\/avatar\/72069dfb6c13772d9e8381e3638666d2?s=96&d=mm&r=g\",\"contentUrl\":\"https:\/\/secure.gravatar.com\/avatar\/72069dfb6c13772d9e8381e3638666d2?s=96&d=mm&r=g\",\"caption\":\"EDITOR\"},\"url\":\"https:\/\/laprensacristiana.com\/?author=3\"}]}<\/script>\n<!-- \/ Yoast SEO plugin. -->","yoast_head_json":{"title":"Fallece Oscar Castro un guerrero del evangelio - La Prensa Cristiana","robots":{"index":"index","follow":"follow","max-snippet":"max-snippet:-1","max-image-preview":"max-image-preview:large","max-video-preview":"max-video-preview:-1"},"canonical":"https:\/\/laprensacristiana.com\/?p=8669","og_locale":"es_ES","og_type":"article","og_title":"Fallece Oscar Castro un guerrero del evangelio - La Prensa Cristiana","og_description":"El d\u00eda de hoy pas\u00f3 a la presencia del Se\u00f1or el pastor Oscar Castro, despu\u00e9s de una larga batalla contra el c\u00e1ncer. El pastor de nacionalidad salvadore\u00f1a era reconocido por su incansable labor y esfuerzo por empujar al pa\u00eds hacia un avivamiento. Cada mes gestaba una reuni\u00f3n de confraternidad con pastores en el municipio de [&hellip;]","og_url":"https:\/\/laprensacristiana.com\/?p=8669","og_site_name":"La Prensa Cristiana","article_published_time":"2020-04-05T21:08:41+00:00","article_modified_time":"2020-07-01T19:41:38+00:00","og_image":[{"width":720,"height":405,"url":"https:\/\/laprensacristiana.com\/wp-content\/uploads\/2020\/04\/IMG_20200405_144149_455.jpg","type":"image\/jpeg"}],"author":"EDITOR","twitter_card":"summary_large_image","twitter_misc":{"Escrito por":"EDITOR","Tiempo de lectura":"2 minutos"},"schema":{"@context":"https:\/\/schema.org","@graph":[{"@type":"WebPage","@id":"https:\/\/laprensacristiana.com\/?p=8669","url":"https:\/\/laprensacristiana.com\/?p=8669","name":"Fallece Oscar Castro un guerrero del evangelio - La Prensa Cristiana","isPartOf":{"@id":"https:\/\/laprensacristiana.com\/#website"},"datePublished":"2020-04-05T21:08:41+00:00","dateModified":"2020-07-01T19:41:38+00:00","author":{"@id":"https:\/\/laprensacristiana.com\/#\/schema\/person\/3e7d82c6bfd6b1fa67010f8f7cd5256e"},"breadcrumb":{"@id":"https:\/\/laprensacristiana.com\/?p=8669#breadcrumb"},"inLanguage":"es","potentialAction":[{"@type":"ReadAction","target":["https:\/\/laprensacristiana.com\/?p=8669"]}]},{"@type":"BreadcrumbList","@id":"https:\/\/laprensacristiana.com\/?p=8669#breadcrumb","itemListElement":[{"@type":"ListItem","position":1,"name":"Portada","item":"https:\/\/laprensacristiana.com\/"},{"@type":"ListItem","position":2,"name":"Fallece Oscar Castro un guerrero del evangelio"}]},{"@type":"WebSite","@id":"https:\/\/laprensacristiana.com\/#website","url":"https:\/\/laprensacristiana.com\/","name":"La Prensa Cristiana","description":"Anunciando Las Buenas Nuevas","potentialAction":[{"@type":"SearchAction","target":{"@type":"EntryPoint","urlTemplate":"https:\/\/laprensacristiana.com\/?s={search_term_string}"},"query-input":"required name=search_term_string"}],"inLanguage":"es"},{"@type":"Person","@id":"https:\/\/laprensacristiana.com\/#\/schema\/person\/3e7d82c6bfd6b1fa67010f8f7cd5256e","name":"EDITOR","image":{"@type":"ImageObject","inLanguage":"es","@id":"https:\/\/laprensacristiana.com\/#\/schema\/person\/image\/","url":"https:\/\/secure.gravatar.com\/avatar\/72069dfb6c13772d9e8381e3638666d2?s=96&d=mm&r=g","contentUrl":"https:\/\/secure.gravatar.com\/avatar\/72069dfb6c13772d9e8381e3638666d2?s=96&d=mm&r=g","caption":"EDITOR"},"url":"https:\/\/laprensacristiana.com\/?author=3"}]}},"_links":{"self":[{"href":"https:\/\/laprensacristiana.com\/index.php?rest_route=\/wp\/v2\/posts\/8669"}],"collection":[{"href":"https:\/\/laprensacristiana.com\/index.php?rest_route=\/wp\/v2\/posts"}],"about":[{"href":"https:\/\/laprensacristiana.com\/index.php?rest_route=\/wp\/v2\/types\/post"}],"author":[{"embeddable":true,"href":"https:\/\/laprensacristiana.com\/index.php?rest_route=\/wp\/v2\/users\/3"}],"replies":[{"embeddable":true,"href":"https:\/\/laprensacristiana.com\/index.php?rest_route=%2Fwp%2Fv2%2Fcomments&post=8669"}],"version-history":[{"count":2,"href":"https:\/\/laprensacristiana.com\/index.php?rest_route=\/wp\/v2\/posts\/8669\/revisions"}],"predecessor-version":[{"id":8672,"href":"https:\/\/laprensacristiana.com\/index.php?rest_route=\/wp\/v2\/posts\/8669\/revisions\/8672"}],"wp:featuredmedia":[{"embeddable":true,"href":"https:\/\/laprensacristiana.com\/index.php?rest_route=\/wp\/v2\/media\/8670"}],"wp:attachment":[{"href":"https:\/\/laprensacristiana.com\/index.php?rest_route=%2Fwp%2Fv2%2Fmedia&parent=8669"}],"wp:term":[{"taxonomy":"category","embeddable":true,"href":"https:\/\/laprensacristiana.com\/index.php?rest_route=%2Fwp%2Fv2%2Fcategories&post=8669"},{"taxonomy":"post_tag","embeddable":true,"href":"https:\/\/laprensacristiana.com\/index.php?rest_route=%2Fwp%2Fv2%2Ftags&post=8669"}],"curies":[{"name":"wp","href":"https:\/\/api.w.org\/{rel}","templated":true}]}}