{"id":8674,"date":"2020-04-05T22:45:19","date_gmt":"2020-04-05T22:45:19","guid":{"rendered":"https:\/\/laprensacristiana.com\/?p=8674"},"modified":"2020-04-05T22:45:21","modified_gmt":"2020-04-05T22:45:21","slug":"ministro-de-salud-de-peru-se-reune-con-representantes-de-iglesias","status":"publish","type":"post","link":"https:\/\/laprensacristiana.com\/?p=8674","title":{"rendered":"Ministro de Salud de Per\u00fa se re\u00fane con representantes de Iglesias"},"content":{"rendered":"\n<p>El d\u00eda de ayer el ministro de Salud de Per\u00fa se reuni\u00f3 con CONEP, UNICEP, Asambleas de Dios y miembros de otras iglesias.<\/p>\n\n\n\n<p>Se inform\u00f3 sobre la situaci\u00f3n de la pandemia y la necesidad de sumar apoyo en el transcurrir de los d\u00edas donde se incrementar\u00e1n el n\u00famero de fallecidos.<\/p>\n\n\n\n<p>El Pdte de UNICEP Ps Cristian Scheelje y Jorge Marquez Director de Asuntos de gobierno, informaron sobre los 400 voluntarios especializados que ya vienen siendo capacitados para atender la l\u00ednea 113.<br>\nA su vez UNICEP esta enviando 1000 botellas de agua y snacks para apoyo del personal que vienen atendiendo m\u00e1s de 40,000 llamadas diarias.<\/p>\n\n\n\n<p>El ministro solicit\u00f3 un grupo especial que pueda apoyar la situaci\u00f3n de dolor que vivir\u00e1n las familias que pierden sus miembros a causa del virus.<\/p>\n\n\n\n<p>UNICEP ha iniciado la formaci\u00f3n de un grupo entrenado en crisis y espera entregar en los pr\u00f3ximos d\u00edas 350 voluntarios m\u00e1s.<\/p>\n\n\n\n<p>Las iglesias que principalmente han contribuido con su apoyo en voluntariado son. Camino de Vida, Alianza Cristiana y Misionera, Agua Viva, Misi\u00f3n Biblica Carismatica, Emmanuel, Catedral de Fe y Asambleas de Dios. Denominaciones de alcance nacional. <\/p>\n\n\n\n<p>UNICEP llama a todas las denominaciones a preparase y ser una luz de amor en medio de la tragedia.<\/p>\n\n\n\n<p>La convocatoria del voluntariado seguir\u00e1 abierta hasta el final del proceso. Si deseas participar reg\u00edstrate en el link.<br>\nhttps:\/\/docs.google.com\/forms\/d\/e\/1FAIpQLScbOFemJo77ZlszcgjsUc_9a0F7w_miWVQRkhbjnRHu6dyQvw\/viewform<\/p>\n","protected":false},"excerpt":{"rendered":"<p>El d\u00eda de ayer el ministro de Salud de Per\u00fa se reuni\u00f3 con CONEP, UNICEP, Asambleas de Dios y miembros de otras iglesias. Se inform\u00f3 sobre la situaci\u00f3n de la pandemia y la necesidad de sumar apoyo en el transcurrir de los d\u00edas donde se incrementar\u00e1n el n\u00famero de fallecidos. El Pdte de UNICEP Ps [&hellip;]<\/p>\n","protected":false},"author":3,"featured_media":8675,"comment_status":"open","ping_status":"open","sticky":false,"template":"","format":"standard","meta":[],"categories":[56],"tags":[],"yoast_head":"<!-- This site is optimized with the Yoast SEO plugin v20.8 - https:\/\/yoast.com\/wordpress\/plugins\/seo\/ -->\n<title>Ministro de Salud de Per\u00fa se re\u00fane con representantes de Iglesias - La Prensa Cristiana<\/title>\n<meta name=\"robots\" content=\"index, follow, max-snippet:-1, max-image-preview:large, max-video-preview:-1\" \/>\n<link rel=\"canonical\" href=\"https:\/\/laprensacristiana.com\/?p=8674\" \/>\n<meta property=\"og:locale\" content=\"es_ES\" \/>\n<meta property=\"og:type\" content=\"article\" \/>\n<meta property=\"og:title\" content=\"Ministro de Salud de Per\u00fa se re\u00fane con representantes de Iglesias - La Prensa Cristiana\" \/>\n<meta property=\"og:description\" content=\"El d\u00eda de ayer el ministro de Salud de Per\u00fa se reuni\u00f3 con CONEP, UNICEP, Asambleas de Dios y miembros de otras iglesias. Se inform\u00f3 sobre la situaci\u00f3n de la pandemia y la necesidad de sumar apoyo en el transcurrir de los d\u00edas donde se incrementar\u00e1n el n\u00famero de fallecidos. El Pdte de UNICEP Ps [&hellip;]\" \/>\n<meta property=\"og:url\" content=\"https:\/\/laprensacristiana.com\/?p=8674\" \/>\n<meta property=\"og:site_name\" content=\"La Prensa Cristiana\" \/>\n<meta property=\"article:published_time\" content=\"2020-04-05T22:45:19+00:00\" \/>\n<meta property=\"article:modified_time\" content=\"2020-04-05T22:45:21+00:00\" \/>\n<meta property=\"og:image\" content=\"https:\/\/laprensacristiana.com\/wp-content\/uploads\/2020\/04\/SAVE_20200405_164316.jpg\" \/>\n\t<meta property=\"og:image:width\" content=\"720\" \/>\n\t<meta property=\"og:image:height\" content=\"415\" \/>\n\t<meta property=\"og:image:type\" content=\"image\/jpeg\" \/>\n<meta name=\"author\" content=\"EDITOR\" \/>\n<meta name=\"twitter:card\" content=\"summary_large_image\" \/>\n<meta name=\"twitter:label1\" content=\"Escrito por\" \/>\n\t<meta name=\"twitter:data1\" content=\"EDITOR\" \/>\n\t<meta name=\"twitter:label2\" content=\"Tiempo de lectura\" \/>\n\t<meta name=\"twitter:data2\" content=\"1 minuto\" \/>\n<script type=\"application\/ld+json\" class=\"yoast-schema-graph\">{\"@context\":\"https:\/\/schema.org\",\"@graph\":[{\"@type\":\"WebPage\",\"@id\":\"https:\/\/laprensacristiana.com\/?p=8674\",\"url\":\"https:\/\/laprensacristiana.com\/?p=8674\",\"name\":\"Ministro de Salud de Per\u00fa se re\u00fane con representantes de Iglesias - La Prensa Cristiana\",\"isPartOf\":{\"@id\":\"https:\/\/laprensacristiana.com\/#website\"},\"datePublished\":\"2020-04-05T22:45:19+00:00\",\"dateModified\":\"2020-04-05T22:45:21+00:00\",\"author\":{\"@id\":\"https:\/\/laprensacristiana.com\/#\/schema\/person\/3e7d82c6bfd6b1fa67010f8f7cd5256e\"},\"breadcrumb\":{\"@id\":\"https:\/\/laprensacristiana.com\/?p=8674#breadcrumb\"},\"inLanguage\":\"es\",\"potentialAction\":[{\"@type\":\"ReadAction\",\"target\":[\"https:\/\/laprensacristiana.com\/?p=8674\"]}]},{\"@type\":\"BreadcrumbList\",\"@id\":\"https:\/\/laprensacristiana.com\/?p=8674#breadcrumb\",\"itemListElement\":[{\"@type\":\"ListItem\",\"position\":1,\"name\":\"Portada\",\"item\":\"https:\/\/laprensacristiana.com\/\"},{\"@type\":\"ListItem\",\"position\":2,\"name\":\"Ministro de Salud de Per\u00fa se re\u00fane con representantes de Iglesias\"}]},{\"@type\":\"WebSite\",\"@id\":\"https:\/\/laprensacristiana.com\/#website\",\"url\":\"https:\/\/laprensacristiana.com\/\",\"name\":\"La Prensa Cristiana\",\"description\":\"Anunciando Las Buenas Nuevas\",\"potentialAction\":[{\"@type\":\"SearchAction\",\"target\":{\"@type\":\"EntryPoint\",\"urlTemplate\":\"https:\/\/laprensacristiana.com\/?s={search_term_string}\"},\"query-input\":\"required name=search_term_string\"}],\"inLanguage\":\"es\"},{\"@type\":\"Person\",\"@id\":\"https:\/\/laprensacristiana.com\/#\/schema\/person\/3e7d82c6bfd6b1fa67010f8f7cd5256e\",\"name\":\"EDITOR\",\"image\":{\"@type\":\"ImageObject\",\"inLanguage\":\"es\",\"@id\":\"https:\/\/laprensacristiana.com\/#\/schema\/person\/image\/\",\"url\":\"https:\/\/secure.gravatar.com\/avatar\/72069dfb6c13772d9e8381e3638666d2?s=96&d=mm&r=g\",\"contentUrl\":\"https:\/\/secure.gravatar.com\/avatar\/72069dfb6c13772d9e8381e3638666d2?s=96&d=mm&r=g\",\"caption\":\"EDITOR\"},\"url\":\"https:\/\/laprensacristiana.com\/?author=3\"}]}<\/script>\n<!-- \/ Yoast SEO plugin. -->","yoast_head_json":{"title":"Ministro de Salud de Per\u00fa se re\u00fane con representantes de Iglesias - La Prensa Cristiana","robots":{"index":"index","follow":"follow","max-snippet":"max-snippet:-1","max-image-preview":"max-image-preview:large","max-video-preview":"max-video-preview:-1"},"canonical":"https:\/\/laprensacristiana.com\/?p=8674","og_locale":"es_ES","og_type":"article","og_title":"Ministro de Salud de Per\u00fa se re\u00fane con representantes de Iglesias - La Prensa Cristiana","og_description":"El d\u00eda de ayer el ministro de Salud de Per\u00fa se reuni\u00f3 con CONEP, UNICEP, Asambleas de Dios y miembros de otras iglesias. Se inform\u00f3 sobre la situaci\u00f3n de la pandemia y la necesidad de sumar apoyo en el transcurrir de los d\u00edas donde se incrementar\u00e1n el n\u00famero de fallecidos. El Pdte de UNICEP Ps [&hellip;]","og_url":"https:\/\/laprensacristiana.com\/?p=8674","og_site_name":"La Prensa Cristiana","article_published_time":"2020-04-05T22:45:19+00:00","article_modified_time":"2020-04-05T22:45:21+00:00","og_image":[{"width":720,"height":415,"url":"https:\/\/laprensacristiana.com\/wp-content\/uploads\/2020\/04\/SAVE_20200405_164316.jpg","type":"image\/jpeg"}],"author":"EDITOR","twitter_card":"summary_large_image","twitter_misc":{"Escrito por":"EDITOR","Tiempo de lectura":"1 minuto"},"schema":{"@context":"https:\/\/schema.org","@graph":[{"@type":"WebPage","@id":"https:\/\/laprensacristiana.com\/?p=8674","url":"https:\/\/laprensacristiana.com\/?p=8674","name":"Ministro de Salud de Per\u00fa se re\u00fane con representantes de Iglesias - La Prensa Cristiana","isPartOf":{"@id":"https:\/\/laprensacristiana.com\/#website"},"datePublished":"2020-04-05T22:45:19+00:00","dateModified":"2020-04-05T22:45:21+00:00","author":{"@id":"https:\/\/laprensacristiana.com\/#\/schema\/person\/3e7d82c6bfd6b1fa67010f8f7cd5256e"},"breadcrumb":{"@id":"https:\/\/laprensacristiana.com\/?p=8674#breadcrumb"},"inLanguage":"es","potentialAction":[{"@type":"ReadAction","target":["https:\/\/laprensacristiana.com\/?p=8674"]}]},{"@type":"BreadcrumbList","@id":"https:\/\/laprensacristiana.com\/?p=8674#breadcrumb","itemListElement":[{"@type":"ListItem","position":1,"name":"Portada","item":"https:\/\/laprensacristiana.com\/"},{"@type":"ListItem","position":2,"name":"Ministro de Salud de Per\u00fa se re\u00fane con representantes de Iglesias"}]},{"@type":"WebSite","@id":"https:\/\/laprensacristiana.com\/#website","url":"https:\/\/laprensacristiana.com\/","name":"La Prensa Cristiana","description":"Anunciando Las Buenas Nuevas","potentialAction":[{"@type":"SearchAction","target":{"@type":"EntryPoint","urlTemplate":"https:\/\/laprensacristiana.com\/?s={search_term_string}"},"query-input":"required name=search_term_string"}],"inLanguage":"es"},{"@type":"Person","@id":"https:\/\/laprensacristiana.com\/#\/schema\/person\/3e7d82c6bfd6b1fa67010f8f7cd5256e","name":"EDITOR","image":{"@type":"ImageObject","inLanguage":"es","@id":"https:\/\/laprensacristiana.com\/#\/schema\/person\/image\/","url":"https:\/\/secure.gravatar.com\/avatar\/72069dfb6c13772d9e8381e3638666d2?s=96&d=mm&r=g","contentUrl":"https:\/\/secure.gravatar.com\/avatar\/72069dfb6c13772d9e8381e3638666d2?s=96&d=mm&r=g","caption":"EDITOR"},"url":"https:\/\/laprensacristiana.com\/?author=3"}]}},"_links":{"self":[{"href":"https:\/\/laprensacristiana.com\/index.php?rest_route=\/wp\/v2\/posts\/8674"}],"collection":[{"href":"https:\/\/laprensacristiana.com\/index.php?rest_route=\/wp\/v2\/posts"}],"about":[{"href":"https:\/\/laprensacristiana.com\/index.php?rest_route=\/wp\/v2\/types\/post"}],"author":[{"embeddable":true,"href":"https:\/\/laprensacristiana.com\/index.php?rest_route=\/wp\/v2\/users\/3"}],"replies":[{"embeddable":true,"href":"https:\/\/laprensacristiana.com\/index.php?rest_route=%2Fwp%2Fv2%2Fcomments&post=8674"}],"version-history":[{"count":1,"href":"https:\/\/laprensacristiana.com\/index.php?rest_route=\/wp\/v2\/posts\/8674\/revisions"}],"predecessor-version":[{"id":8676,"href":"https:\/\/laprensacristiana.com\/index.php?rest_route=\/wp\/v2\/posts\/8674\/revisions\/8676"}],"wp:featuredmedia":[{"embeddable":true,"href":"https:\/\/laprensacristiana.com\/index.php?rest_route=\/wp\/v2\/media\/8675"}],"wp:attachment":[{"href":"https:\/\/laprensacristiana.com\/index.php?rest_route=%2Fwp%2Fv2%2Fmedia&parent=8674"}],"wp:term":[{"taxonomy":"category","embeddable":true,"href":"https:\/\/laprensacristiana.com\/index.php?rest_route=%2Fwp%2Fv2%2Fcategories&post=8674"},{"taxonomy":"post_tag","embeddable":true,"href":"https:\/\/laprensacristiana.com\/index.php?rest_route=%2Fwp%2Fv2%2Ftags&post=8674"}],"curies":[{"name":"wp","href":"https:\/\/api.w.org\/{rel}","templated":true}]}}