{"id":8692,"date":"2020-04-07T17:33:32","date_gmt":"2020-04-07T17:33:32","guid":{"rendered":"https:\/\/laprensacristiana.com\/?p=8692"},"modified":"2020-04-07T17:44:24","modified_gmt":"2020-04-07T17:44:24","slug":"taber-celebra-43-anos-de-llevar-el-evangelio","status":"publish","type":"post","link":"https:\/\/laprensacristiana.com\/?p=8692","title":{"rendered":"Taber celebra 43 a\u00f1os de llevar el evangelio"},"content":{"rendered":"\n<p>En la presente semana el Tabern\u00e1culo B\u00edblico Bautista Amigos de Israel est\u00e1 celebrando su aniversario 43.<br> Debido a la cuarentena que mantiene a los salvadore\u00f1os en casa, en esta ocasi\u00f3n les toca llevar el evangelio \u00abAl Aire\u00bb como lo han denominado, un concepto diferente en apego a las necesidades actuales, est\u00e1n predicando a trav\u00e9s de sus medios de difusi\u00f3n Canal 17, Radio Bautista 89.7 FM, y en sus redes sociales de manera simult\u00e1nea en sus p\u00e1ginas de facebook. <br> \u00abPara nosotros representa un tremendo reto el poder llevar a esta iglesia a cumplir sus 43 a\u00f1os en un momento tan crucial donde todo cambi\u00f3, as\u00ed como en el 9\/11, hoy pre y post Covid-19, es la primera vez que el tabern\u00e1culo celebra un aniversario a la distancia, as\u00ed que es una gran responsabilidad y a la vez gratitud por el privilegio que nos han dado de poder atravesar junto a la iglesia este valle tan dif\u00edcil o este desierto, nunca me imagin\u00e9 celebrar un aniversario virtual, pero le doy gracias a Dios por ser el primero en hacer esto, no se cuantos a\u00f1os Dios nos de en esta iglesia, pero Dios nos permiti\u00f3 como equipo ser los primeros en llevar la iglesia del aire y llegar a muchos hogares a\u00fan fuera de las fronteras patrias y celebrar juntos\u00bb. Expres\u00f3 Edgar L\u00f3pez Bertrand Jr. Pastor General del Tabern\u00e1culo B\u00edblico Bautista Amigos de Israel. <\/p>\n\n\n\n<figure class=\"wp-block-image\"><img decoding=\"async\" loading=\"lazy\" width=\"720\" height=\"480\" src=\"https:\/\/laprensacristiana.com\/wp-content\/uploads\/2020\/04\/FB_IMG_1586279773670.jpg\" alt=\"\" class=\"wp-image-8693\" srcset=\"https:\/\/laprensacristiana.com\/wp-content\/uploads\/2020\/04\/FB_IMG_1586279773670.jpg 720w, https:\/\/laprensacristiana.com\/wp-content\/uploads\/2020\/04\/FB_IMG_1586279773670-300x200.jpg 300w, https:\/\/laprensacristiana.com\/wp-content\/uploads\/2020\/04\/FB_IMG_1586279773670-696x464.jpg 696w, https:\/\/laprensacristiana.com\/wp-content\/uploads\/2020\/04\/FB_IMG_1586279773670-630x420.jpg 630w, https:\/\/laprensacristiana.com\/wp-content\/uploads\/2020\/04\/FB_IMG_1586279773670-600x400.jpg 600w\" sizes=\"(max-width: 720px) 100vw, 720px\" \/><figcaption> Edgar L\u00f3pez Bertrand Jr. Pastor General Tabern\u00e1culo B\u00edblico Bautista Amigos de Israel <\/figcaption><\/figure>\n\n\n\n<p><br> Cabe destacar que la iglesia ha duplicado su acci\u00f3n social en este tiempo de dificultad que atraviesa el pa\u00eds. Es com\u00fan verles repartiendo alimento a los que est\u00e1n enfrentando en la primera l\u00ednea la contenci\u00f3n del coronaronavirus, polic\u00edas, soldados, comandos de salvamento, personal de salud. Tambi\u00e9n se han convertido en centros de recolecci\u00f3n de insumos de primera necesidad para los privados de libertad, a vez est\u00e1n a disposici\u00f3n y colaborando con las autoridades de gobierno para aportar los requerimientos necesarios para hacerle frente a la pandemia. <br> \u00abNo hay evangelio sino hay bendici\u00f3n, la buena nueva de Cristo a muchos les lleg\u00f3 a trav\u00e9s de las acciones de Jes\u00fas, nosotros no tenemos la habilidad, sino Dios, de hacer milagros, si podemos partir y compartir el pan que Dios nos da a nuestras mesas, es la evidencia que estamos haciendo una labor para llevar el mensaje de Cristo\u00bb acot\u00f3 el pastor Toby Jr. <\/p>\n\n\n\n<p><br> Durante toda la semana est\u00e1n realizando celebraciones virtuales a las que han llamado semana de aniversario, con un topico especial en el que enfatizan la grandeza de Dios y fidelidad para con su ministerio. <\/p>\n\n\n\n<figure class=\"wp-block-image\"><img decoding=\"async\" loading=\"lazy\" width=\"720\" height=\"480\" src=\"https:\/\/laprensacristiana.com\/wp-content\/uploads\/2020\/04\/FB_IMG_1586280287586.jpg\" alt=\"\" class=\"wp-image-8686\" srcset=\"https:\/\/laprensacristiana.com\/wp-content\/uploads\/2020\/04\/FB_IMG_1586280287586.jpg 720w, https:\/\/laprensacristiana.com\/wp-content\/uploads\/2020\/04\/FB_IMG_1586280287586-300x200.jpg 300w, https:\/\/laprensacristiana.com\/wp-content\/uploads\/2020\/04\/FB_IMG_1586280287586-696x464.jpg 696w, https:\/\/laprensacristiana.com\/wp-content\/uploads\/2020\/04\/FB_IMG_1586280287586-630x420.jpg 630w, https:\/\/laprensacristiana.com\/wp-content\/uploads\/2020\/04\/FB_IMG_1586280287586-600x400.jpg 600w\" sizes=\"(max-width: 720px) 100vw, 720px\" \/><figcaption>Parte de las ayudas entregadas al Ministerio de Gobernaci\u00f3n. <\/figcaption><\/figure>\n\n\n\n<p>\u00abEl reto m\u00e1s grande que nosotros tenemos ahora es de reagruparnos, esta iglesia comenz\u00f3 con casas de oraci\u00f3n, peque\u00f1as reuniones familiares, y ver como el Se\u00f1or nos fue llevando, reagruparnos ser\u00eda el reto m\u00e1s grande en estos 43 a\u00f1os. El rol de la iglesia actual es la misma que la del nuevo testamento, predicar el evangelio, ser luz y sal, queremos decirles a todos nuestros hermanos desde aqu\u00ed desde el Tabern\u00e1culo que est\u00e1n en nuestras oraciones, estamos trabajando en la concientizaci\u00f3n, no solamente queremos construir iglesias, queremos construir en las personas, que sean s\u00f3lidas, un liderazgo nuevo. Estamos unidos a la distancia, en Cristo todos saldremos victoriosos\u00bb. Concluy\u00f3 el pastor Bertrand Jr. <\/p>\n\n\n\n<figure class=\"wp-block-image\"><img decoding=\"async\" loading=\"lazy\" width=\"720\" height=\"733\" src=\"https:\/\/laprensacristiana.com\/wp-content\/uploads\/2020\/04\/SAVE_20200407_112047-1.jpg\" alt=\"\" class=\"wp-image-8694\" srcset=\"https:\/\/laprensacristiana.com\/wp-content\/uploads\/2020\/04\/SAVE_20200407_112047-1.jpg 720w, https:\/\/laprensacristiana.com\/wp-content\/uploads\/2020\/04\/SAVE_20200407_112047-1-295x300.jpg 295w, https:\/\/laprensacristiana.com\/wp-content\/uploads\/2020\/04\/SAVE_20200407_112047-1-696x709.jpg 696w, https:\/\/laprensacristiana.com\/wp-content\/uploads\/2020\/04\/SAVE_20200407_112047-1-413x420.jpg 413w, https:\/\/laprensacristiana.com\/wp-content\/uploads\/2020\/04\/SAVE_20200407_112047-1-600x611.jpg 600w\" sizes=\"(max-width: 720px) 100vw, 720px\" \/><\/figure>\n","protected":false},"excerpt":{"rendered":"<p>En la presente semana el Tabern\u00e1culo B\u00edblico Bautista Amigos de Israel est\u00e1 celebrando su aniversario 43. Debido a la cuarentena que mantiene a los salvadore\u00f1os en casa, en esta ocasi\u00f3n les toca llevar el evangelio \u00abAl Aire\u00bb como lo han denominado, un concepto diferente en apego a las necesidades actuales, est\u00e1n predicando a trav\u00e9s de [&hellip;]<\/p>\n","protected":false},"author":3,"featured_media":8695,"comment_status":"open","ping_status":"open","sticky":false,"template":"","format":"standard","meta":[],"categories":[56],"tags":[],"yoast_head":"<!-- This site is optimized with the Yoast SEO plugin v20.8 - https:\/\/yoast.com\/wordpress\/plugins\/seo\/ -->\n<title>Taber celebra 43 a\u00f1os de llevar el evangelio - La Prensa Cristiana<\/title>\n<meta name=\"robots\" content=\"index, follow, max-snippet:-1, max-image-preview:large, max-video-preview:-1\" \/>\n<link rel=\"canonical\" href=\"https:\/\/laprensacristiana.com\/?p=8692\" \/>\n<meta property=\"og:locale\" content=\"es_ES\" \/>\n<meta property=\"og:type\" content=\"article\" \/>\n<meta property=\"og:title\" content=\"Taber celebra 43 a\u00f1os de llevar el evangelio - La Prensa Cristiana\" \/>\n<meta property=\"og:description\" content=\"En la presente semana el Tabern\u00e1culo B\u00edblico Bautista Amigos de Israel est\u00e1 celebrando su aniversario 43. Debido a la cuarentena que mantiene a los salvadore\u00f1os en casa, en esta ocasi\u00f3n les toca llevar el evangelio \u00abAl Aire\u00bb como lo han denominado, un concepto diferente en apego a las necesidades actuales, est\u00e1n predicando a trav\u00e9s de [&hellip;]\" \/>\n<meta property=\"og:url\" content=\"https:\/\/laprensacristiana.com\/?p=8692\" \/>\n<meta property=\"og:site_name\" content=\"La Prensa Cristiana\" \/>\n<meta property=\"article:published_time\" content=\"2020-04-07T17:33:32+00:00\" \/>\n<meta property=\"article:modified_time\" content=\"2020-04-07T17:44:24+00:00\" \/>\n<meta property=\"og:image\" content=\"https:\/\/laprensacristiana.com\/wp-content\/uploads\/2020\/04\/FB_IMG_1586279879719.jpg\" \/>\n\t<meta property=\"og:image:width\" content=\"720\" \/>\n\t<meta property=\"og:image:height\" content=\"462\" \/>\n\t<meta property=\"og:image:type\" content=\"image\/jpeg\" \/>\n<meta name=\"author\" content=\"EDITOR\" \/>\n<meta name=\"twitter:card\" content=\"summary_large_image\" \/>\n<meta name=\"twitter:label1\" content=\"Escrito por\" \/>\n\t<meta name=\"twitter:data1\" content=\"EDITOR\" \/>\n\t<meta name=\"twitter:label2\" content=\"Tiempo de lectura\" \/>\n\t<meta name=\"twitter:data2\" content=\"3 minutos\" \/>\n<script type=\"application\/ld+json\" class=\"yoast-schema-graph\">{\"@context\":\"https:\/\/schema.org\",\"@graph\":[{\"@type\":\"WebPage\",\"@id\":\"https:\/\/laprensacristiana.com\/?p=8692\",\"url\":\"https:\/\/laprensacristiana.com\/?p=8692\",\"name\":\"Taber celebra 43 a\u00f1os de llevar el evangelio - La Prensa Cristiana\",\"isPartOf\":{\"@id\":\"https:\/\/laprensacristiana.com\/#website\"},\"datePublished\":\"2020-04-07T17:33:32+00:00\",\"dateModified\":\"2020-04-07T17:44:24+00:00\",\"author\":{\"@id\":\"https:\/\/laprensacristiana.com\/#\/schema\/person\/3e7d82c6bfd6b1fa67010f8f7cd5256e\"},\"breadcrumb\":{\"@id\":\"https:\/\/laprensacristiana.com\/?p=8692#breadcrumb\"},\"inLanguage\":\"es\",\"potentialAction\":[{\"@type\":\"ReadAction\",\"target\":[\"https:\/\/laprensacristiana.com\/?p=8692\"]}]},{\"@type\":\"BreadcrumbList\",\"@id\":\"https:\/\/laprensacristiana.com\/?p=8692#breadcrumb\",\"itemListElement\":[{\"@type\":\"ListItem\",\"position\":1,\"name\":\"Portada\",\"item\":\"https:\/\/laprensacristiana.com\/\"},{\"@type\":\"ListItem\",\"position\":2,\"name\":\"Taber celebra 43 a\u00f1os de llevar el evangelio\"}]},{\"@type\":\"WebSite\",\"@id\":\"https:\/\/laprensacristiana.com\/#website\",\"url\":\"https:\/\/laprensacristiana.com\/\",\"name\":\"La Prensa Cristiana\",\"description\":\"Anunciando Las Buenas Nuevas\",\"potentialAction\":[{\"@type\":\"SearchAction\",\"target\":{\"@type\":\"EntryPoint\",\"urlTemplate\":\"https:\/\/laprensacristiana.com\/?s={search_term_string}\"},\"query-input\":\"required name=search_term_string\"}],\"inLanguage\":\"es\"},{\"@type\":\"Person\",\"@id\":\"https:\/\/laprensacristiana.com\/#\/schema\/person\/3e7d82c6bfd6b1fa67010f8f7cd5256e\",\"name\":\"EDITOR\",\"image\":{\"@type\":\"ImageObject\",\"inLanguage\":\"es\",\"@id\":\"https:\/\/laprensacristiana.com\/#\/schema\/person\/image\/\",\"url\":\"https:\/\/secure.gravatar.com\/avatar\/72069dfb6c13772d9e8381e3638666d2?s=96&d=mm&r=g\",\"contentUrl\":\"https:\/\/secure.gravatar.com\/avatar\/72069dfb6c13772d9e8381e3638666d2?s=96&d=mm&r=g\",\"caption\":\"EDITOR\"},\"url\":\"https:\/\/laprensacristiana.com\/?author=3\"}]}<\/script>\n<!-- \/ Yoast SEO plugin. -->","yoast_head_json":{"title":"Taber celebra 43 a\u00f1os de llevar el evangelio - La Prensa Cristiana","robots":{"index":"index","follow":"follow","max-snippet":"max-snippet:-1","max-image-preview":"max-image-preview:large","max-video-preview":"max-video-preview:-1"},"canonical":"https:\/\/laprensacristiana.com\/?p=8692","og_locale":"es_ES","og_type":"article","og_title":"Taber celebra 43 a\u00f1os de llevar el evangelio - La Prensa Cristiana","og_description":"En la presente semana el Tabern\u00e1culo B\u00edblico Bautista Amigos de Israel est\u00e1 celebrando su aniversario 43. Debido a la cuarentena que mantiene a los salvadore\u00f1os en casa, en esta ocasi\u00f3n les toca llevar el evangelio \u00abAl Aire\u00bb como lo han denominado, un concepto diferente en apego a las necesidades actuales, est\u00e1n predicando a trav\u00e9s de [&hellip;]","og_url":"https:\/\/laprensacristiana.com\/?p=8692","og_site_name":"La Prensa Cristiana","article_published_time":"2020-04-07T17:33:32+00:00","article_modified_time":"2020-04-07T17:44:24+00:00","og_image":[{"width":720,"height":462,"url":"https:\/\/laprensacristiana.com\/wp-content\/uploads\/2020\/04\/FB_IMG_1586279879719.jpg","type":"image\/jpeg"}],"author":"EDITOR","twitter_card":"summary_large_image","twitter_misc":{"Escrito por":"EDITOR","Tiempo de lectura":"3 minutos"},"schema":{"@context":"https:\/\/schema.org","@graph":[{"@type":"WebPage","@id":"https:\/\/laprensacristiana.com\/?p=8692","url":"https:\/\/laprensacristiana.com\/?p=8692","name":"Taber celebra 43 a\u00f1os de llevar el evangelio - La Prensa Cristiana","isPartOf":{"@id":"https:\/\/laprensacristiana.com\/#website"},"datePublished":"2020-04-07T17:33:32+00:00","dateModified":"2020-04-07T17:44:24+00:00","author":{"@id":"https:\/\/laprensacristiana.com\/#\/schema\/person\/3e7d82c6bfd6b1fa67010f8f7cd5256e"},"breadcrumb":{"@id":"https:\/\/laprensacristiana.com\/?p=8692#breadcrumb"},"inLanguage":"es","potentialAction":[{"@type":"ReadAction","target":["https:\/\/laprensacristiana.com\/?p=8692"]}]},{"@type":"BreadcrumbList","@id":"https:\/\/laprensacristiana.com\/?p=8692#breadcrumb","itemListElement":[{"@type":"ListItem","position":1,"name":"Portada","item":"https:\/\/laprensacristiana.com\/"},{"@type":"ListItem","position":2,"name":"Taber celebra 43 a\u00f1os de llevar el evangelio"}]},{"@type":"WebSite","@id":"https:\/\/laprensacristiana.com\/#website","url":"https:\/\/laprensacristiana.com\/","name":"La Prensa Cristiana","description":"Anunciando Las Buenas Nuevas","potentialAction":[{"@type":"SearchAction","target":{"@type":"EntryPoint","urlTemplate":"https:\/\/laprensacristiana.com\/?s={search_term_string}"},"query-input":"required name=search_term_string"}],"inLanguage":"es"},{"@type":"Person","@id":"https:\/\/laprensacristiana.com\/#\/schema\/person\/3e7d82c6bfd6b1fa67010f8f7cd5256e","name":"EDITOR","image":{"@type":"ImageObject","inLanguage":"es","@id":"https:\/\/laprensacristiana.com\/#\/schema\/person\/image\/","url":"https:\/\/secure.gravatar.com\/avatar\/72069dfb6c13772d9e8381e3638666d2?s=96&d=mm&r=g","contentUrl":"https:\/\/secure.gravatar.com\/avatar\/72069dfb6c13772d9e8381e3638666d2?s=96&d=mm&r=g","caption":"EDITOR"},"url":"https:\/\/laprensacristiana.com\/?author=3"}]}},"_links":{"self":[{"href":"https:\/\/laprensacristiana.com\/index.php?rest_route=\/wp\/v2\/posts\/8692"}],"collection":[{"href":"https:\/\/laprensacristiana.com\/index.php?rest_route=\/wp\/v2\/posts"}],"about":[{"href":"https:\/\/laprensacristiana.com\/index.php?rest_route=\/wp\/v2\/types\/post"}],"author":[{"embeddable":true,"href":"https:\/\/laprensacristiana.com\/index.php?rest_route=\/wp\/v2\/users\/3"}],"replies":[{"embeddable":true,"href":"https:\/\/laprensacristiana.com\/index.php?rest_route=%2Fwp%2Fv2%2Fcomments&post=8692"}],"version-history":[{"count":2,"href":"https:\/\/laprensacristiana.com\/index.php?rest_route=\/wp\/v2\/posts\/8692\/revisions"}],"predecessor-version":[{"id":8697,"href":"https:\/\/laprensacristiana.com\/index.php?rest_route=\/wp\/v2\/posts\/8692\/revisions\/8697"}],"wp:featuredmedia":[{"embeddable":true,"href":"https:\/\/laprensacristiana.com\/index.php?rest_route=\/wp\/v2\/media\/8695"}],"wp:attachment":[{"href":"https:\/\/laprensacristiana.com\/index.php?rest_route=%2Fwp%2Fv2%2Fmedia&parent=8692"}],"wp:term":[{"taxonomy":"category","embeddable":true,"href":"https:\/\/laprensacristiana.com\/index.php?rest_route=%2Fwp%2Fv2%2Fcategories&post=8692"},{"taxonomy":"post_tag","embeddable":true,"href":"https:\/\/laprensacristiana.com\/index.php?rest_route=%2Fwp%2Fv2%2Ftags&post=8692"}],"curies":[{"name":"wp","href":"https:\/\/api.w.org\/{rel}","templated":true}]}}