{"id":8720,"date":"2020-04-07T22:51:05","date_gmt":"2020-04-07T22:51:05","guid":{"rendered":"https:\/\/laprensacristiana.com\/?p=8720"},"modified":"2020-07-01T19:39:00","modified_gmt":"2020-07-01T19:39:00","slug":"la-fiesta-de-la-pascua","status":"publish","type":"post","link":"https:\/\/laprensacristiana.com\/?p=8720","title":{"rendered":"La fiesta de la Pascua."},"content":{"rendered":"\n<p>Esta era la fiesta principal para el pueblo jud\u00edo en la que por mandato de Dios el primer mes del a\u00f1o del calendario jud\u00edo en el d\u00eda catorce, sacrificar\u00edan a un cordero macho sin defecto de un a\u00f1o de nacido, y se hab\u00edan de comer \u00fanicamente asado; la carne se acompa\u00f1aba con panes sin levadura y hiervas amargas, en los libros de \u00c9xodo, Lev\u00edtico y Deuteronomio, se narra la instituci\u00f3n y el mandato de Dios para esta. Aunque esta fiesta se celebraba cada a\u00f1o, en el Antiguo Testamento, encontramos solo algunas de estas celebraciones como \u00a0la primera pascua que celebr\u00f3 el pueblo de Israel en Egipto antes de la salida triunfal de su esclavitud (\u00c9xodo12:27) a los dos a\u00f1os de su salida la celebraron en el desierto de Sina\u00ed, (N\u00fameros 9:1-5) y la primera pascua celebrada en la tierra de Cana\u00e1n, \u00a0en GILGAL, c\u00e9lebre lugar entre el jord\u00e1n y Jeric\u00f3, \u00a0donde acampo el pueblo de Dios y tuvo inicio una nueva historia para ellos. Despu\u00e9s de estas, encontramos las que celebraron los reyes, Salom\u00f3n, Ezequ\u00edas y Jos\u00edas, y la celebrada despu\u00e9s de la cautividad en tiempos de Esdras. \u00a0<\/p>\n\n\n\n<p>En el Nuevo Testamento,\nencontramos registro de celebraciones de la pascua a las que asisti\u00f3 Jes\u00fas como\nen Lucas 2:42 y Juan 2:13, y en todos los evangelios la que, para \u00e9l, fuera la\n\u00faltima en el aposento alto, la noche de la v\u00edspera de su muerte.<\/p>\n\n\n\n<p>En la actualidad los jud\u00edos todav\u00eda celebran la pascua, pero solo con panes sin levadura y hierbas amargas, sin sacrificio de cordero. Lo cual explica Pablo en 1a. Corintios declarando que nuestro cordero pascual es Cristo quien fue sacrificado por nosotros e inmolado por nuestra libertad espiritual. En el marco de la celebraci\u00f3n de la semana santa o semana mayor, considero importante sumar al conocimiento b\u00edblico, que los cristianos seguramente estamos adquiriendo en familia, en este tiempo que estamos en cuarentena, comprender por qu\u00e9 Juan el Bautista se refiri\u00f3 a Jes\u00fas como \u00a1El cordero de Dios que quita el pecado del mundo! en el antiguo testamento el cordero era el animal \u00f3ptimo que los israelitas usaban para sacrificarlo a Dios en la fiesta de la pascua, debido a su inocencia y car\u00e1cter humilde y sumiso. El cordero simboliza a Cristo quien en el calvario se ofreci\u00f3 a si mismo en sacrificio vivo para llevar nuestros pecados. Las palabras de Juan el Bautista son una interpretaci\u00f3n de lo escrito en Isa\u00edas 53:6-7, tambi\u00e9n Felipe en el libro de los Hechos 8:31 explica este pasaje prof\u00e9tico cumplido en Cristo. En la primera carta de Pedro tambi\u00e9n se menciona a Cristo como cordero sacrificado. Y el libro de Apocalipsis 7:9 revela la maravillosa verdad para los creyentes en \u00e9l. En aquel gran d\u00eda los redimidos por su sangre estaremos \u201cfrente a \u00e9l, limpios y llenos de gozo y victoria\u201d <\/p>\n\n\n\n<p>Les invito a\ncelebrar todos los d\u00edas y no solo esta semana, recordando que Dios que mand\u00f3\nque de las tinieblas resplandeciera la luz, es el que resplandeci\u00f3 en nuestros\ncorazones para iluminaci\u00f3n del conocimiento de la gloria de Dios en la faz de\nJESUCRISTO. (2 Corintios 4:6)<\/p>\n\n\n\n<p>\u00a1Levantemos!\noraciones llenas de gratitud al \u00fanico digno a nuestro Se\u00f1or Jesucristo que con\nsu sangre nos ha redimido para Dios de todo linaje, lengua, pueblo y naci\u00f3n. <\/p>\n\n\n\n<p>&nbsp;\u00a1Gloria al cordero de Dios! <\/p>\n","protected":false},"excerpt":{"rendered":"<p>Esta era la fiesta principal para el pueblo jud\u00edo en la que por mandato de Dios el primer mes del a\u00f1o del calendario jud\u00edo en el d\u00eda catorce, sacrificar\u00edan a un cordero macho sin defecto de un a\u00f1o de nacido, y se hab\u00edan de comer \u00fanicamente asado; la carne se acompa\u00f1aba con panes sin levadura [&hellip;]<\/p>\n","protected":false},"author":3,"featured_media":8721,"comment_status":"open","ping_status":"open","sticky":false,"template":"","format":"standard","meta":[],"categories":[36],"tags":[],"yoast_head":"<!-- This site is optimized with the Yoast SEO plugin v20.8 - https:\/\/yoast.com\/wordpress\/plugins\/seo\/ -->\n<title>La fiesta de la Pascua. - La Prensa Cristiana<\/title>\n<meta name=\"robots\" content=\"index, follow, max-snippet:-1, max-image-preview:large, max-video-preview:-1\" \/>\n<link rel=\"canonical\" href=\"https:\/\/laprensacristiana.com\/?p=8720\" \/>\n<meta property=\"og:locale\" content=\"es_ES\" \/>\n<meta property=\"og:type\" content=\"article\" \/>\n<meta property=\"og:title\" content=\"La fiesta de la Pascua. - La Prensa Cristiana\" \/>\n<meta property=\"og:description\" content=\"Esta era la fiesta principal para el pueblo jud\u00edo en la que por mandato de Dios el primer mes del a\u00f1o del calendario jud\u00edo en el d\u00eda catorce, sacrificar\u00edan a un cordero macho sin defecto de un a\u00f1o de nacido, y se hab\u00edan de comer \u00fanicamente asado; la carne se acompa\u00f1aba con panes sin levadura [&hellip;]\" \/>\n<meta property=\"og:url\" content=\"https:\/\/laprensacristiana.com\/?p=8720\" \/>\n<meta property=\"og:site_name\" content=\"La Prensa Cristiana\" \/>\n<meta property=\"article:published_time\" content=\"2020-04-07T22:51:05+00:00\" \/>\n<meta property=\"article:modified_time\" content=\"2020-07-01T19:39:00+00:00\" \/>\n<meta property=\"og:image\" content=\"https:\/\/laprensacristiana.com\/wp-content\/uploads\/2020\/04\/JULY-LPG-2017.jpg\" \/>\n\t<meta property=\"og:image:width\" content=\"1240\" \/>\n\t<meta property=\"og:image:height\" content=\"692\" \/>\n\t<meta property=\"og:image:type\" content=\"image\/jpeg\" \/>\n<meta name=\"author\" content=\"EDITOR\" \/>\n<meta name=\"twitter:card\" content=\"summary_large_image\" \/>\n<meta name=\"twitter:label1\" content=\"Escrito por\" \/>\n\t<meta name=\"twitter:data1\" content=\"EDITOR\" \/>\n\t<meta name=\"twitter:label2\" content=\"Tiempo de lectura\" \/>\n\t<meta name=\"twitter:data2\" content=\"3 minutos\" \/>\n<script type=\"application\/ld+json\" class=\"yoast-schema-graph\">{\"@context\":\"https:\/\/schema.org\",\"@graph\":[{\"@type\":\"WebPage\",\"@id\":\"https:\/\/laprensacristiana.com\/?p=8720\",\"url\":\"https:\/\/laprensacristiana.com\/?p=8720\",\"name\":\"La fiesta de la Pascua. - La Prensa Cristiana\",\"isPartOf\":{\"@id\":\"https:\/\/laprensacristiana.com\/#website\"},\"datePublished\":\"2020-04-07T22:51:05+00:00\",\"dateModified\":\"2020-07-01T19:39:00+00:00\",\"author\":{\"@id\":\"https:\/\/laprensacristiana.com\/#\/schema\/person\/3e7d82c6bfd6b1fa67010f8f7cd5256e\"},\"breadcrumb\":{\"@id\":\"https:\/\/laprensacristiana.com\/?p=8720#breadcrumb\"},\"inLanguage\":\"es\",\"potentialAction\":[{\"@type\":\"ReadAction\",\"target\":[\"https:\/\/laprensacristiana.com\/?p=8720\"]}]},{\"@type\":\"BreadcrumbList\",\"@id\":\"https:\/\/laprensacristiana.com\/?p=8720#breadcrumb\",\"itemListElement\":[{\"@type\":\"ListItem\",\"position\":1,\"name\":\"Portada\",\"item\":\"https:\/\/laprensacristiana.com\/\"},{\"@type\":\"ListItem\",\"position\":2,\"name\":\"La fiesta de la Pascua.\"}]},{\"@type\":\"WebSite\",\"@id\":\"https:\/\/laprensacristiana.com\/#website\",\"url\":\"https:\/\/laprensacristiana.com\/\",\"name\":\"La Prensa Cristiana\",\"description\":\"Anunciando Las Buenas Nuevas\",\"potentialAction\":[{\"@type\":\"SearchAction\",\"target\":{\"@type\":\"EntryPoint\",\"urlTemplate\":\"https:\/\/laprensacristiana.com\/?s={search_term_string}\"},\"query-input\":\"required name=search_term_string\"}],\"inLanguage\":\"es\"},{\"@type\":\"Person\",\"@id\":\"https:\/\/laprensacristiana.com\/#\/schema\/person\/3e7d82c6bfd6b1fa67010f8f7cd5256e\",\"name\":\"EDITOR\",\"image\":{\"@type\":\"ImageObject\",\"inLanguage\":\"es\",\"@id\":\"https:\/\/laprensacristiana.com\/#\/schema\/person\/image\/\",\"url\":\"https:\/\/secure.gravatar.com\/avatar\/72069dfb6c13772d9e8381e3638666d2?s=96&d=mm&r=g\",\"contentUrl\":\"https:\/\/secure.gravatar.com\/avatar\/72069dfb6c13772d9e8381e3638666d2?s=96&d=mm&r=g\",\"caption\":\"EDITOR\"},\"url\":\"https:\/\/laprensacristiana.com\/?author=3\"}]}<\/script>\n<!-- \/ Yoast SEO plugin. -->","yoast_head_json":{"title":"La fiesta de la Pascua. - La Prensa Cristiana","robots":{"index":"index","follow":"follow","max-snippet":"max-snippet:-1","max-image-preview":"max-image-preview:large","max-video-preview":"max-video-preview:-1"},"canonical":"https:\/\/laprensacristiana.com\/?p=8720","og_locale":"es_ES","og_type":"article","og_title":"La fiesta de la Pascua. - La Prensa Cristiana","og_description":"Esta era la fiesta principal para el pueblo jud\u00edo en la que por mandato de Dios el primer mes del a\u00f1o del calendario jud\u00edo en el d\u00eda catorce, sacrificar\u00edan a un cordero macho sin defecto de un a\u00f1o de nacido, y se hab\u00edan de comer \u00fanicamente asado; la carne se acompa\u00f1aba con panes sin levadura [&hellip;]","og_url":"https:\/\/laprensacristiana.com\/?p=8720","og_site_name":"La Prensa Cristiana","article_published_time":"2020-04-07T22:51:05+00:00","article_modified_time":"2020-07-01T19:39:00+00:00","og_image":[{"width":1240,"height":692,"url":"https:\/\/laprensacristiana.com\/wp-content\/uploads\/2020\/04\/JULY-LPG-2017.jpg","type":"image\/jpeg"}],"author":"EDITOR","twitter_card":"summary_large_image","twitter_misc":{"Escrito por":"EDITOR","Tiempo de lectura":"3 minutos"},"schema":{"@context":"https:\/\/schema.org","@graph":[{"@type":"WebPage","@id":"https:\/\/laprensacristiana.com\/?p=8720","url":"https:\/\/laprensacristiana.com\/?p=8720","name":"La fiesta de la Pascua. - La Prensa Cristiana","isPartOf":{"@id":"https:\/\/laprensacristiana.com\/#website"},"datePublished":"2020-04-07T22:51:05+00:00","dateModified":"2020-07-01T19:39:00+00:00","author":{"@id":"https:\/\/laprensacristiana.com\/#\/schema\/person\/3e7d82c6bfd6b1fa67010f8f7cd5256e"},"breadcrumb":{"@id":"https:\/\/laprensacristiana.com\/?p=8720#breadcrumb"},"inLanguage":"es","potentialAction":[{"@type":"ReadAction","target":["https:\/\/laprensacristiana.com\/?p=8720"]}]},{"@type":"BreadcrumbList","@id":"https:\/\/laprensacristiana.com\/?p=8720#breadcrumb","itemListElement":[{"@type":"ListItem","position":1,"name":"Portada","item":"https:\/\/laprensacristiana.com\/"},{"@type":"ListItem","position":2,"name":"La fiesta de la Pascua."}]},{"@type":"WebSite","@id":"https:\/\/laprensacristiana.com\/#website","url":"https:\/\/laprensacristiana.com\/","name":"La Prensa Cristiana","description":"Anunciando Las Buenas Nuevas","potentialAction":[{"@type":"SearchAction","target":{"@type":"EntryPoint","urlTemplate":"https:\/\/laprensacristiana.com\/?s={search_term_string}"},"query-input":"required name=search_term_string"}],"inLanguage":"es"},{"@type":"Person","@id":"https:\/\/laprensacristiana.com\/#\/schema\/person\/3e7d82c6bfd6b1fa67010f8f7cd5256e","name":"EDITOR","image":{"@type":"ImageObject","inLanguage":"es","@id":"https:\/\/laprensacristiana.com\/#\/schema\/person\/image\/","url":"https:\/\/secure.gravatar.com\/avatar\/72069dfb6c13772d9e8381e3638666d2?s=96&d=mm&r=g","contentUrl":"https:\/\/secure.gravatar.com\/avatar\/72069dfb6c13772d9e8381e3638666d2?s=96&d=mm&r=g","caption":"EDITOR"},"url":"https:\/\/laprensacristiana.com\/?author=3"}]}},"_links":{"self":[{"href":"https:\/\/laprensacristiana.com\/index.php?rest_route=\/wp\/v2\/posts\/8720"}],"collection":[{"href":"https:\/\/laprensacristiana.com\/index.php?rest_route=\/wp\/v2\/posts"}],"about":[{"href":"https:\/\/laprensacristiana.com\/index.php?rest_route=\/wp\/v2\/types\/post"}],"author":[{"embeddable":true,"href":"https:\/\/laprensacristiana.com\/index.php?rest_route=\/wp\/v2\/users\/3"}],"replies":[{"embeddable":true,"href":"https:\/\/laprensacristiana.com\/index.php?rest_route=%2Fwp%2Fv2%2Fcomments&post=8720"}],"version-history":[{"count":1,"href":"https:\/\/laprensacristiana.com\/index.php?rest_route=\/wp\/v2\/posts\/8720\/revisions"}],"predecessor-version":[{"id":8722,"href":"https:\/\/laprensacristiana.com\/index.php?rest_route=\/wp\/v2\/posts\/8720\/revisions\/8722"}],"wp:featuredmedia":[{"embeddable":true,"href":"https:\/\/laprensacristiana.com\/index.php?rest_route=\/wp\/v2\/media\/8721"}],"wp:attachment":[{"href":"https:\/\/laprensacristiana.com\/index.php?rest_route=%2Fwp%2Fv2%2Fmedia&parent=8720"}],"wp:term":[{"taxonomy":"category","embeddable":true,"href":"https:\/\/laprensacristiana.com\/index.php?rest_route=%2Fwp%2Fv2%2Fcategories&post=8720"},{"taxonomy":"post_tag","embeddable":true,"href":"https:\/\/laprensacristiana.com\/index.php?rest_route=%2Fwp%2Fv2%2Ftags&post=8720"}],"curies":[{"name":"wp","href":"https:\/\/api.w.org\/{rel}","templated":true}]}}