{"id":8729,"date":"2020-04-08T16:10:49","date_gmt":"2020-04-08T16:10:49","guid":{"rendered":"https:\/\/laprensacristiana.com\/?p=8729"},"modified":"2020-04-08T16:10:52","modified_gmt":"2020-04-08T16:10:52","slug":"la-iglesia-de-hoy-una-autocritica","status":"publish","type":"post","link":"https:\/\/laprensacristiana.com\/?p=8729","title":{"rendered":"La iglesia de hoy (una autocr\u00edtica)"},"content":{"rendered":"\n<p>Jerem\u00edas 18:15 \u201cy se han desviado de sus caminos, de las sendas antiguas, para andar por senderos, no por calzada\u201d<\/p>\n\n\n\n<p>Bueno, ya aprendimos a lavarnos las manos. Ya aprendimos a toser entre los codos. Ya aprendimos a mantener una distancia entre nosotros. \u00bfQue nos falta por aprender?<\/p>\n\n\n\n<p>Creo que Dios en su sabidur\u00eda nos tiene en una especie de retiro. Aunque siempre la Iglesia ha organizado retiros o campamentos para instrucci\u00f3n de sus l\u00ecderes, en donde han invitado a predicadores de fama, en lugares de lujo o espacios con piscina y otros ambientes agradables, cuando no en hoteles de cinco estrellas, han llevado a sus ministros a recibir cursillos sobre como abrir m\u00e0s c\u00e9lulas, ganar m\u00e0s almas, construir m\u00e0s megatemplos, recaudar m\u00e0s dinero y como se piden los permisos para tener su canal de TV y su propia radio que es el santo grial de cualquier pastor moderno, hoy estamos en un retiro obligatorio pero al estilo de Jesus.<\/p>\n\n\n\n<p>Hoy nuestro retiro s\u00ed es espiritual. Porque hoy no hay la cantidad de gente que acostumbramos a ver desde nuestros p\u00falpitos. Hoy no hay c\u00e1maras, ni luces ni audiencia ofrendando para cumplir con el pastor. Este retiro nos est\u00e1 ense\u00f1ando que la verdadera Iglesia no es el edificio. Somos nosotros. La familia. Hoy no es el pastor el que predica sino el padre de familia. Hoy no hay equipos de sonido, solo equipos de personas conviviendo obligadamente en cuatro sencillas paredes. Hoy no hay almas que ganar. Hoy hay que ganar nuestras familias. Hoy no hay c\u00e9lulas que visitar. Hoy visitamos los cuartos de nuestros hijos.<\/p>\n\n\n\n<p>Este retiro le est\u00e1 ense\u00f1ando a la Iglesia en el hogar a vivir por fe. A cuidar nuestros recursos. A comer en casa. A utilizar lo que tenemos. A las hermanas les est\u00e1 ense\u00f1ando a hacer sus propias pupusas porque ya no se puede ir a la de la esquina. No sea que se infecte. A los \u201cvarones\u201d que antes cuidaban el parqueo de la iglesia, les est\u00e1 ense\u00f1ando a cuidar sus patios, su sala y su comedor privado. <\/p>\n\n\n\n<p>Hoy la iglesia ya no est\u00e1 pidiendo ofrendas. No hay di\u00e1conos ni diaconisas con alfol\u00edes. Hoy la ofrenda es un coraz\u00f3n humilde. La ofrenda de hoy es sentarnos en una silla y leer la Biblia que no hab\u00edamos le\u00ecdo de tanto estar ocupados \u201chaciendo\u201d en vez de \u201csiendo\u201d. Hoy el ayuno y la oraci\u00f3n ya no se hacen en un templo con un caf\u00e9 en el intermedio en donde todos nos hacemos creer que somos sinceros. Hoy el ayuno y la oraci\u00f3n se hacen en casa. En privado. En donde no se presume de muy espiritual para que nos vean. <\/p>\n\n\n\n<p>\u00bfTodo por qu\u00e8? Porque el Se\u00f1or nos ha metido en un retiro espiritual. En un retiro en donde o tenemos intimidad con \u00c8l o mostramos lo que realmente hemos estado reprimiendo en los cultos. O actuamos con fe en la Palabra o actuamos con nuestras propias fuerzas. O dependemos de Dios enteramente o hacemos cola en los bancos esperando el bono del gobierno. <\/p>\n\n\n\n<p>Quiz\u00e1 caiga mal a m\u00e0s de alguno de mis hermanos pastores, pero tal vez ignora lo que ya dijo el fil\u00f3sofo norteamericano  Sam Pascoe:  \u201cEl cristianismo comenz\u00f3 en Palestina como una comunidad (una relaci\u00f3n,) luego se traslad\u00f3 a Grecia y se convirti\u00f3 en una filosof\u00eda (una manera de pensar).  M\u00e0s tarde, se traslad\u00f3 a Roma y se convirti\u00f3 en una instituci\u00f3n (un lugar donde ir) y despu\u00e9s a Europa donde se convirti\u00f3  en una cultura (una forma de vida).  Finalmente, se estableci\u00f3 en Norteam\u00e9rica, donde se ha convertido en una empresa (un negocio)\u201d Y agrego yo: de Norteam\u00e9rica vino a nuestros pa\u00edses. <\/p>\n\n\n\n<p>No es un secreto que hoy, muchas Iglesias no se llaman iglesias sino \u201ccorporaci\u00f3n\u201d. Y eso es precisamente lo que est\u00e1 haciendo que la gente pierda la fe en Dios. Se ha mutado de la fe a la practicidad. Ya no se cree en milagros. Todo sucede por causa y efecto. El humanismo ha llenado nuestros p\u00falpitos y se ha convertido en una manera de pensar, una filosof\u00eda que atrofia terriblemente la fe y la confianza en Dios, y eso ha hecho que muchos evang\u00e9licos pierdan su identidad, su conocimiento de la santidad que exige la Palabra de Dios.<\/p>\n\n\n\n<p>Hoy que los templos est\u00e1n vac\u00edos. \u00bfQu\u00e9 estamos haciendo en las casas? \u00bfEstamos confiando en la Mano bondadosa de Dios para proveernos o nos estamos rebuscando como nos han ense\u00f1ado nuestros l\u00ecderes espirituales? \u00bfLas familias est\u00e1n esperando la provisi\u00f3n de la mano del Se\u00f1or o del se\u00f1or Alcalde del pueblo? <\/p>\n\n\n\n<p>Todo esto nos tiene que advertir a los pastores que cuando salgamos nuevamente a las actividades de la Iglesia de Cristo, volver a las sendas antiguas. Todo esto debe servirnos como un examen de qu\u00e9 hemos ense\u00f1ado: teolog\u00eda o Biblia. Salvaci\u00f3n, Santidad y Consagraci\u00f3n o conformismo y materialismo. A muchos nos tom\u00f3 por sorpresa este retiro y ahora no sabemos qu\u00e9 hacer. No sabemos como pedirle al Se\u00f1or. No ense\u00f1amos la ley de la siembra y la cosecha y ahora estamos pagando el precio. <\/p>\n\n\n\n<p>Desconocer la prognosis y los Kairos de Dios nos est\u00e1 trayendo consecuencias dolorosas. <\/p>\n\n\n\n<p>SOLI DEO GLORIA<\/p>\n","protected":false},"excerpt":{"rendered":"<p>Jerem\u00edas 18:15 \u201cy se han desviado de sus caminos, de las sendas antiguas, para andar por senderos, no por calzada\u201d Bueno, ya aprendimos a lavarnos las manos. Ya aprendimos a toser entre los codos. Ya aprendimos a mantener una distancia entre nosotros. \u00bfQue nos falta por aprender? Creo que Dios en su sabidur\u00eda nos tiene [&hellip;]<\/p>\n","protected":false},"author":3,"featured_media":7949,"comment_status":"open","ping_status":"open","sticky":false,"template":"","format":"standard","meta":[],"categories":[36],"tags":[],"yoast_head":"<!-- This site is optimized with the Yoast SEO plugin v20.8 - https:\/\/yoast.com\/wordpress\/plugins\/seo\/ -->\n<title>La iglesia de hoy (una autocr\u00edtica) - La Prensa Cristiana<\/title>\n<meta name=\"robots\" content=\"index, follow, max-snippet:-1, max-image-preview:large, max-video-preview:-1\" \/>\n<link rel=\"canonical\" href=\"https:\/\/laprensacristiana.com\/?p=8729\" \/>\n<meta property=\"og:locale\" content=\"es_ES\" \/>\n<meta property=\"og:type\" content=\"article\" \/>\n<meta property=\"og:title\" content=\"La iglesia de hoy (una autocr\u00edtica) - La Prensa Cristiana\" \/>\n<meta property=\"og:description\" content=\"Jerem\u00edas 18:15 \u201cy se han desviado de sus caminos, de las sendas antiguas, para andar por senderos, no por calzada\u201d Bueno, ya aprendimos a lavarnos las manos. Ya aprendimos a toser entre los codos. Ya aprendimos a mantener una distancia entre nosotros. \u00bfQue nos falta por aprender? Creo que Dios en su sabidur\u00eda nos tiene [&hellip;]\" \/>\n<meta property=\"og:url\" content=\"https:\/\/laprensacristiana.com\/?p=8729\" \/>\n<meta property=\"og:site_name\" content=\"La Prensa Cristiana\" \/>\n<meta property=\"article:published_time\" content=\"2020-04-08T16:10:49+00:00\" \/>\n<meta property=\"article:modified_time\" content=\"2020-04-08T16:10:52+00:00\" \/>\n<meta property=\"og:image\" content=\"https:\/\/laprensacristiana.com\/wp-content\/uploads\/2020\/01\/2017-11-23-PHOTO-00003245-1.jpg\" \/>\n\t<meta property=\"og:image:width\" content=\"1280\" \/>\n\t<meta property=\"og:image:height\" content=\"714\" \/>\n\t<meta property=\"og:image:type\" content=\"image\/jpeg\" \/>\n<meta name=\"author\" content=\"EDITOR\" \/>\n<meta name=\"twitter:card\" content=\"summary_large_image\" \/>\n<meta name=\"twitter:label1\" content=\"Escrito por\" \/>\n\t<meta name=\"twitter:data1\" content=\"EDITOR\" \/>\n\t<meta name=\"twitter:label2\" content=\"Tiempo de lectura\" \/>\n\t<meta name=\"twitter:data2\" content=\"5 minutos\" \/>\n<script type=\"application\/ld+json\" class=\"yoast-schema-graph\">{\"@context\":\"https:\/\/schema.org\",\"@graph\":[{\"@type\":\"WebPage\",\"@id\":\"https:\/\/laprensacristiana.com\/?p=8729\",\"url\":\"https:\/\/laprensacristiana.com\/?p=8729\",\"name\":\"La iglesia de hoy (una autocr\u00edtica) - La Prensa Cristiana\",\"isPartOf\":{\"@id\":\"https:\/\/laprensacristiana.com\/#website\"},\"datePublished\":\"2020-04-08T16:10:49+00:00\",\"dateModified\":\"2020-04-08T16:10:52+00:00\",\"author\":{\"@id\":\"https:\/\/laprensacristiana.com\/#\/schema\/person\/3e7d82c6bfd6b1fa67010f8f7cd5256e\"},\"breadcrumb\":{\"@id\":\"https:\/\/laprensacristiana.com\/?p=8729#breadcrumb\"},\"inLanguage\":\"es\",\"potentialAction\":[{\"@type\":\"ReadAction\",\"target\":[\"https:\/\/laprensacristiana.com\/?p=8729\"]}]},{\"@type\":\"BreadcrumbList\",\"@id\":\"https:\/\/laprensacristiana.com\/?p=8729#breadcrumb\",\"itemListElement\":[{\"@type\":\"ListItem\",\"position\":1,\"name\":\"Portada\",\"item\":\"https:\/\/laprensacristiana.com\/\"},{\"@type\":\"ListItem\",\"position\":2,\"name\":\"La iglesia de hoy (una autocr\u00edtica)\"}]},{\"@type\":\"WebSite\",\"@id\":\"https:\/\/laprensacristiana.com\/#website\",\"url\":\"https:\/\/laprensacristiana.com\/\",\"name\":\"La Prensa Cristiana\",\"description\":\"Anunciando Las Buenas Nuevas\",\"potentialAction\":[{\"@type\":\"SearchAction\",\"target\":{\"@type\":\"EntryPoint\",\"urlTemplate\":\"https:\/\/laprensacristiana.com\/?s={search_term_string}\"},\"query-input\":\"required name=search_term_string\"}],\"inLanguage\":\"es\"},{\"@type\":\"Person\",\"@id\":\"https:\/\/laprensacristiana.com\/#\/schema\/person\/3e7d82c6bfd6b1fa67010f8f7cd5256e\",\"name\":\"EDITOR\",\"image\":{\"@type\":\"ImageObject\",\"inLanguage\":\"es\",\"@id\":\"https:\/\/laprensacristiana.com\/#\/schema\/person\/image\/\",\"url\":\"https:\/\/secure.gravatar.com\/avatar\/72069dfb6c13772d9e8381e3638666d2?s=96&d=mm&r=g\",\"contentUrl\":\"https:\/\/secure.gravatar.com\/avatar\/72069dfb6c13772d9e8381e3638666d2?s=96&d=mm&r=g\",\"caption\":\"EDITOR\"},\"url\":\"https:\/\/laprensacristiana.com\/?author=3\"}]}<\/script>\n<!-- \/ Yoast SEO plugin. -->","yoast_head_json":{"title":"La iglesia de hoy (una autocr\u00edtica) - La Prensa Cristiana","robots":{"index":"index","follow":"follow","max-snippet":"max-snippet:-1","max-image-preview":"max-image-preview:large","max-video-preview":"max-video-preview:-1"},"canonical":"https:\/\/laprensacristiana.com\/?p=8729","og_locale":"es_ES","og_type":"article","og_title":"La iglesia de hoy (una autocr\u00edtica) - La Prensa Cristiana","og_description":"Jerem\u00edas 18:15 \u201cy se han desviado de sus caminos, de las sendas antiguas, para andar por senderos, no por calzada\u201d Bueno, ya aprendimos a lavarnos las manos. Ya aprendimos a toser entre los codos. Ya aprendimos a mantener una distancia entre nosotros. \u00bfQue nos falta por aprender? Creo que Dios en su sabidur\u00eda nos tiene [&hellip;]","og_url":"https:\/\/laprensacristiana.com\/?p=8729","og_site_name":"La Prensa Cristiana","article_published_time":"2020-04-08T16:10:49+00:00","article_modified_time":"2020-04-08T16:10:52+00:00","og_image":[{"width":1280,"height":714,"url":"https:\/\/laprensacristiana.com\/wp-content\/uploads\/2020\/01\/2017-11-23-PHOTO-00003245-1.jpg","type":"image\/jpeg"}],"author":"EDITOR","twitter_card":"summary_large_image","twitter_misc":{"Escrito por":"EDITOR","Tiempo de lectura":"5 minutos"},"schema":{"@context":"https:\/\/schema.org","@graph":[{"@type":"WebPage","@id":"https:\/\/laprensacristiana.com\/?p=8729","url":"https:\/\/laprensacristiana.com\/?p=8729","name":"La iglesia de hoy (una autocr\u00edtica) - La Prensa Cristiana","isPartOf":{"@id":"https:\/\/laprensacristiana.com\/#website"},"datePublished":"2020-04-08T16:10:49+00:00","dateModified":"2020-04-08T16:10:52+00:00","author":{"@id":"https:\/\/laprensacristiana.com\/#\/schema\/person\/3e7d82c6bfd6b1fa67010f8f7cd5256e"},"breadcrumb":{"@id":"https:\/\/laprensacristiana.com\/?p=8729#breadcrumb"},"inLanguage":"es","potentialAction":[{"@type":"ReadAction","target":["https:\/\/laprensacristiana.com\/?p=8729"]}]},{"@type":"BreadcrumbList","@id":"https:\/\/laprensacristiana.com\/?p=8729#breadcrumb","itemListElement":[{"@type":"ListItem","position":1,"name":"Portada","item":"https:\/\/laprensacristiana.com\/"},{"@type":"ListItem","position":2,"name":"La iglesia de hoy (una autocr\u00edtica)"}]},{"@type":"WebSite","@id":"https:\/\/laprensacristiana.com\/#website","url":"https:\/\/laprensacristiana.com\/","name":"La Prensa Cristiana","description":"Anunciando Las Buenas Nuevas","potentialAction":[{"@type":"SearchAction","target":{"@type":"EntryPoint","urlTemplate":"https:\/\/laprensacristiana.com\/?s={search_term_string}"},"query-input":"required name=search_term_string"}],"inLanguage":"es"},{"@type":"Person","@id":"https:\/\/laprensacristiana.com\/#\/schema\/person\/3e7d82c6bfd6b1fa67010f8f7cd5256e","name":"EDITOR","image":{"@type":"ImageObject","inLanguage":"es","@id":"https:\/\/laprensacristiana.com\/#\/schema\/person\/image\/","url":"https:\/\/secure.gravatar.com\/avatar\/72069dfb6c13772d9e8381e3638666d2?s=96&d=mm&r=g","contentUrl":"https:\/\/secure.gravatar.com\/avatar\/72069dfb6c13772d9e8381e3638666d2?s=96&d=mm&r=g","caption":"EDITOR"},"url":"https:\/\/laprensacristiana.com\/?author=3"}]}},"_links":{"self":[{"href":"https:\/\/laprensacristiana.com\/index.php?rest_route=\/wp\/v2\/posts\/8729"}],"collection":[{"href":"https:\/\/laprensacristiana.com\/index.php?rest_route=\/wp\/v2\/posts"}],"about":[{"href":"https:\/\/laprensacristiana.com\/index.php?rest_route=\/wp\/v2\/types\/post"}],"author":[{"embeddable":true,"href":"https:\/\/laprensacristiana.com\/index.php?rest_route=\/wp\/v2\/users\/3"}],"replies":[{"embeddable":true,"href":"https:\/\/laprensacristiana.com\/index.php?rest_route=%2Fwp%2Fv2%2Fcomments&post=8729"}],"version-history":[{"count":1,"href":"https:\/\/laprensacristiana.com\/index.php?rest_route=\/wp\/v2\/posts\/8729\/revisions"}],"predecessor-version":[{"id":8730,"href":"https:\/\/laprensacristiana.com\/index.php?rest_route=\/wp\/v2\/posts\/8729\/revisions\/8730"}],"wp:featuredmedia":[{"embeddable":true,"href":"https:\/\/laprensacristiana.com\/index.php?rest_route=\/wp\/v2\/media\/7949"}],"wp:attachment":[{"href":"https:\/\/laprensacristiana.com\/index.php?rest_route=%2Fwp%2Fv2%2Fmedia&parent=8729"}],"wp:term":[{"taxonomy":"category","embeddable":true,"href":"https:\/\/laprensacristiana.com\/index.php?rest_route=%2Fwp%2Fv2%2Fcategories&post=8729"},{"taxonomy":"post_tag","embeddable":true,"href":"https:\/\/laprensacristiana.com\/index.php?rest_route=%2Fwp%2Fv2%2Ftags&post=8729"}],"curies":[{"name":"wp","href":"https:\/\/api.w.org\/{rel}","templated":true}]}}