{"id":8732,"date":"2020-04-09T02:59:30","date_gmt":"2020-04-09T02:59:30","guid":{"rendered":"https:\/\/laprensacristiana.com\/?p=8732"},"modified":"2020-04-09T04:30:31","modified_gmt":"2020-04-09T04:30:31","slug":"iglesias-evangelicas-seran-centros-de-contencion","status":"publish","type":"post","link":"https:\/\/laprensacristiana.com\/?p=8732","title":{"rendered":"Iglesias Evang\u00e9licas ser\u00e1n centros de contenci\u00f3n"},"content":{"rendered":"\n<p><br> Como parte de las medidas que el Gobierno de El Salvador y ante la eminente necesidad de espacios que genera la posibilidad de repatriaci\u00f3n de salvadore\u00f1os alrededor del mundo que no han podido entrar al pa\u00eds por el cierre de las fronteras, el Ministerio de Obras P\u00fablicas ha comenzado a gestionar y\u00a0 habilitar iglesias evang\u00e9licas como una soluci\u00f3n. <br> Tal es el caso del Tabern\u00e1culo B\u00edblico Bautista Amigos se Israel, quienes est\u00e1n acoplando el Edificio Gamaliel como centro de contenci\u00f3n. <br> \u00abVamos a albergar entre 200 a 400 personas, se ha comenzado a sanitizar el edificio, era una inquietud que hab\u00eda puesto desde hace ratos Dios en nuestro coraz\u00f3n, y vamos a hacer lo mismo con nuestras dem\u00e1s iglesias al interior del pa\u00eds si es necesario, ser\u00e1 as\u00ed en cada filial propia que cuenta con edificio, es la mejor manera de celebrar nuestro 43 aniversario a lado de los que m\u00e1s lo necesitan, de que sirve un edificio sin ayudar a la gente, estaremos listos en 72 horas, para ayudar a la gente el tiempo que dure la pandemia\u00bb. Expres\u00f3 Edgar L\u00f3pez Bertrand Jr. Pastor general del Tabern\u00e1culo B\u00edblico Amigos de Israel. <\/p>\n\n\n\n<figure class=\"wp-block-image\"><img decoding=\"async\" loading=\"lazy\" width=\"720\" height=\"405\" src=\"https:\/\/laprensacristiana.com\/wp-content\/uploads\/2020\/04\/FB_IMG_1586400935143-1.jpg\" alt=\"\" class=\"wp-image-8736\" srcset=\"https:\/\/laprensacristiana.com\/wp-content\/uploads\/2020\/04\/FB_IMG_1586400935143-1.jpg 720w, https:\/\/laprensacristiana.com\/wp-content\/uploads\/2020\/04\/FB_IMG_1586400935143-1-300x169.jpg 300w, https:\/\/laprensacristiana.com\/wp-content\/uploads\/2020\/04\/FB_IMG_1586400935143-1-696x392.jpg 696w, https:\/\/laprensacristiana.com\/wp-content\/uploads\/2020\/04\/FB_IMG_1586400935143-1-600x338.jpg 600w\" sizes=\"(max-width: 720px) 100vw, 720px\" \/><\/figure>\n\n\n\n<p><br> Por su parte Asambleas de Dios ha habilitado el Centro de Convenciones CUPINCO, el cual se encuentra en el municipio de Olocuilta, sobre la carretera a Comalapa. Lugar que la conferencia de las Asambleas de Dios utiliza para sus reuniones anuales, d\u00f3nde convocan a los pastores de todo el pa\u00eds, pero en esta ocasi\u00f3n ser\u00e1 un lugar para atender a m\u00e1s de 250 personas con todas la comodidades necesarias para hacerle frente a la pandemia. <br> En esa misma visi\u00f3n la Iglesia Cristiana Kemuel, har\u00e1 honor a su slogan \u00abLevantados por Dios\u00bb, y ser\u00e1 as\u00ed como pondr\u00e1n a disposici\u00f3n sus instalaciones para facilitar espacio para las personas que las autoridades dispongan movilizar a este lugar. <br> La iglesia evang\u00e9lica salvadore\u00f1a mantiene una labor constante de acci\u00f3n social, el cual intensifica en situaciones de emergencia, tal cual como lo est\u00e1 haciendo en tiempos del Coronavirus; con el pasar de los d\u00edas se ir\u00e1n conociendo otras iglesias que tambi\u00e9n abrir\u00e1n sus puertas para ser centros de contenci\u00f3n. <\/p>\n\n\n\n<figure class=\"wp-block-image\"><img decoding=\"async\" loading=\"lazy\" width=\"540\" height=\"960\" src=\"https:\/\/laprensacristiana.com\/wp-content\/uploads\/2020\/04\/FB_IMG_1586400945719.jpg\" alt=\"\" class=\"wp-image-8737\" srcset=\"https:\/\/laprensacristiana.com\/wp-content\/uploads\/2020\/04\/FB_IMG_1586400945719.jpg 540w, https:\/\/laprensacristiana.com\/wp-content\/uploads\/2020\/04\/FB_IMG_1586400945719-169x300.jpg 169w, https:\/\/laprensacristiana.com\/wp-content\/uploads\/2020\/04\/FB_IMG_1586400945719-236x420.jpg 236w\" sizes=\"(max-width: 540px) 100vw, 540px\" \/><\/figure>\n","protected":false},"excerpt":{"rendered":"<p>Como parte de las medidas que el Gobierno de El Salvador y ante la eminente necesidad de espacios que genera la posibilidad de repatriaci\u00f3n de salvadore\u00f1os alrededor del mundo que no han podido entrar al pa\u00eds por el cierre de las fronteras, el Ministerio de Obras P\u00fablicas ha comenzado a gestionar y\u00a0 habilitar iglesias evang\u00e9licas [&hellip;]<\/p>\n","protected":false},"author":3,"featured_media":8735,"comment_status":"open","ping_status":"open","sticky":false,"template":"","format":"standard","meta":[],"categories":[56],"tags":[],"yoast_head":"<!-- This site is optimized with the Yoast SEO plugin v20.8 - https:\/\/yoast.com\/wordpress\/plugins\/seo\/ -->\n<title>Iglesias Evang\u00e9licas ser\u00e1n centros de contenci\u00f3n - La Prensa Cristiana<\/title>\n<meta name=\"robots\" content=\"index, follow, max-snippet:-1, max-image-preview:large, max-video-preview:-1\" \/>\n<link rel=\"canonical\" href=\"https:\/\/laprensacristiana.com\/?p=8732\" \/>\n<meta property=\"og:locale\" content=\"es_ES\" \/>\n<meta property=\"og:type\" content=\"article\" \/>\n<meta property=\"og:title\" content=\"Iglesias Evang\u00e9licas ser\u00e1n centros de contenci\u00f3n - La Prensa Cristiana\" \/>\n<meta property=\"og:description\" content=\"Como parte de las medidas que el Gobierno de El Salvador y ante la eminente necesidad de espacios que genera la posibilidad de repatriaci\u00f3n de salvadore\u00f1os alrededor del mundo que no han podido entrar al pa\u00eds por el cierre de las fronteras, el Ministerio de Obras P\u00fablicas ha comenzado a gestionar y\u00a0 habilitar iglesias evang\u00e9licas [&hellip;]\" \/>\n<meta property=\"og:url\" content=\"https:\/\/laprensacristiana.com\/?p=8732\" \/>\n<meta property=\"og:site_name\" content=\"La Prensa Cristiana\" \/>\n<meta property=\"article:published_time\" content=\"2020-04-09T02:59:30+00:00\" \/>\n<meta property=\"article:modified_time\" content=\"2020-04-09T04:30:31+00:00\" \/>\n<meta property=\"og:image\" content=\"https:\/\/laprensacristiana.com\/wp-content\/uploads\/2020\/04\/FB_IMG_1586400942230.jpg\" \/>\n\t<meta property=\"og:image:width\" content=\"540\" \/>\n\t<meta property=\"og:image:height\" content=\"960\" \/>\n\t<meta property=\"og:image:type\" content=\"image\/jpeg\" \/>\n<meta name=\"author\" content=\"EDITOR\" \/>\n<meta name=\"twitter:card\" content=\"summary_large_image\" \/>\n<meta name=\"twitter:label1\" content=\"Escrito por\" \/>\n\t<meta name=\"twitter:data1\" content=\"EDITOR\" \/>\n\t<meta name=\"twitter:label2\" content=\"Tiempo de lectura\" \/>\n\t<meta name=\"twitter:data2\" content=\"2 minutos\" \/>\n<script type=\"application\/ld+json\" class=\"yoast-schema-graph\">{\"@context\":\"https:\/\/schema.org\",\"@graph\":[{\"@type\":\"WebPage\",\"@id\":\"https:\/\/laprensacristiana.com\/?p=8732\",\"url\":\"https:\/\/laprensacristiana.com\/?p=8732\",\"name\":\"Iglesias Evang\u00e9licas ser\u00e1n centros de contenci\u00f3n - La Prensa Cristiana\",\"isPartOf\":{\"@id\":\"https:\/\/laprensacristiana.com\/#website\"},\"datePublished\":\"2020-04-09T02:59:30+00:00\",\"dateModified\":\"2020-04-09T04:30:31+00:00\",\"author\":{\"@id\":\"https:\/\/laprensacristiana.com\/#\/schema\/person\/3e7d82c6bfd6b1fa67010f8f7cd5256e\"},\"breadcrumb\":{\"@id\":\"https:\/\/laprensacristiana.com\/?p=8732#breadcrumb\"},\"inLanguage\":\"es\",\"potentialAction\":[{\"@type\":\"ReadAction\",\"target\":[\"https:\/\/laprensacristiana.com\/?p=8732\"]}]},{\"@type\":\"BreadcrumbList\",\"@id\":\"https:\/\/laprensacristiana.com\/?p=8732#breadcrumb\",\"itemListElement\":[{\"@type\":\"ListItem\",\"position\":1,\"name\":\"Portada\",\"item\":\"https:\/\/laprensacristiana.com\/\"},{\"@type\":\"ListItem\",\"position\":2,\"name\":\"Iglesias Evang\u00e9licas ser\u00e1n centros de contenci\u00f3n\"}]},{\"@type\":\"WebSite\",\"@id\":\"https:\/\/laprensacristiana.com\/#website\",\"url\":\"https:\/\/laprensacristiana.com\/\",\"name\":\"La Prensa Cristiana\",\"description\":\"Anunciando Las Buenas Nuevas\",\"potentialAction\":[{\"@type\":\"SearchAction\",\"target\":{\"@type\":\"EntryPoint\",\"urlTemplate\":\"https:\/\/laprensacristiana.com\/?s={search_term_string}\"},\"query-input\":\"required name=search_term_string\"}],\"inLanguage\":\"es\"},{\"@type\":\"Person\",\"@id\":\"https:\/\/laprensacristiana.com\/#\/schema\/person\/3e7d82c6bfd6b1fa67010f8f7cd5256e\",\"name\":\"EDITOR\",\"image\":{\"@type\":\"ImageObject\",\"inLanguage\":\"es\",\"@id\":\"https:\/\/laprensacristiana.com\/#\/schema\/person\/image\/\",\"url\":\"https:\/\/secure.gravatar.com\/avatar\/72069dfb6c13772d9e8381e3638666d2?s=96&d=mm&r=g\",\"contentUrl\":\"https:\/\/secure.gravatar.com\/avatar\/72069dfb6c13772d9e8381e3638666d2?s=96&d=mm&r=g\",\"caption\":\"EDITOR\"},\"url\":\"https:\/\/laprensacristiana.com\/?author=3\"}]}<\/script>\n<!-- \/ Yoast SEO plugin. -->","yoast_head_json":{"title":"Iglesias Evang\u00e9licas ser\u00e1n centros de contenci\u00f3n - La Prensa Cristiana","robots":{"index":"index","follow":"follow","max-snippet":"max-snippet:-1","max-image-preview":"max-image-preview:large","max-video-preview":"max-video-preview:-1"},"canonical":"https:\/\/laprensacristiana.com\/?p=8732","og_locale":"es_ES","og_type":"article","og_title":"Iglesias Evang\u00e9licas ser\u00e1n centros de contenci\u00f3n - La Prensa Cristiana","og_description":"Como parte de las medidas que el Gobierno de El Salvador y ante la eminente necesidad de espacios que genera la posibilidad de repatriaci\u00f3n de salvadore\u00f1os alrededor del mundo que no han podido entrar al pa\u00eds por el cierre de las fronteras, el Ministerio de Obras P\u00fablicas ha comenzado a gestionar y\u00a0 habilitar iglesias evang\u00e9licas [&hellip;]","og_url":"https:\/\/laprensacristiana.com\/?p=8732","og_site_name":"La Prensa Cristiana","article_published_time":"2020-04-09T02:59:30+00:00","article_modified_time":"2020-04-09T04:30:31+00:00","og_image":[{"width":540,"height":960,"url":"https:\/\/laprensacristiana.com\/wp-content\/uploads\/2020\/04\/FB_IMG_1586400942230.jpg","type":"image\/jpeg"}],"author":"EDITOR","twitter_card":"summary_large_image","twitter_misc":{"Escrito por":"EDITOR","Tiempo de lectura":"2 minutos"},"schema":{"@context":"https:\/\/schema.org","@graph":[{"@type":"WebPage","@id":"https:\/\/laprensacristiana.com\/?p=8732","url":"https:\/\/laprensacristiana.com\/?p=8732","name":"Iglesias Evang\u00e9licas ser\u00e1n centros de contenci\u00f3n - La Prensa Cristiana","isPartOf":{"@id":"https:\/\/laprensacristiana.com\/#website"},"datePublished":"2020-04-09T02:59:30+00:00","dateModified":"2020-04-09T04:30:31+00:00","author":{"@id":"https:\/\/laprensacristiana.com\/#\/schema\/person\/3e7d82c6bfd6b1fa67010f8f7cd5256e"},"breadcrumb":{"@id":"https:\/\/laprensacristiana.com\/?p=8732#breadcrumb"},"inLanguage":"es","potentialAction":[{"@type":"ReadAction","target":["https:\/\/laprensacristiana.com\/?p=8732"]}]},{"@type":"BreadcrumbList","@id":"https:\/\/laprensacristiana.com\/?p=8732#breadcrumb","itemListElement":[{"@type":"ListItem","position":1,"name":"Portada","item":"https:\/\/laprensacristiana.com\/"},{"@type":"ListItem","position":2,"name":"Iglesias Evang\u00e9licas ser\u00e1n centros de contenci\u00f3n"}]},{"@type":"WebSite","@id":"https:\/\/laprensacristiana.com\/#website","url":"https:\/\/laprensacristiana.com\/","name":"La Prensa Cristiana","description":"Anunciando Las Buenas Nuevas","potentialAction":[{"@type":"SearchAction","target":{"@type":"EntryPoint","urlTemplate":"https:\/\/laprensacristiana.com\/?s={search_term_string}"},"query-input":"required name=search_term_string"}],"inLanguage":"es"},{"@type":"Person","@id":"https:\/\/laprensacristiana.com\/#\/schema\/person\/3e7d82c6bfd6b1fa67010f8f7cd5256e","name":"EDITOR","image":{"@type":"ImageObject","inLanguage":"es","@id":"https:\/\/laprensacristiana.com\/#\/schema\/person\/image\/","url":"https:\/\/secure.gravatar.com\/avatar\/72069dfb6c13772d9e8381e3638666d2?s=96&d=mm&r=g","contentUrl":"https:\/\/secure.gravatar.com\/avatar\/72069dfb6c13772d9e8381e3638666d2?s=96&d=mm&r=g","caption":"EDITOR"},"url":"https:\/\/laprensacristiana.com\/?author=3"}]}},"_links":{"self":[{"href":"https:\/\/laprensacristiana.com\/index.php?rest_route=\/wp\/v2\/posts\/8732"}],"collection":[{"href":"https:\/\/laprensacristiana.com\/index.php?rest_route=\/wp\/v2\/posts"}],"about":[{"href":"https:\/\/laprensacristiana.com\/index.php?rest_route=\/wp\/v2\/types\/post"}],"author":[{"embeddable":true,"href":"https:\/\/laprensacristiana.com\/index.php?rest_route=\/wp\/v2\/users\/3"}],"replies":[{"embeddable":true,"href":"https:\/\/laprensacristiana.com\/index.php?rest_route=%2Fwp%2Fv2%2Fcomments&post=8732"}],"version-history":[{"count":3,"href":"https:\/\/laprensacristiana.com\/index.php?rest_route=\/wp\/v2\/posts\/8732\/revisions"}],"predecessor-version":[{"id":8740,"href":"https:\/\/laprensacristiana.com\/index.php?rest_route=\/wp\/v2\/posts\/8732\/revisions\/8740"}],"wp:featuredmedia":[{"embeddable":true,"href":"https:\/\/laprensacristiana.com\/index.php?rest_route=\/wp\/v2\/media\/8735"}],"wp:attachment":[{"href":"https:\/\/laprensacristiana.com\/index.php?rest_route=%2Fwp%2Fv2%2Fmedia&parent=8732"}],"wp:term":[{"taxonomy":"category","embeddable":true,"href":"https:\/\/laprensacristiana.com\/index.php?rest_route=%2Fwp%2Fv2%2Fcategories&post=8732"},{"taxonomy":"post_tag","embeddable":true,"href":"https:\/\/laprensacristiana.com\/index.php?rest_route=%2Fwp%2Fv2%2Ftags&post=8732"}],"curies":[{"name":"wp","href":"https:\/\/api.w.org\/{rel}","templated":true}]}}