{"id":8744,"date":"2020-04-10T20:44:12","date_gmt":"2020-04-10T20:44:12","guid":{"rendered":"https:\/\/laprensacristiana.com\/?p=8744"},"modified":"2020-04-10T20:44:15","modified_gmt":"2020-04-10T20:44:15","slug":"y-despues-que","status":"publish","type":"post","link":"https:\/\/laprensacristiana.com\/?p=8744","title":{"rendered":"\u00bfY  despu\u00e9s qu\u00e9\u2026?"},"content":{"rendered":"\n<p>Lucas 17:17 \u201cRespondiendo Jes\u00fas, dijo: \u00bfNo fueron diez los que quedaron limpios? Y los otros nueve\u2026 \u00bfd\u00f3nde est\u00e1n?<\/p>\n\n\n\n<p>En una cadena de televisi\u00f3n esta semana vimos al Se\u00f1or Presidente reflejando la m\u00e0s absoluta impotencia con respecto al pueblo del que somos parte. Aunque yo espero que los cristianos tengamos claro que \u201cestamos con ellos, pero no somos de ellos\u201d. Y su frustraci\u00f3n es con respecto a la gente que no quiere obedecer las instrucciones de guardarse en sus casas. Ha tenido que amenazarlos y creo que a\u00fan as\u00ed no est\u00e1n haciendo caso. Y es que si algo tiene el alma humana es ser desagradecidos. No apreciamos lo que otros hacen por y para nosotros. <\/p>\n\n\n\n<p>No valoramos ni la vida, ni nuestras familias, ni mucho menos valoramos lo que el Se\u00f1or hace para mantenernos sanos, vigorosos y libres. En esa cadena de TV pude ver y o\u00edr a un hombre que se siente impotente ante la actitud displicente de su pueblo a quien quiere proteger de la muerte. <\/p>\n\n\n\n<p>Eso no es nada nuevo, Se\u00f1or Presidente. Ya le pas\u00f2 a Jesus. Perm\u00edtanme imaginar esta escena:<\/p>\n\n\n\n<p>Jes\u00f9s ha sanado diez leprosos. Estos hombres estaban deformados. Encerrados en sus callejones oscuros porque la Ley les prohib\u00eda mostrarse al p\u00fablico. Sus cuerpos se estaban cayendo en pedazos. Sus manos y pies estaban llagados. No ten\u00edan ninguna esperanza de poder volver a ser normales. Estaban confinados a vivir separados de todo y de todos. Y eso duele profundamente. M\u00e0s que llagas en el cuerpo, la soledad llaga el alma.<\/p>\n\n\n\n<p>Si algo duele es la soledad. Si algo duele es que no podamos abrazar a otros, saludarnos, darnos un beso. Si algo le duele a una persona es que su c\u00f3nyuge ya no le brinde un beso de buenos d\u00ecas, de buenas noches. Que le agradezca el haber cocinado para \u00e8l o ella. Que le de las gracias por un favor cualquiera. Una cama vac\u00eda del otro lado es doloroso. Salir a la calle sin que nadie nos espere provoca llagas de tristeza en el alma. Saber que no habr\u00e1 nadie que me abra la puerta, que me reciba con un saludo, con una tierna mirada de amor.<\/p>\n\n\n\n<p>Estos diez hombres pasaban por esto y por mucho m\u00e0s. Pero un d\u00eca se encontraron con Jesus. Y Jesus, que es todo amor, los sana. Ellos se van al Templo a mostrarse al Sacerdote. \u00bfY que hace Jesus? Lo que har\u00edamos usted y yo: esperar. Esperar a que nos vengan a dar las gracias. Esperar que venga la hija a darle gracias a mam\u00e1 por haberla criado. Esperar que el hijo venga a ver c\u00f3mo estamos. Esperar que el hombre que dijo que la amar\u00eda venga y reconozca que su t\u00edtulo lo gano gracias a usted. Jes\u00f9s est\u00e1 esperando en medio del bullicio, lanzando miradas al camino a ver cuando regresan los que estaban encerrados en su cuarentena y que fueron limpiados con su Palabra, que fueron liberados de sus llagas, de sus miedos y temores. Jesus no quita la vista a la calzada esperando en qu\u00e9 momento aparecen los diez sanados. Los diez alimentados. Los diez liberados. Los diez protegidos.<\/p>\n\n\n\n<p>Pero \u00a1qu\u00e9 desilusi\u00f3n! Solo lleg\u00f3 uno. \u00bfY los otros nueve? Se fueron a la playa. Se fueron a sus placeres. A sus estadios de futbol. A sus negocios a reponer su dinero. Se fueron a la Ruta de las Flores. Al restaurante. Corrieron a Olocuilta a darse gusto.<\/p>\n\n\n\n<p>Lecci\u00f3n: Nueve de cada diez ser\u00e1n malagradecidos cuando todo esto pase. \u00bfMe har\u00eda el favor de pensar en esto, mi amigo querido? Solo uno regres\u00f3 a la Iglesia. Solo uno dijo \u201cgracias\u201d por haber estado all\u00ed. Por haberme dado consuelo. Por haberme ayudado. Por sus oraciones.<\/p>\n\n\n\n<p>Y eso es precisamente lo que da\u00f1a nuestra relaci\u00f3n con Dios. No darle gracias por lo que estamos pasando es ser desagradecidos. No darle gracias por tenernos en casa evitando ser contagiados es ser mal agradecidos. Es no valorar la vida. Es no valorar lo que somos y lo que tenemos. <\/p>\n\n\n\n<p>Cuando todo esto pase, \u00bfQu\u00e9 vamos a hacer? \u00bfIr a la Casa del Se\u00f1or y darle gracias? \u00bfLlevarle sus ofrendas retenidas, sus diezmos, sus alabanzas, su honor y su Gloria? \u00bfO esperaremos otro virus (\u00a1renuncio!), para aprender a reconocer que sin la ayuda del Se\u00f1or no estar\u00edamos vivos y sanos? No seamos como los nueve leprosos que despu\u00e9s que se vieron libres y sin su lepra, regresaron a sus universidades a terminar sus estudios, a continuar con sus proyectos financieros, con sus planes de boda y se olvidaron de ir a dar gracias a quien les protegi\u00f3 a ellos y sus familias.<\/p>\n\n\n\n<p>SOLI DEO GLORIA<\/p>\n","protected":false},"excerpt":{"rendered":"<p>Lucas 17:17 \u201cRespondiendo Jes\u00fas, dijo: \u00bfNo fueron diez los que quedaron limpios? Y los otros nueve\u2026 \u00bfd\u00f3nde est\u00e1n? En una cadena de televisi\u00f3n esta semana vimos al Se\u00f1or Presidente reflejando la m\u00e0s absoluta impotencia con respecto al pueblo del que somos parte. Aunque yo espero que los cristianos tengamos claro que \u201cestamos con ellos, pero [&hellip;]<\/p>\n","protected":false},"author":3,"featured_media":7949,"comment_status":"open","ping_status":"open","sticky":false,"template":"","format":"standard","meta":[],"categories":[56],"tags":[],"yoast_head":"<!-- This site is optimized with the Yoast SEO plugin v20.8 - https:\/\/yoast.com\/wordpress\/plugins\/seo\/ -->\n<title>\u00bfY despu\u00e9s qu\u00e9\u2026? - La Prensa Cristiana<\/title>\n<meta name=\"robots\" content=\"index, follow, max-snippet:-1, max-image-preview:large, max-video-preview:-1\" \/>\n<link rel=\"canonical\" href=\"https:\/\/laprensacristiana.com\/?p=8744\" \/>\n<meta property=\"og:locale\" content=\"es_ES\" \/>\n<meta property=\"og:type\" content=\"article\" \/>\n<meta property=\"og:title\" content=\"\u00bfY despu\u00e9s qu\u00e9\u2026? - La Prensa Cristiana\" \/>\n<meta property=\"og:description\" content=\"Lucas 17:17 \u201cRespondiendo Jes\u00fas, dijo: \u00bfNo fueron diez los que quedaron limpios? Y los otros nueve\u2026 \u00bfd\u00f3nde est\u00e1n? En una cadena de televisi\u00f3n esta semana vimos al Se\u00f1or Presidente reflejando la m\u00e0s absoluta impotencia con respecto al pueblo del que somos parte. Aunque yo espero que los cristianos tengamos claro que \u201cestamos con ellos, pero [&hellip;]\" \/>\n<meta property=\"og:url\" content=\"https:\/\/laprensacristiana.com\/?p=8744\" \/>\n<meta property=\"og:site_name\" content=\"La Prensa Cristiana\" \/>\n<meta property=\"article:published_time\" content=\"2020-04-10T20:44:12+00:00\" \/>\n<meta property=\"article:modified_time\" content=\"2020-04-10T20:44:15+00:00\" \/>\n<meta property=\"og:image\" content=\"https:\/\/laprensacristiana.com\/wp-content\/uploads\/2020\/01\/2017-11-23-PHOTO-00003245-1.jpg\" \/>\n\t<meta property=\"og:image:width\" content=\"1280\" \/>\n\t<meta property=\"og:image:height\" content=\"714\" \/>\n\t<meta property=\"og:image:type\" content=\"image\/jpeg\" \/>\n<meta name=\"author\" content=\"EDITOR\" \/>\n<meta name=\"twitter:card\" content=\"summary_large_image\" \/>\n<meta name=\"twitter:label1\" content=\"Escrito por\" \/>\n\t<meta name=\"twitter:data1\" content=\"EDITOR\" \/>\n\t<meta name=\"twitter:label2\" content=\"Tiempo de lectura\" \/>\n\t<meta name=\"twitter:data2\" content=\"4 minutos\" \/>\n<script type=\"application\/ld+json\" class=\"yoast-schema-graph\">{\"@context\":\"https:\/\/schema.org\",\"@graph\":[{\"@type\":\"WebPage\",\"@id\":\"https:\/\/laprensacristiana.com\/?p=8744\",\"url\":\"https:\/\/laprensacristiana.com\/?p=8744\",\"name\":\"\u00bfY despu\u00e9s qu\u00e9\u2026? - La Prensa Cristiana\",\"isPartOf\":{\"@id\":\"https:\/\/laprensacristiana.com\/#website\"},\"datePublished\":\"2020-04-10T20:44:12+00:00\",\"dateModified\":\"2020-04-10T20:44:15+00:00\",\"author\":{\"@id\":\"https:\/\/laprensacristiana.com\/#\/schema\/person\/3e7d82c6bfd6b1fa67010f8f7cd5256e\"},\"breadcrumb\":{\"@id\":\"https:\/\/laprensacristiana.com\/?p=8744#breadcrumb\"},\"inLanguage\":\"es\",\"potentialAction\":[{\"@type\":\"ReadAction\",\"target\":[\"https:\/\/laprensacristiana.com\/?p=8744\"]}]},{\"@type\":\"BreadcrumbList\",\"@id\":\"https:\/\/laprensacristiana.com\/?p=8744#breadcrumb\",\"itemListElement\":[{\"@type\":\"ListItem\",\"position\":1,\"name\":\"Portada\",\"item\":\"https:\/\/laprensacristiana.com\/\"},{\"@type\":\"ListItem\",\"position\":2,\"name\":\"\u00bfY despu\u00e9s qu\u00e9\u2026?\"}]},{\"@type\":\"WebSite\",\"@id\":\"https:\/\/laprensacristiana.com\/#website\",\"url\":\"https:\/\/laprensacristiana.com\/\",\"name\":\"La Prensa Cristiana\",\"description\":\"Anunciando Las Buenas Nuevas\",\"potentialAction\":[{\"@type\":\"SearchAction\",\"target\":{\"@type\":\"EntryPoint\",\"urlTemplate\":\"https:\/\/laprensacristiana.com\/?s={search_term_string}\"},\"query-input\":\"required name=search_term_string\"}],\"inLanguage\":\"es\"},{\"@type\":\"Person\",\"@id\":\"https:\/\/laprensacristiana.com\/#\/schema\/person\/3e7d82c6bfd6b1fa67010f8f7cd5256e\",\"name\":\"EDITOR\",\"image\":{\"@type\":\"ImageObject\",\"inLanguage\":\"es\",\"@id\":\"https:\/\/laprensacristiana.com\/#\/schema\/person\/image\/\",\"url\":\"https:\/\/secure.gravatar.com\/avatar\/72069dfb6c13772d9e8381e3638666d2?s=96&d=mm&r=g\",\"contentUrl\":\"https:\/\/secure.gravatar.com\/avatar\/72069dfb6c13772d9e8381e3638666d2?s=96&d=mm&r=g\",\"caption\":\"EDITOR\"},\"url\":\"https:\/\/laprensacristiana.com\/?author=3\"}]}<\/script>\n<!-- \/ Yoast SEO plugin. -->","yoast_head_json":{"title":"\u00bfY despu\u00e9s qu\u00e9\u2026? - La Prensa Cristiana","robots":{"index":"index","follow":"follow","max-snippet":"max-snippet:-1","max-image-preview":"max-image-preview:large","max-video-preview":"max-video-preview:-1"},"canonical":"https:\/\/laprensacristiana.com\/?p=8744","og_locale":"es_ES","og_type":"article","og_title":"\u00bfY despu\u00e9s qu\u00e9\u2026? - La Prensa Cristiana","og_description":"Lucas 17:17 \u201cRespondiendo Jes\u00fas, dijo: \u00bfNo fueron diez los que quedaron limpios? Y los otros nueve\u2026 \u00bfd\u00f3nde est\u00e1n? En una cadena de televisi\u00f3n esta semana vimos al Se\u00f1or Presidente reflejando la m\u00e0s absoluta impotencia con respecto al pueblo del que somos parte. Aunque yo espero que los cristianos tengamos claro que \u201cestamos con ellos, pero [&hellip;]","og_url":"https:\/\/laprensacristiana.com\/?p=8744","og_site_name":"La Prensa Cristiana","article_published_time":"2020-04-10T20:44:12+00:00","article_modified_time":"2020-04-10T20:44:15+00:00","og_image":[{"width":1280,"height":714,"url":"https:\/\/laprensacristiana.com\/wp-content\/uploads\/2020\/01\/2017-11-23-PHOTO-00003245-1.jpg","type":"image\/jpeg"}],"author":"EDITOR","twitter_card":"summary_large_image","twitter_misc":{"Escrito por":"EDITOR","Tiempo de lectura":"4 minutos"},"schema":{"@context":"https:\/\/schema.org","@graph":[{"@type":"WebPage","@id":"https:\/\/laprensacristiana.com\/?p=8744","url":"https:\/\/laprensacristiana.com\/?p=8744","name":"\u00bfY despu\u00e9s qu\u00e9\u2026? - La Prensa Cristiana","isPartOf":{"@id":"https:\/\/laprensacristiana.com\/#website"},"datePublished":"2020-04-10T20:44:12+00:00","dateModified":"2020-04-10T20:44:15+00:00","author":{"@id":"https:\/\/laprensacristiana.com\/#\/schema\/person\/3e7d82c6bfd6b1fa67010f8f7cd5256e"},"breadcrumb":{"@id":"https:\/\/laprensacristiana.com\/?p=8744#breadcrumb"},"inLanguage":"es","potentialAction":[{"@type":"ReadAction","target":["https:\/\/laprensacristiana.com\/?p=8744"]}]},{"@type":"BreadcrumbList","@id":"https:\/\/laprensacristiana.com\/?p=8744#breadcrumb","itemListElement":[{"@type":"ListItem","position":1,"name":"Portada","item":"https:\/\/laprensacristiana.com\/"},{"@type":"ListItem","position":2,"name":"\u00bfY despu\u00e9s qu\u00e9\u2026?"}]},{"@type":"WebSite","@id":"https:\/\/laprensacristiana.com\/#website","url":"https:\/\/laprensacristiana.com\/","name":"La Prensa Cristiana","description":"Anunciando Las Buenas Nuevas","potentialAction":[{"@type":"SearchAction","target":{"@type":"EntryPoint","urlTemplate":"https:\/\/laprensacristiana.com\/?s={search_term_string}"},"query-input":"required name=search_term_string"}],"inLanguage":"es"},{"@type":"Person","@id":"https:\/\/laprensacristiana.com\/#\/schema\/person\/3e7d82c6bfd6b1fa67010f8f7cd5256e","name":"EDITOR","image":{"@type":"ImageObject","inLanguage":"es","@id":"https:\/\/laprensacristiana.com\/#\/schema\/person\/image\/","url":"https:\/\/secure.gravatar.com\/avatar\/72069dfb6c13772d9e8381e3638666d2?s=96&d=mm&r=g","contentUrl":"https:\/\/secure.gravatar.com\/avatar\/72069dfb6c13772d9e8381e3638666d2?s=96&d=mm&r=g","caption":"EDITOR"},"url":"https:\/\/laprensacristiana.com\/?author=3"}]}},"_links":{"self":[{"href":"https:\/\/laprensacristiana.com\/index.php?rest_route=\/wp\/v2\/posts\/8744"}],"collection":[{"href":"https:\/\/laprensacristiana.com\/index.php?rest_route=\/wp\/v2\/posts"}],"about":[{"href":"https:\/\/laprensacristiana.com\/index.php?rest_route=\/wp\/v2\/types\/post"}],"author":[{"embeddable":true,"href":"https:\/\/laprensacristiana.com\/index.php?rest_route=\/wp\/v2\/users\/3"}],"replies":[{"embeddable":true,"href":"https:\/\/laprensacristiana.com\/index.php?rest_route=%2Fwp%2Fv2%2Fcomments&post=8744"}],"version-history":[{"count":1,"href":"https:\/\/laprensacristiana.com\/index.php?rest_route=\/wp\/v2\/posts\/8744\/revisions"}],"predecessor-version":[{"id":8745,"href":"https:\/\/laprensacristiana.com\/index.php?rest_route=\/wp\/v2\/posts\/8744\/revisions\/8745"}],"wp:featuredmedia":[{"embeddable":true,"href":"https:\/\/laprensacristiana.com\/index.php?rest_route=\/wp\/v2\/media\/7949"}],"wp:attachment":[{"href":"https:\/\/laprensacristiana.com\/index.php?rest_route=%2Fwp%2Fv2%2Fmedia&parent=8744"}],"wp:term":[{"taxonomy":"category","embeddable":true,"href":"https:\/\/laprensacristiana.com\/index.php?rest_route=%2Fwp%2Fv2%2Fcategories&post=8744"},{"taxonomy":"post_tag","embeddable":true,"href":"https:\/\/laprensacristiana.com\/index.php?rest_route=%2Fwp%2Fv2%2Ftags&post=8744"}],"curies":[{"name":"wp","href":"https:\/\/api.w.org\/{rel}","templated":true}]}}