{"id":8746,"date":"2020-04-12T04:39:31","date_gmt":"2020-04-12T04:39:31","guid":{"rendered":"https:\/\/laprensacristiana.com\/?p=8746"},"modified":"2020-04-12T04:39:34","modified_gmt":"2020-04-12T04:39:34","slug":"hoy-te-busque","status":"publish","type":"post","link":"https:\/\/laprensacristiana.com\/?p=8746","title":{"rendered":"\u00a1Hoy te busqu\u00e9!"},"content":{"rendered":"\n<p>Por: Edgar L\u00f3pez Bertrand Jr. \/ Pastor General Tabern\u00e1culo B\u00edblico Bautista Amigos de Israel <\/p>\n\n\n\n<p>Hoy quise hablar contigo y me di cuenta de que ya no estabas, record\u00e9 cada una de las palabras que sol\u00edas decirme, cuando caminabas entre nosotros con toda autoridad, y algunas veces con todo el autoritarismo.<\/p>\n\n\n\n<p>Hoy quise platicar contigo para consultar aquellas cosas que para muchos parecen sencillas, pero para muchos otros complicad\u00edsimas.<\/p>\n\n\n\n<p>Hoy quise platicar contigo y hacerte ver cuan dif\u00edcil es la carga que por muchos a\u00f1os llevaste en tus hombros, junto a tu equipo de trabajo y lo hiciste de una manera maravillosa.<\/p>\n\n\n\n<p>Hoy quise platicar contigo para compartir la carga que yo siento en mi coraz\u00f3n, por los menos privilegiados que est\u00e1n en este tremendo problema del COVID 19 fuera y dentro de las fronteras patrias.<\/p>\n\n\n\n<p>Hoy quise platicar contigo y celebrar el 43 aniversario de una organizaci\u00f3n que naci\u00f3 en el coraz\u00f3n de Dios, pero que Dios utiliz\u00f3 tu mente y tu cuerpo para poder edificarla \u2026 y ahora nosotros administr\u00e1ndola 43 a\u00f1os mas tarde damos gracias a Dios.<\/p>\n\n\n\n<p>Hoy quise platicar contigo, de todas aquellas inquietudes que jam\u00e1s quise preguntar \u00bfQu\u00e9 hacer cuando no se que hacer? \u00bfC\u00f3mo saber si es de Dios lo que estoy sintiendo en mi coraz\u00f3n? O \u00bfC\u00f3mo saber si lo que mi corazon siente glorifica a Dios?<\/p>\n\n\n\n<p>Hoy quise platicar contigo, para poder contarte que tus nietos han crecido y que cada uno de ellos ya est\u00e1n involucrados con sus novias, y tal vez con planes a futuro de contraer matrimonio.<\/p>\n\n\n\n<p>Hoy quise platicar contigo, para contarte lo grande que es el equipo de trabajo que Dios me ha permitido tener, que andan todos los d\u00edas expuestos, en el gran San Salvador y sus alrededores llevando la palabra y tambi\u00e9n alimento, en aquellas zonas que aprendimos en los a\u00f1os 80\u00b4s en las mal llamadas: Zonas marginales del gran San Salvador.<\/p>\n\n\n\n<p>Hoy quise platicar contigo, para que vieses&nbsp; los frutos de todos los a\u00f1os que sacrificaste tus semanas santas, por estar aqu\u00ed predicando la palabra de Dios en tu iglesia que tanto te am\u00f3 y que nosotros tanto respetamos, al final de todo al darme cuenta que no pod\u00eda platicar contigo&nbsp; record\u00e9 lo que siempre tu me dec\u00edas: \u201cTIENES QUE HABLAR CON DIOS SIEMPRE\u201d fue ah\u00ed en donde esa tristeza que sent\u00ed por unos minutos se convirti\u00f3 en alegr\u00eda de saber que el mismo mentor tuyo, hoy me lleva a m\u00ed de la misma mano hacia donde \u00e9l quiere que camine.<\/p>\n\n\n\n<p>Fue en ese momento que reaccion\u00e9 y di gracias a Dios porque a trav\u00e9s de todos tus consejos y de todas las predicaciones que hasta el d\u00eda de hoy honramos y escuchamos a nivel nacional e internacional me record\u00f3 que tengo un Dios grande, manso, humilde y sobre todas las cosas un Dios misericordioso.<\/p>\n\n\n\n<p>Al recordar esa inmensa misericordia de Dios, gener\u00f3 en m\u00ed paz, confianza y es por eso por lo que el d\u00eda de hoy ese maravilloso lugar en donde es cuna de pastores, que t\u00fa llamaste edificio Gamaliel abre sus puertas para los menos privilegiados, para aquellos que estar\u00e1n separados de sus familias en cuarentena, en otro t\u00e9rmino, debido al COVID 19 cosa que tu no lograste ver, y gracias a Dios por ello.<\/p>\n\n\n\n<p>Hoy activamos las puertas de la iglesia del Se\u00f1or para ayudar, cuidar y desarrollar a muchos de nuestros hermanos<\/p>\n\n\n\n<p>Hoy en nuestro 43 aniversario vamos a darle gracias a Dios por todas las herramientas que se nos han entregado, para poder edificar no solo edificios, sino edificar personas que es la parte que a nosotros nos corresponde, hoy quiero dar \u00a1Gracias a Dios!<\/p>\n\n\n\n<p>Por haber tenido un mentor, un padre, un pastor y un consejero como t\u00fa que en todo momento ten\u00eda algo que decir, que en todo momento siempre estuvo dispuesto a escuchar. Pero sobre todas las cosas doy gracias a Dios por tener un redentor y un Salvador que me escucha, que me ama, que me entiende y que me comprende y que en su misericordia no nos va a dejar avergonzados,<\/p>\n\n\n\n<p><strong>\u00a1HOY MAS QUE NUNCA GRACIAS!&nbsp;<\/strong><\/p>\n\n\n\n<p><strong>\u00a1HOY MAS QUE NUNCA GRACIAS A TODO EL EQUIPO DE TRABAJO!<\/strong><\/p>\n\n\n\n<p><strong>\u00a1HOY MAS QUE NUNCA GRACIAS SE\u00d1OR POR ESTOS 43 A\u00d1OS!<\/strong><br><\/p>\n","protected":false},"excerpt":{"rendered":"<p>Por: Edgar L\u00f3pez Bertrand Jr. \/ Pastor General Tabern\u00e1culo B\u00edblico Bautista Amigos de Israel Hoy quise hablar contigo y me di cuenta de que ya no estabas, record\u00e9 cada una de las palabras que sol\u00edas decirme, cuando caminabas entre nosotros con toda autoridad, y algunas veces con todo el autoritarismo. Hoy quise platicar contigo para [&hellip;]<\/p>\n","protected":false},"author":3,"featured_media":6079,"comment_status":"open","ping_status":"open","sticky":false,"template":"","format":"standard","meta":[],"categories":[23],"tags":[],"yoast_head":"<!-- This site is optimized with the Yoast SEO plugin v20.8 - https:\/\/yoast.com\/wordpress\/plugins\/seo\/ -->\n<title>\u00a1Hoy te busqu\u00e9! - La Prensa Cristiana<\/title>\n<meta name=\"robots\" content=\"index, follow, max-snippet:-1, max-image-preview:large, max-video-preview:-1\" \/>\n<link rel=\"canonical\" href=\"https:\/\/laprensacristiana.com\/?p=8746\" \/>\n<meta property=\"og:locale\" content=\"es_ES\" \/>\n<meta property=\"og:type\" content=\"article\" \/>\n<meta property=\"og:title\" content=\"\u00a1Hoy te busqu\u00e9! - La Prensa Cristiana\" \/>\n<meta property=\"og:description\" content=\"Por: Edgar L\u00f3pez Bertrand Jr. \/ Pastor General Tabern\u00e1culo B\u00edblico Bautista Amigos de Israel Hoy quise hablar contigo y me di cuenta de que ya no estabas, record\u00e9 cada una de las palabras que sol\u00edas decirme, cuando caminabas entre nosotros con toda autoridad, y algunas veces con todo el autoritarismo. Hoy quise platicar contigo para [&hellip;]\" \/>\n<meta property=\"og:url\" content=\"https:\/\/laprensacristiana.com\/?p=8746\" \/>\n<meta property=\"og:site_name\" content=\"La Prensa Cristiana\" \/>\n<meta property=\"article:published_time\" content=\"2020-04-12T04:39:31+00:00\" \/>\n<meta property=\"article:modified_time\" content=\"2020-04-12T04:39:34+00:00\" \/>\n<meta property=\"og:image\" content=\"https:\/\/laprensacristiana.com\/wp-content\/uploads\/2019\/06\/OPINION-PASTOR-TOBY-JR-01-scaled.jpg\" \/>\n\t<meta property=\"og:image:width\" content=\"2560\" \/>\n\t<meta property=\"og:image:height\" content=\"1429\" \/>\n\t<meta property=\"og:image:type\" content=\"image\/jpeg\" \/>\n<meta name=\"author\" content=\"EDITOR\" \/>\n<meta name=\"twitter:card\" content=\"summary_large_image\" \/>\n<meta name=\"twitter:label1\" content=\"Escrito por\" \/>\n\t<meta name=\"twitter:data1\" content=\"EDITOR\" \/>\n\t<meta name=\"twitter:label2\" content=\"Tiempo de lectura\" \/>\n\t<meta name=\"twitter:data2\" content=\"4 minutos\" \/>\n<script type=\"application\/ld+json\" class=\"yoast-schema-graph\">{\"@context\":\"https:\/\/schema.org\",\"@graph\":[{\"@type\":\"WebPage\",\"@id\":\"https:\/\/laprensacristiana.com\/?p=8746\",\"url\":\"https:\/\/laprensacristiana.com\/?p=8746\",\"name\":\"\u00a1Hoy te busqu\u00e9! - La Prensa Cristiana\",\"isPartOf\":{\"@id\":\"https:\/\/laprensacristiana.com\/#website\"},\"datePublished\":\"2020-04-12T04:39:31+00:00\",\"dateModified\":\"2020-04-12T04:39:34+00:00\",\"author\":{\"@id\":\"https:\/\/laprensacristiana.com\/#\/schema\/person\/3e7d82c6bfd6b1fa67010f8f7cd5256e\"},\"breadcrumb\":{\"@id\":\"https:\/\/laprensacristiana.com\/?p=8746#breadcrumb\"},\"inLanguage\":\"es\",\"potentialAction\":[{\"@type\":\"ReadAction\",\"target\":[\"https:\/\/laprensacristiana.com\/?p=8746\"]}]},{\"@type\":\"BreadcrumbList\",\"@id\":\"https:\/\/laprensacristiana.com\/?p=8746#breadcrumb\",\"itemListElement\":[{\"@type\":\"ListItem\",\"position\":1,\"name\":\"Portada\",\"item\":\"https:\/\/laprensacristiana.com\/\"},{\"@type\":\"ListItem\",\"position\":2,\"name\":\"\u00a1Hoy te busqu\u00e9!\"}]},{\"@type\":\"WebSite\",\"@id\":\"https:\/\/laprensacristiana.com\/#website\",\"url\":\"https:\/\/laprensacristiana.com\/\",\"name\":\"La Prensa Cristiana\",\"description\":\"Anunciando Las Buenas Nuevas\",\"potentialAction\":[{\"@type\":\"SearchAction\",\"target\":{\"@type\":\"EntryPoint\",\"urlTemplate\":\"https:\/\/laprensacristiana.com\/?s={search_term_string}\"},\"query-input\":\"required name=search_term_string\"}],\"inLanguage\":\"es\"},{\"@type\":\"Person\",\"@id\":\"https:\/\/laprensacristiana.com\/#\/schema\/person\/3e7d82c6bfd6b1fa67010f8f7cd5256e\",\"name\":\"EDITOR\",\"image\":{\"@type\":\"ImageObject\",\"inLanguage\":\"es\",\"@id\":\"https:\/\/laprensacristiana.com\/#\/schema\/person\/image\/\",\"url\":\"https:\/\/secure.gravatar.com\/avatar\/72069dfb6c13772d9e8381e3638666d2?s=96&d=mm&r=g\",\"contentUrl\":\"https:\/\/secure.gravatar.com\/avatar\/72069dfb6c13772d9e8381e3638666d2?s=96&d=mm&r=g\",\"caption\":\"EDITOR\"},\"url\":\"https:\/\/laprensacristiana.com\/?author=3\"}]}<\/script>\n<!-- \/ Yoast SEO plugin. -->","yoast_head_json":{"title":"\u00a1Hoy te busqu\u00e9! - La Prensa Cristiana","robots":{"index":"index","follow":"follow","max-snippet":"max-snippet:-1","max-image-preview":"max-image-preview:large","max-video-preview":"max-video-preview:-1"},"canonical":"https:\/\/laprensacristiana.com\/?p=8746","og_locale":"es_ES","og_type":"article","og_title":"\u00a1Hoy te busqu\u00e9! - La Prensa Cristiana","og_description":"Por: Edgar L\u00f3pez Bertrand Jr. \/ Pastor General Tabern\u00e1culo B\u00edblico Bautista Amigos de Israel Hoy quise hablar contigo y me di cuenta de que ya no estabas, record\u00e9 cada una de las palabras que sol\u00edas decirme, cuando caminabas entre nosotros con toda autoridad, y algunas veces con todo el autoritarismo. Hoy quise platicar contigo para [&hellip;]","og_url":"https:\/\/laprensacristiana.com\/?p=8746","og_site_name":"La Prensa Cristiana","article_published_time":"2020-04-12T04:39:31+00:00","article_modified_time":"2020-04-12T04:39:34+00:00","og_image":[{"width":2560,"height":1429,"url":"https:\/\/laprensacristiana.com\/wp-content\/uploads\/2019\/06\/OPINION-PASTOR-TOBY-JR-01-scaled.jpg","type":"image\/jpeg"}],"author":"EDITOR","twitter_card":"summary_large_image","twitter_misc":{"Escrito por":"EDITOR","Tiempo de lectura":"4 minutos"},"schema":{"@context":"https:\/\/schema.org","@graph":[{"@type":"WebPage","@id":"https:\/\/laprensacristiana.com\/?p=8746","url":"https:\/\/laprensacristiana.com\/?p=8746","name":"\u00a1Hoy te busqu\u00e9! - La Prensa Cristiana","isPartOf":{"@id":"https:\/\/laprensacristiana.com\/#website"},"datePublished":"2020-04-12T04:39:31+00:00","dateModified":"2020-04-12T04:39:34+00:00","author":{"@id":"https:\/\/laprensacristiana.com\/#\/schema\/person\/3e7d82c6bfd6b1fa67010f8f7cd5256e"},"breadcrumb":{"@id":"https:\/\/laprensacristiana.com\/?p=8746#breadcrumb"},"inLanguage":"es","potentialAction":[{"@type":"ReadAction","target":["https:\/\/laprensacristiana.com\/?p=8746"]}]},{"@type":"BreadcrumbList","@id":"https:\/\/laprensacristiana.com\/?p=8746#breadcrumb","itemListElement":[{"@type":"ListItem","position":1,"name":"Portada","item":"https:\/\/laprensacristiana.com\/"},{"@type":"ListItem","position":2,"name":"\u00a1Hoy te busqu\u00e9!"}]},{"@type":"WebSite","@id":"https:\/\/laprensacristiana.com\/#website","url":"https:\/\/laprensacristiana.com\/","name":"La Prensa Cristiana","description":"Anunciando Las Buenas Nuevas","potentialAction":[{"@type":"SearchAction","target":{"@type":"EntryPoint","urlTemplate":"https:\/\/laprensacristiana.com\/?s={search_term_string}"},"query-input":"required name=search_term_string"}],"inLanguage":"es"},{"@type":"Person","@id":"https:\/\/laprensacristiana.com\/#\/schema\/person\/3e7d82c6bfd6b1fa67010f8f7cd5256e","name":"EDITOR","image":{"@type":"ImageObject","inLanguage":"es","@id":"https:\/\/laprensacristiana.com\/#\/schema\/person\/image\/","url":"https:\/\/secure.gravatar.com\/avatar\/72069dfb6c13772d9e8381e3638666d2?s=96&d=mm&r=g","contentUrl":"https:\/\/secure.gravatar.com\/avatar\/72069dfb6c13772d9e8381e3638666d2?s=96&d=mm&r=g","caption":"EDITOR"},"url":"https:\/\/laprensacristiana.com\/?author=3"}]}},"_links":{"self":[{"href":"https:\/\/laprensacristiana.com\/index.php?rest_route=\/wp\/v2\/posts\/8746"}],"collection":[{"href":"https:\/\/laprensacristiana.com\/index.php?rest_route=\/wp\/v2\/posts"}],"about":[{"href":"https:\/\/laprensacristiana.com\/index.php?rest_route=\/wp\/v2\/types\/post"}],"author":[{"embeddable":true,"href":"https:\/\/laprensacristiana.com\/index.php?rest_route=\/wp\/v2\/users\/3"}],"replies":[{"embeddable":true,"href":"https:\/\/laprensacristiana.com\/index.php?rest_route=%2Fwp%2Fv2%2Fcomments&post=8746"}],"version-history":[{"count":1,"href":"https:\/\/laprensacristiana.com\/index.php?rest_route=\/wp\/v2\/posts\/8746\/revisions"}],"predecessor-version":[{"id":8747,"href":"https:\/\/laprensacristiana.com\/index.php?rest_route=\/wp\/v2\/posts\/8746\/revisions\/8747"}],"wp:featuredmedia":[{"embeddable":true,"href":"https:\/\/laprensacristiana.com\/index.php?rest_route=\/wp\/v2\/media\/6079"}],"wp:attachment":[{"href":"https:\/\/laprensacristiana.com\/index.php?rest_route=%2Fwp%2Fv2%2Fmedia&parent=8746"}],"wp:term":[{"taxonomy":"category","embeddable":true,"href":"https:\/\/laprensacristiana.com\/index.php?rest_route=%2Fwp%2Fv2%2Fcategories&post=8746"},{"taxonomy":"post_tag","embeddable":true,"href":"https:\/\/laprensacristiana.com\/index.php?rest_route=%2Fwp%2Fv2%2Ftags&post=8746"}],"curies":[{"name":"wp","href":"https:\/\/api.w.org\/{rel}","templated":true}]}}