{"id":8753,"date":"2020-04-15T23:00:55","date_gmt":"2020-04-15T23:00:55","guid":{"rendered":"https:\/\/laprensacristiana.com\/?p=8753"},"modified":"2020-07-01T19:38:14","modified_gmt":"2020-07-01T19:38:14","slug":"paz-en-medio-de-la-tormenta","status":"publish","type":"post","link":"https:\/\/laprensacristiana.com\/?p=8753","title":{"rendered":"Paz en medio de la tormenta."},"content":{"rendered":"\n<p>El apocalipsis de Isa\u00edas\u00a0declara:\u00a0\u201cT\u00fa guardar\u00e1s en completa paz a aquel cuyo pensamiento en ti persevera, porque en ti ha confiado\u201d<\/p>\n\n\n\n<p>Ciertamente cuan gratificante es meditar en la riqueza de conocimiento y paz que encontramos en las sagradas escrituras; en todo tiempo y m\u00e1s en este, en el cual el desanimo y miedo, pueden aflorar en nosotros. Es&nbsp;conocido&nbsp;que lo que este m\u00e1s fuerte dentro nuestro regir\u00e1 nuestra voluntad, raz\u00f3n por la cual considero importante saciarnos del conocimiento de lo sobre natural para estar en pie, en tanto pasa esta tormenta mundial. Basta&nbsp;con mirar un par de&nbsp;minutos&nbsp;las&nbsp;noticias&nbsp;nacionales e internacionales,&nbsp;para poder sentir&nbsp;a trav\u00e9s de las im\u00e1genes&nbsp;de desolaci\u00f3n&nbsp;y cifras&nbsp;de infectados y fallecidos,&nbsp;el fuerte impacto de un diluvio de cosas nunca antes vistas, que permite saber a exactitud que estamos en medio de una tormenta de miedo, lutoy&nbsp;perplejidad por lo porvenir, &nbsp; pero&nbsp;a\u00fan&nbsp;en este estado&nbsp;seguimos teniendo el control de la fuente que dejamos correr en nuestro interior que determinara nuestro pensamiento y actitud, nuestra voz interior, que podr\u00eda estarnos hablando \u00fanicamente de temor y angustia, versus la voz de Dios que siempre en todo tiempo y circunstancias nos permitir\u00e1 experimentar paz en medio de la tormenta.&nbsp;Misma&nbsp;que experimentaron los disc\u00edpulos de Jes\u00fas&nbsp;estando con \u00e9l, en una barca en alta mar en medio de una gran tempestad en la que las olas cubr\u00edan la barca, aquellos hombres atemorizados alzaron sus voces para pedirle a Jes\u00fas que los librar\u00e1&nbsp;de perecer en esa tormenta. Jes\u00fas que dorm\u00eda, se levant\u00f3 al escucharlos temerosos y sin fe, reprendi\u00f3 a los vientos y al mar, y sobrevino una gran calma, (Mateo 8:23)<\/p>\n\n\n\n<p>Ciertamente&nbsp;no estamos en una barca en medio del mar,&nbsp;pero de&nbsp;igual&nbsp;manera que aquellos,&nbsp;estamos siendo sacudidos por los fuertes vientos del virus que amenaza toda la tierra, y sus olas gigantescas cubren&nbsp;las paredes de nuestra mente con vacilaci\u00f3n para confiar en que si Jes\u00fas esta en nuestra barca estaremos a salvo y tocaremos tierra firme.&nbsp;Ser\u00e1 justamente en ese momento en el cual deberemos preguntarnos \u00bfPara que Dios nos salv\u00f3? &nbsp;Convencida estoy que ser\u00e1 para que testifiquemos&nbsp;a otros que pacientemente esperamos a Jehov\u00e1 y el escucho nuestro clamor y nos saco del poso de desesperaci\u00f3n.<\/p>\n\n\n\n<p>Esta tormenta al igual que otras tambi\u00e9n pasar\u00e1, pero en tanto dura debemos de alimentarnos a diario con las buenas nuevas de Dios y aprender a dejar todos nuestros temores de lo porvenir en sus manos, conociendo que el af\u00e1n y la ansiedad en nada abonan a nuestra econom\u00eda, salud, cuarentena domiciliar, etc.<\/p>\n\n\n\n<p>Tenemos una gama de opciones para atravesar esta tempestad, yo he escogido la que considero perfecta para m\u00ed y es confiar en la voluntad de Dios que fue, es y ser\u00e1 perfecta.&nbsp;Cada ma\u00f1ana le recito a mi alma palabras de esperanza como las escritas en el salmo 121.&nbsp;Esto para llenar mi mente y coraz\u00f3n con palabras que sacian de bien y activan una buena actitud en m\u00ed, de cara a los hechos. &nbsp;<\/p>\n\n\n\n<p>Sigamos conteniendo la propagaci\u00f3n de Covid-19, permaneciendo en casa congregados en familia,&nbsp;esperando con confianza y fe, el d\u00eda cercano en que Dios quitar\u00e1 el furor de este,&nbsp;del&nbsp;mundo;&nbsp;para dar lugar a&nbsp;un nuevo comienzo&nbsp;en nuestra historia de vida.<\/p>\n\n\n\n<p>Pensamiento final<\/p>\n\n\n\n<p>JOB 22:23-28.<\/p>\n","protected":false},"excerpt":{"rendered":"<p>El apocalipsis de Isa\u00edas\u00a0declara:\u00a0\u201cT\u00fa guardar\u00e1s en completa paz a aquel cuyo pensamiento en ti persevera, porque en ti ha confiado\u201d Ciertamente cuan gratificante es meditar en la riqueza de conocimiento y paz que encontramos en las sagradas escrituras; en todo tiempo y m\u00e1s en este, en el cual el desanimo y miedo, pueden aflorar en [&hellip;]<\/p>\n","protected":false},"author":3,"featured_media":8721,"comment_status":"open","ping_status":"open","sticky":false,"template":"","format":"standard","meta":[],"categories":[36],"tags":[],"yoast_head":"<!-- This site is optimized with the Yoast SEO plugin v20.8 - https:\/\/yoast.com\/wordpress\/plugins\/seo\/ -->\n<title>Paz en medio de la tormenta. - La Prensa Cristiana<\/title>\n<meta name=\"robots\" content=\"index, follow, max-snippet:-1, max-image-preview:large, max-video-preview:-1\" \/>\n<link rel=\"canonical\" href=\"https:\/\/laprensacristiana.com\/?p=8753\" \/>\n<meta property=\"og:locale\" content=\"es_ES\" \/>\n<meta property=\"og:type\" content=\"article\" \/>\n<meta property=\"og:title\" content=\"Paz en medio de la tormenta. - La Prensa Cristiana\" \/>\n<meta property=\"og:description\" content=\"El apocalipsis de Isa\u00edas\u00a0declara:\u00a0\u201cT\u00fa guardar\u00e1s en completa paz a aquel cuyo pensamiento en ti persevera, porque en ti ha confiado\u201d Ciertamente cuan gratificante es meditar en la riqueza de conocimiento y paz que encontramos en las sagradas escrituras; en todo tiempo y m\u00e1s en este, en el cual el desanimo y miedo, pueden aflorar en [&hellip;]\" \/>\n<meta property=\"og:url\" content=\"https:\/\/laprensacristiana.com\/?p=8753\" \/>\n<meta property=\"og:site_name\" content=\"La Prensa Cristiana\" \/>\n<meta property=\"article:published_time\" content=\"2020-04-15T23:00:55+00:00\" \/>\n<meta property=\"article:modified_time\" content=\"2020-07-01T19:38:14+00:00\" \/>\n<meta property=\"og:image\" content=\"https:\/\/laprensacristiana.com\/wp-content\/uploads\/2020\/04\/JULY-LPG-2017.jpg\" \/>\n\t<meta property=\"og:image:width\" content=\"1240\" \/>\n\t<meta property=\"og:image:height\" content=\"692\" \/>\n\t<meta property=\"og:image:type\" content=\"image\/jpeg\" \/>\n<meta name=\"author\" content=\"EDITOR\" \/>\n<meta name=\"twitter:card\" content=\"summary_large_image\" \/>\n<meta name=\"twitter:label1\" content=\"Escrito por\" \/>\n\t<meta name=\"twitter:data1\" content=\"EDITOR\" \/>\n\t<meta name=\"twitter:label2\" content=\"Tiempo de lectura\" \/>\n\t<meta name=\"twitter:data2\" content=\"3 minutos\" \/>\n<script type=\"application\/ld+json\" class=\"yoast-schema-graph\">{\"@context\":\"https:\/\/schema.org\",\"@graph\":[{\"@type\":\"WebPage\",\"@id\":\"https:\/\/laprensacristiana.com\/?p=8753\",\"url\":\"https:\/\/laprensacristiana.com\/?p=8753\",\"name\":\"Paz en medio de la tormenta. - La Prensa Cristiana\",\"isPartOf\":{\"@id\":\"https:\/\/laprensacristiana.com\/#website\"},\"datePublished\":\"2020-04-15T23:00:55+00:00\",\"dateModified\":\"2020-07-01T19:38:14+00:00\",\"author\":{\"@id\":\"https:\/\/laprensacristiana.com\/#\/schema\/person\/3e7d82c6bfd6b1fa67010f8f7cd5256e\"},\"breadcrumb\":{\"@id\":\"https:\/\/laprensacristiana.com\/?p=8753#breadcrumb\"},\"inLanguage\":\"es\",\"potentialAction\":[{\"@type\":\"ReadAction\",\"target\":[\"https:\/\/laprensacristiana.com\/?p=8753\"]}]},{\"@type\":\"BreadcrumbList\",\"@id\":\"https:\/\/laprensacristiana.com\/?p=8753#breadcrumb\",\"itemListElement\":[{\"@type\":\"ListItem\",\"position\":1,\"name\":\"Portada\",\"item\":\"https:\/\/laprensacristiana.com\/\"},{\"@type\":\"ListItem\",\"position\":2,\"name\":\"Paz en medio de la tormenta.\"}]},{\"@type\":\"WebSite\",\"@id\":\"https:\/\/laprensacristiana.com\/#website\",\"url\":\"https:\/\/laprensacristiana.com\/\",\"name\":\"La Prensa Cristiana\",\"description\":\"Anunciando Las Buenas Nuevas\",\"potentialAction\":[{\"@type\":\"SearchAction\",\"target\":{\"@type\":\"EntryPoint\",\"urlTemplate\":\"https:\/\/laprensacristiana.com\/?s={search_term_string}\"},\"query-input\":\"required name=search_term_string\"}],\"inLanguage\":\"es\"},{\"@type\":\"Person\",\"@id\":\"https:\/\/laprensacristiana.com\/#\/schema\/person\/3e7d82c6bfd6b1fa67010f8f7cd5256e\",\"name\":\"EDITOR\",\"image\":{\"@type\":\"ImageObject\",\"inLanguage\":\"es\",\"@id\":\"https:\/\/laprensacristiana.com\/#\/schema\/person\/image\/\",\"url\":\"https:\/\/secure.gravatar.com\/avatar\/72069dfb6c13772d9e8381e3638666d2?s=96&d=mm&r=g\",\"contentUrl\":\"https:\/\/secure.gravatar.com\/avatar\/72069dfb6c13772d9e8381e3638666d2?s=96&d=mm&r=g\",\"caption\":\"EDITOR\"},\"url\":\"https:\/\/laprensacristiana.com\/?author=3\"}]}<\/script>\n<!-- \/ Yoast SEO plugin. -->","yoast_head_json":{"title":"Paz en medio de la tormenta. - La Prensa Cristiana","robots":{"index":"index","follow":"follow","max-snippet":"max-snippet:-1","max-image-preview":"max-image-preview:large","max-video-preview":"max-video-preview:-1"},"canonical":"https:\/\/laprensacristiana.com\/?p=8753","og_locale":"es_ES","og_type":"article","og_title":"Paz en medio de la tormenta. - La Prensa Cristiana","og_description":"El apocalipsis de Isa\u00edas\u00a0declara:\u00a0\u201cT\u00fa guardar\u00e1s en completa paz a aquel cuyo pensamiento en ti persevera, porque en ti ha confiado\u201d Ciertamente cuan gratificante es meditar en la riqueza de conocimiento y paz que encontramos en las sagradas escrituras; en todo tiempo y m\u00e1s en este, en el cual el desanimo y miedo, pueden aflorar en [&hellip;]","og_url":"https:\/\/laprensacristiana.com\/?p=8753","og_site_name":"La Prensa Cristiana","article_published_time":"2020-04-15T23:00:55+00:00","article_modified_time":"2020-07-01T19:38:14+00:00","og_image":[{"width":1240,"height":692,"url":"https:\/\/laprensacristiana.com\/wp-content\/uploads\/2020\/04\/JULY-LPG-2017.jpg","type":"image\/jpeg"}],"author":"EDITOR","twitter_card":"summary_large_image","twitter_misc":{"Escrito por":"EDITOR","Tiempo de lectura":"3 minutos"},"schema":{"@context":"https:\/\/schema.org","@graph":[{"@type":"WebPage","@id":"https:\/\/laprensacristiana.com\/?p=8753","url":"https:\/\/laprensacristiana.com\/?p=8753","name":"Paz en medio de la tormenta. - La Prensa Cristiana","isPartOf":{"@id":"https:\/\/laprensacristiana.com\/#website"},"datePublished":"2020-04-15T23:00:55+00:00","dateModified":"2020-07-01T19:38:14+00:00","author":{"@id":"https:\/\/laprensacristiana.com\/#\/schema\/person\/3e7d82c6bfd6b1fa67010f8f7cd5256e"},"breadcrumb":{"@id":"https:\/\/laprensacristiana.com\/?p=8753#breadcrumb"},"inLanguage":"es","potentialAction":[{"@type":"ReadAction","target":["https:\/\/laprensacristiana.com\/?p=8753"]}]},{"@type":"BreadcrumbList","@id":"https:\/\/laprensacristiana.com\/?p=8753#breadcrumb","itemListElement":[{"@type":"ListItem","position":1,"name":"Portada","item":"https:\/\/laprensacristiana.com\/"},{"@type":"ListItem","position":2,"name":"Paz en medio de la tormenta."}]},{"@type":"WebSite","@id":"https:\/\/laprensacristiana.com\/#website","url":"https:\/\/laprensacristiana.com\/","name":"La Prensa Cristiana","description":"Anunciando Las Buenas Nuevas","potentialAction":[{"@type":"SearchAction","target":{"@type":"EntryPoint","urlTemplate":"https:\/\/laprensacristiana.com\/?s={search_term_string}"},"query-input":"required name=search_term_string"}],"inLanguage":"es"},{"@type":"Person","@id":"https:\/\/laprensacristiana.com\/#\/schema\/person\/3e7d82c6bfd6b1fa67010f8f7cd5256e","name":"EDITOR","image":{"@type":"ImageObject","inLanguage":"es","@id":"https:\/\/laprensacristiana.com\/#\/schema\/person\/image\/","url":"https:\/\/secure.gravatar.com\/avatar\/72069dfb6c13772d9e8381e3638666d2?s=96&d=mm&r=g","contentUrl":"https:\/\/secure.gravatar.com\/avatar\/72069dfb6c13772d9e8381e3638666d2?s=96&d=mm&r=g","caption":"EDITOR"},"url":"https:\/\/laprensacristiana.com\/?author=3"}]}},"_links":{"self":[{"href":"https:\/\/laprensacristiana.com\/index.php?rest_route=\/wp\/v2\/posts\/8753"}],"collection":[{"href":"https:\/\/laprensacristiana.com\/index.php?rest_route=\/wp\/v2\/posts"}],"about":[{"href":"https:\/\/laprensacristiana.com\/index.php?rest_route=\/wp\/v2\/types\/post"}],"author":[{"embeddable":true,"href":"https:\/\/laprensacristiana.com\/index.php?rest_route=\/wp\/v2\/users\/3"}],"replies":[{"embeddable":true,"href":"https:\/\/laprensacristiana.com\/index.php?rest_route=%2Fwp%2Fv2%2Fcomments&post=8753"}],"version-history":[{"count":1,"href":"https:\/\/laprensacristiana.com\/index.php?rest_route=\/wp\/v2\/posts\/8753\/revisions"}],"predecessor-version":[{"id":8754,"href":"https:\/\/laprensacristiana.com\/index.php?rest_route=\/wp\/v2\/posts\/8753\/revisions\/8754"}],"wp:featuredmedia":[{"embeddable":true,"href":"https:\/\/laprensacristiana.com\/index.php?rest_route=\/wp\/v2\/media\/8721"}],"wp:attachment":[{"href":"https:\/\/laprensacristiana.com\/index.php?rest_route=%2Fwp%2Fv2%2Fmedia&parent=8753"}],"wp:term":[{"taxonomy":"category","embeddable":true,"href":"https:\/\/laprensacristiana.com\/index.php?rest_route=%2Fwp%2Fv2%2Fcategories&post=8753"},{"taxonomy":"post_tag","embeddable":true,"href":"https:\/\/laprensacristiana.com\/index.php?rest_route=%2Fwp%2Fv2%2Ftags&post=8753"}],"curies":[{"name":"wp","href":"https:\/\/api.w.org\/{rel}","templated":true}]}}