{"id":8756,"date":"2020-04-17T20:40:17","date_gmt":"2020-04-17T20:40:17","guid":{"rendered":"https:\/\/laprensacristiana.com\/?p=8756"},"modified":"2020-04-17T20:40:19","modified_gmt":"2020-04-17T20:40:19","slug":"saulo","status":"publish","type":"post","link":"https:\/\/laprensacristiana.com\/?p=8756","title":{"rendered":"Saulo"},"content":{"rendered":"\n<p>Hechos 7:58 \u201cY ech\u00e1ndolo fuera de la ciudad, comenzaron a apedrearle; y los testigos pusieron sus mantos a los pies de un joven llamado Saulo\u201d<\/p>\n\n\n\n<p>Se han hecho pel\u00edculas sobre este doloroso episodio del primer m\u00e1rtir del Nuevo Testamento. Se habla mucho sobre el martirio de Esteban, incluso se toma de ejemplo como fortaleza y fe en el llamado de Dios para nosotros.<\/p>\n\n\n\n<p>Y es que p\u00fablicamente el protagonista de la historia es precisamente el m\u00e1rtir creyente en Jesus. Se habla de su discurso sobre c\u00f3mo se expres\u00f3 tan sabiamente sobre los hechos del Se\u00f1or en el Antiguo Testamento.<\/p>\n\n\n\n<p>El rechazo de las autoridades de la religi\u00f3n establecida en aquellos tiempos. Las piedras. El Cielo abierto y la conducta tenaz y valiente del joven m\u00e1rtir son motivos de estudio por muchos a\u00f1os en la iglesia. <\/p>\n\n\n\n<p>Y todo eso es cierto. Tiene su valor.<\/p>\n\n\n\n<p>Pero yo quiero presentar una metalectura del mismo relato. Porque escondida en esa triste y hermosa historia de lo que es la fe, hay una perla escondida. Vamos a escarbar un poco m\u00e0s profundo en ese relato.<\/p>\n\n\n\n<p>En medio de la multitud que est\u00e1 haciendo toda la bulla, los reclamos, los legalistas y religiosos que no aceptaban que se les confrontara, hay un joven fariseo. Se llama Saulo. Es un fariseo de pura cepa. Est\u00e1 observando la conducta del m\u00e1rtir que en lugar de insultar a sus verdugos, los bendice. En vez de hacer reclamos para que le perdonen la vida, m\u00e0s los azuza al decirles la Verdad de Dios. Saulo est\u00e1 en silencio, guardando la ropa de los que est\u00e1n tirando piedras. Est\u00e1 de acuerdo con ellos en que hay que acabar con esa lacra de gentes sin educaci\u00f3n que han blasfemado del Dios de Israel. Son personas que hay que quitar del vecindario porque no comparten sus vicios religiosos. Hay que evitar que otros sean como este ignorante que debe ser apedreado hasta morir porque personas como \u00e8l, han dejado sus tradiciones, fiestas sagradas y leyes que deben regir la conducta de todo jud\u00eco.<\/p>\n\n\n\n<p>Saulo est\u00e1 de acuerdo en todo. <\/p>\n\n\n\n<p>Pero tambi\u00e9n, en alg\u00fan momento del tormento, algo empieza a carcomer el alma de Saulo. Se queda aparentemente imp\u00e1vido observando como sus paisanos est\u00e1n martirizando a ese joven que se atreve a desafiar al dolor, a los golpes, las piedras y que con una leve sonrisa en los labios alza sus ojos al Cielo y parece estar viendo algo que Saulo no termina de comprender. <\/p>\n\n\n\n<p>Saulo est\u00e1, en silencio consigo mismo, analizando como buen fariseo y religioso, como es que ese muchacho aguanta tanto por un hombre  que dijo que era el Hijo de Dios y que hace poco muri\u00f3 en una cruz. Se pregunta indudablemente, de donde saca esa fuerza interna para soportar la muerte por lapidaci\u00f3n sin siquiera defenderse. Saulo est\u00e1 siendo confrontado internamente con su base teol\u00f3gica. Con sus columnas que la Ley no le ha ense\u00f1ado. Saulo est\u00e1 siendo puesto en una encrucijada por el testimonio de ese muchacho que se atreve a romper los paradigmas religiosos de su tiempo.<\/p>\n\n\n\n<p>En la mente de Saulo hay una confusi\u00f3n de pensamientos. Ni Shamai ni Hillel -los maestros de Israel por antonomasia-, le han ense\u00f1ado nada de lo que ese joven menciona. Es cierto, conoce la Torah. Conoce la Ley. Es experto e intachable en su vida religiosa. Jam\u00e1s ha comido cerdo. Nunca ha insultado a nadie. Ha cumplido la Ley perfectamente. Pero este muchacho le est\u00e1 moviendo sus cimientos. El testimonio de ese joven le est\u00e1 haciendo ver que hay otro Camino que \u00e8l no conoce y que se niega a conocer.<\/p>\n\n\n\n<p>Saulo, en ese espect\u00e1culo de sangre y dolor, fue vulnerado en su fe. La sola presencia de Esteban recibiendo pedradas con una sonrisa en sus labios provoc\u00f3 que el gran Saulo de Tarso se convirtiera despu\u00e9s en el gran Pablo, instrumento de Jesus. Perito arquitecto de la Iglesia de Cristo. Todo por el testimonio valiente de un joven como Esteban.<\/p>\n\n\n\n<p>Lo est\u00e1n observando, mi querido hermano. Los fariseos de este tiempo est\u00e1n observando qu\u00e9 hace usted en su casa, como se comporta, como \u201caguanta\u201d sin gritar ni proferir insultos. En su vecindario hay alg\u00fan saulo que necesita ser transformado por su vida que est\u00e1 siendo observada.<\/p>\n\n\n\n<p>SOLI DEO GLORIA<\/p>\n","protected":false},"excerpt":{"rendered":"<p>Hechos 7:58 \u201cY ech\u00e1ndolo fuera de la ciudad, comenzaron a apedrearle; y los testigos pusieron sus mantos a los pies de un joven llamado Saulo\u201d Se han hecho pel\u00edculas sobre este doloroso episodio del primer m\u00e1rtir del Nuevo Testamento. Se habla mucho sobre el martirio de Esteban, incluso se toma de ejemplo como fortaleza y [&hellip;]<\/p>\n","protected":false},"author":3,"featured_media":7949,"comment_status":"open","ping_status":"open","sticky":false,"template":"","format":"standard","meta":[],"categories":[36],"tags":[],"yoast_head":"<!-- This site is optimized with the Yoast SEO plugin v20.8 - https:\/\/yoast.com\/wordpress\/plugins\/seo\/ -->\n<title>Saulo - La Prensa Cristiana<\/title>\n<meta name=\"robots\" content=\"index, follow, max-snippet:-1, max-image-preview:large, max-video-preview:-1\" \/>\n<link rel=\"canonical\" href=\"https:\/\/laprensacristiana.com\/?p=8756\" \/>\n<meta property=\"og:locale\" content=\"es_ES\" \/>\n<meta property=\"og:type\" content=\"article\" \/>\n<meta property=\"og:title\" content=\"Saulo - La Prensa Cristiana\" \/>\n<meta property=\"og:description\" content=\"Hechos 7:58 \u201cY ech\u00e1ndolo fuera de la ciudad, comenzaron a apedrearle; y los testigos pusieron sus mantos a los pies de un joven llamado Saulo\u201d Se han hecho pel\u00edculas sobre este doloroso episodio del primer m\u00e1rtir del Nuevo Testamento. Se habla mucho sobre el martirio de Esteban, incluso se toma de ejemplo como fortaleza y [&hellip;]\" \/>\n<meta property=\"og:url\" content=\"https:\/\/laprensacristiana.com\/?p=8756\" \/>\n<meta property=\"og:site_name\" content=\"La Prensa Cristiana\" \/>\n<meta property=\"article:published_time\" content=\"2020-04-17T20:40:17+00:00\" \/>\n<meta property=\"article:modified_time\" content=\"2020-04-17T20:40:19+00:00\" \/>\n<meta property=\"og:image\" content=\"https:\/\/laprensacristiana.com\/wp-content\/uploads\/2020\/01\/2017-11-23-PHOTO-00003245-1.jpg\" \/>\n\t<meta property=\"og:image:width\" content=\"1280\" \/>\n\t<meta property=\"og:image:height\" content=\"714\" \/>\n\t<meta property=\"og:image:type\" content=\"image\/jpeg\" \/>\n<meta name=\"author\" content=\"EDITOR\" \/>\n<meta name=\"twitter:card\" content=\"summary_large_image\" \/>\n<meta name=\"twitter:label1\" content=\"Escrito por\" \/>\n\t<meta name=\"twitter:data1\" content=\"EDITOR\" \/>\n\t<meta name=\"twitter:label2\" content=\"Tiempo de lectura\" \/>\n\t<meta name=\"twitter:data2\" content=\"4 minutos\" \/>\n<script type=\"application\/ld+json\" class=\"yoast-schema-graph\">{\"@context\":\"https:\/\/schema.org\",\"@graph\":[{\"@type\":\"WebPage\",\"@id\":\"https:\/\/laprensacristiana.com\/?p=8756\",\"url\":\"https:\/\/laprensacristiana.com\/?p=8756\",\"name\":\"Saulo - La Prensa Cristiana\",\"isPartOf\":{\"@id\":\"https:\/\/laprensacristiana.com\/#website\"},\"datePublished\":\"2020-04-17T20:40:17+00:00\",\"dateModified\":\"2020-04-17T20:40:19+00:00\",\"author\":{\"@id\":\"https:\/\/laprensacristiana.com\/#\/schema\/person\/3e7d82c6bfd6b1fa67010f8f7cd5256e\"},\"breadcrumb\":{\"@id\":\"https:\/\/laprensacristiana.com\/?p=8756#breadcrumb\"},\"inLanguage\":\"es\",\"potentialAction\":[{\"@type\":\"ReadAction\",\"target\":[\"https:\/\/laprensacristiana.com\/?p=8756\"]}]},{\"@type\":\"BreadcrumbList\",\"@id\":\"https:\/\/laprensacristiana.com\/?p=8756#breadcrumb\",\"itemListElement\":[{\"@type\":\"ListItem\",\"position\":1,\"name\":\"Portada\",\"item\":\"https:\/\/laprensacristiana.com\/\"},{\"@type\":\"ListItem\",\"position\":2,\"name\":\"Saulo\"}]},{\"@type\":\"WebSite\",\"@id\":\"https:\/\/laprensacristiana.com\/#website\",\"url\":\"https:\/\/laprensacristiana.com\/\",\"name\":\"La Prensa Cristiana\",\"description\":\"Anunciando Las Buenas Nuevas\",\"potentialAction\":[{\"@type\":\"SearchAction\",\"target\":{\"@type\":\"EntryPoint\",\"urlTemplate\":\"https:\/\/laprensacristiana.com\/?s={search_term_string}\"},\"query-input\":\"required name=search_term_string\"}],\"inLanguage\":\"es\"},{\"@type\":\"Person\",\"@id\":\"https:\/\/laprensacristiana.com\/#\/schema\/person\/3e7d82c6bfd6b1fa67010f8f7cd5256e\",\"name\":\"EDITOR\",\"image\":{\"@type\":\"ImageObject\",\"inLanguage\":\"es\",\"@id\":\"https:\/\/laprensacristiana.com\/#\/schema\/person\/image\/\",\"url\":\"https:\/\/secure.gravatar.com\/avatar\/72069dfb6c13772d9e8381e3638666d2?s=96&d=mm&r=g\",\"contentUrl\":\"https:\/\/secure.gravatar.com\/avatar\/72069dfb6c13772d9e8381e3638666d2?s=96&d=mm&r=g\",\"caption\":\"EDITOR\"},\"url\":\"https:\/\/laprensacristiana.com\/?author=3\"}]}<\/script>\n<!-- \/ Yoast SEO plugin. -->","yoast_head_json":{"title":"Saulo - La Prensa Cristiana","robots":{"index":"index","follow":"follow","max-snippet":"max-snippet:-1","max-image-preview":"max-image-preview:large","max-video-preview":"max-video-preview:-1"},"canonical":"https:\/\/laprensacristiana.com\/?p=8756","og_locale":"es_ES","og_type":"article","og_title":"Saulo - La Prensa Cristiana","og_description":"Hechos 7:58 \u201cY ech\u00e1ndolo fuera de la ciudad, comenzaron a apedrearle; y los testigos pusieron sus mantos a los pies de un joven llamado Saulo\u201d Se han hecho pel\u00edculas sobre este doloroso episodio del primer m\u00e1rtir del Nuevo Testamento. Se habla mucho sobre el martirio de Esteban, incluso se toma de ejemplo como fortaleza y [&hellip;]","og_url":"https:\/\/laprensacristiana.com\/?p=8756","og_site_name":"La Prensa Cristiana","article_published_time":"2020-04-17T20:40:17+00:00","article_modified_time":"2020-04-17T20:40:19+00:00","og_image":[{"width":1280,"height":714,"url":"https:\/\/laprensacristiana.com\/wp-content\/uploads\/2020\/01\/2017-11-23-PHOTO-00003245-1.jpg","type":"image\/jpeg"}],"author":"EDITOR","twitter_card":"summary_large_image","twitter_misc":{"Escrito por":"EDITOR","Tiempo de lectura":"4 minutos"},"schema":{"@context":"https:\/\/schema.org","@graph":[{"@type":"WebPage","@id":"https:\/\/laprensacristiana.com\/?p=8756","url":"https:\/\/laprensacristiana.com\/?p=8756","name":"Saulo - La Prensa Cristiana","isPartOf":{"@id":"https:\/\/laprensacristiana.com\/#website"},"datePublished":"2020-04-17T20:40:17+00:00","dateModified":"2020-04-17T20:40:19+00:00","author":{"@id":"https:\/\/laprensacristiana.com\/#\/schema\/person\/3e7d82c6bfd6b1fa67010f8f7cd5256e"},"breadcrumb":{"@id":"https:\/\/laprensacristiana.com\/?p=8756#breadcrumb"},"inLanguage":"es","potentialAction":[{"@type":"ReadAction","target":["https:\/\/laprensacristiana.com\/?p=8756"]}]},{"@type":"BreadcrumbList","@id":"https:\/\/laprensacristiana.com\/?p=8756#breadcrumb","itemListElement":[{"@type":"ListItem","position":1,"name":"Portada","item":"https:\/\/laprensacristiana.com\/"},{"@type":"ListItem","position":2,"name":"Saulo"}]},{"@type":"WebSite","@id":"https:\/\/laprensacristiana.com\/#website","url":"https:\/\/laprensacristiana.com\/","name":"La Prensa Cristiana","description":"Anunciando Las Buenas Nuevas","potentialAction":[{"@type":"SearchAction","target":{"@type":"EntryPoint","urlTemplate":"https:\/\/laprensacristiana.com\/?s={search_term_string}"},"query-input":"required name=search_term_string"}],"inLanguage":"es"},{"@type":"Person","@id":"https:\/\/laprensacristiana.com\/#\/schema\/person\/3e7d82c6bfd6b1fa67010f8f7cd5256e","name":"EDITOR","image":{"@type":"ImageObject","inLanguage":"es","@id":"https:\/\/laprensacristiana.com\/#\/schema\/person\/image\/","url":"https:\/\/secure.gravatar.com\/avatar\/72069dfb6c13772d9e8381e3638666d2?s=96&d=mm&r=g","contentUrl":"https:\/\/secure.gravatar.com\/avatar\/72069dfb6c13772d9e8381e3638666d2?s=96&d=mm&r=g","caption":"EDITOR"},"url":"https:\/\/laprensacristiana.com\/?author=3"}]}},"_links":{"self":[{"href":"https:\/\/laprensacristiana.com\/index.php?rest_route=\/wp\/v2\/posts\/8756"}],"collection":[{"href":"https:\/\/laprensacristiana.com\/index.php?rest_route=\/wp\/v2\/posts"}],"about":[{"href":"https:\/\/laprensacristiana.com\/index.php?rest_route=\/wp\/v2\/types\/post"}],"author":[{"embeddable":true,"href":"https:\/\/laprensacristiana.com\/index.php?rest_route=\/wp\/v2\/users\/3"}],"replies":[{"embeddable":true,"href":"https:\/\/laprensacristiana.com\/index.php?rest_route=%2Fwp%2Fv2%2Fcomments&post=8756"}],"version-history":[{"count":1,"href":"https:\/\/laprensacristiana.com\/index.php?rest_route=\/wp\/v2\/posts\/8756\/revisions"}],"predecessor-version":[{"id":8757,"href":"https:\/\/laprensacristiana.com\/index.php?rest_route=\/wp\/v2\/posts\/8756\/revisions\/8757"}],"wp:featuredmedia":[{"embeddable":true,"href":"https:\/\/laprensacristiana.com\/index.php?rest_route=\/wp\/v2\/media\/7949"}],"wp:attachment":[{"href":"https:\/\/laprensacristiana.com\/index.php?rest_route=%2Fwp%2Fv2%2Fmedia&parent=8756"}],"wp:term":[{"taxonomy":"category","embeddable":true,"href":"https:\/\/laprensacristiana.com\/index.php?rest_route=%2Fwp%2Fv2%2Fcategories&post=8756"},{"taxonomy":"post_tag","embeddable":true,"href":"https:\/\/laprensacristiana.com\/index.php?rest_route=%2Fwp%2Fv2%2Ftags&post=8756"}],"curies":[{"name":"wp","href":"https:\/\/api.w.org\/{rel}","templated":true}]}}