{"id":8763,"date":"2020-04-20T17:35:12","date_gmt":"2020-04-20T17:35:12","guid":{"rendered":"https:\/\/laprensacristiana.com\/?p=8763"},"modified":"2020-04-20T17:35:14","modified_gmt":"2020-04-20T17:35:14","slug":"padres","status":"publish","type":"post","link":"https:\/\/laprensacristiana.com\/?p=8763","title":{"rendered":"Padres"},"content":{"rendered":"\n<p>2 Sam. 13:39 \u201cY el rey David ansiaba ir adonde estaba Absal\u00f3n\u2026\u201d<\/p>\n\n\n\n<p>Hace a\u00f1os prepar\u00e9 un tema para el Ministerio Rema (siglas de Restauraci\u00f2n Matrimonial, el ministerio con el que iniciamos nuestro camino de fe) que titul\u00e9 \u201cPadres Hu\u00e9rfanos\u201d. Habla de los padres que nos hemos quedado sin hijos. No es que se hayan muerto, sino que han tomado sus propios caminos y poco a poco se han ido olvidando de nosotros. Ahora que ya tienen su propio hogar, su familia y sus hijos, se han ido olvidando de nuestros cumplea\u00f1os, nuestras fiestas y de muchas cosas m\u00e0s.<\/p>\n\n\n\n<p>Como David que anhela ver a su hijo Absal\u00f2n.  Absal\u00f2n se fue al exilio por motivos un poco fuertes que sucedieron en la familia de David. Pero ahora Absal\u00f2n ya no es el ni\u00f1o que David pod\u00eda gobernar. Se le fue el tiempo tratando de ordenar el reino, el palacio y los ej\u00e9rcitos de Israel. Se le fue el tiempo de jugar y platicar con su hijo amado. Ten\u00eda otros hijos, es cierto, pero Absal\u00f2n era algo especial para \u00e8l.  Pero ahora su hijo ya no est\u00e1. Ahora se ha olvidado que el gran rey de Israel es su padre. Algo sucedi\u00f3 en el interior de Absal\u00f2n que ha tomado la decisi\u00f3n de irse de casa y olvidarse de todo.<\/p>\n\n\n\n<p>Y es que David estuvo muy ocupado. Haciendo guerras. Dirigiendo ej\u00e9rcitos. Ordenando los planes de batalla, entrenando soldados, mientras su peque\u00f1o y querido hijo deseaba jugar con \u00e8l a los soldaditos. Pero David no tuvo tiempo. Y cuando lo busc\u00f3, el tiempo y el hijo se le hab\u00edan ido. Ya era muy tarde. Ahora David est\u00e1 solo. Pase\u00e0ndose por el terrado esperando ver si  a la distancia regresa su hijo. Pero no. No regres\u00f3. David qued\u00f3 hu\u00e9rfano. <\/p>\n\n\n\n<p>Padres y madres: Hoy es un tiempo de olvidarse de todo y de todos. Hoy es un tiempo de ir al cuarto del hijo o de la hija y platicar con ellos. De preguntarles c\u00f3mo est\u00e1n. Si hay alguien que les guste como a usted le gust\u00f3 su pareja en su tiempo. Hoy es el momento de sentarse con ellos y hablar. Hablar hasta el cansancio y que compartan con usted sus conflictos, sus penas y sus proyectos. Apagar por un momento su celular y darles el canal de comunicaci\u00f3n a ellos. Que ellos le cuenten qu\u00e9 les duele. Con qu\u00e9 sue\u00f1an. Qu\u00e9 espera ser cuando se vayan a su destino. Hoy es el momento de platicar con ellos, de jugar, de darles la pizza que tanto desean, de darles los abrazos que necesitan, los besos que buscar\u00e1n en otros labios.<\/p>\n\n\n\n<p>Rashi, el gran maestro del juda\u00edsmo medieval ense\u00f1a que ser santo no significa aislarse de los dem\u00e1s. Ser santo, seg\u00fan \u00e8l, es estar con los dem\u00e1s sin ser como los dem\u00e1s. Y eso aplica a la familia. La santidad incluye como ser padres. Porque es un hecho que los ni\u00f1os, como los animales, aprenden del ejemplo. Son -y fuimos- seres de imitaci\u00f3n. Cuando ni\u00f1os aprendimos de nuestros padres o tutores. Es por eso que en el tiempo de Pablo se le daba mucha importancia al maestro de los hijos de los jud\u00ecos y el ap\u00f3stol lo parangona al ayo que fue la ley y luego lo entrega al Esp\u00edritu Santo. <\/p>\n\n\n\n<p>Este ayo era el responsable de influir en la conducta santa y completa del ni\u00f1o que ten\u00eda bajo su cuidado. Los padres somos los responsables de influenciar a nuestros hijos de todo lo que van a necesitar para su transitar por la vida. Eso indica que la presencia f\u00edsica, emotiva, material y espiritual del padre es vital para el buen desarrollo de los hijos sean hombres o mujercitas.<\/p>\n\n\n\n<p>Pero la cultura de hoy ha asesinado este concepto. Hoy los hijos crecen sin un modelo adecuado de como ser hombres. De como ser esposos. De como ser ejemplos para los hijos, de como deben tratar a la madre para que luego sepan como tratar a la esposa y madre de sus propios hijos.<\/p>\n\n\n\n<p>Tristemente -y la iglesia evang\u00e9lica lo avala-, le ense\u00f1an a los hombres a ser buenos servidores en la iglesia pero malos esposos en los hogares. Mientras ellos est\u00e1n ocupados \u201csirviendo al Se\u00f1or\u201d est\u00e1n abandonando su verdadero rol dise\u00f1ado por Dios: Ser el gu\u00eda, el maestro y el tutor de la siguiente generaci\u00f3n. Al final, se quedar\u00e1n hu\u00e9rfanos. Sus hijos se ir\u00e1n de casa como \u00e8l se fue cuando lo necesitaron para aprender de \u00e8l. <\/p>\n\n\n\n<p>Eviten ser padres hu\u00e9rfanos. No permitan que este tiempo de estar en casa se les vaya de las manos y pierdan la preciosa oportunidad de dejar en sus hijos un buen recuerdo y que ellos quieran regresar cuando la vida los reclame. Antes de llorar ma\u00f1ana, r\u00eda con ellos hoy.<\/p>\n\n\n\n<p>SOLI DEO GLORIA<\/p>\n","protected":false},"excerpt":{"rendered":"<p>2 Sam. 13:39 \u201cY el rey David ansiaba ir adonde estaba Absal\u00f3n\u2026\u201d Hace a\u00f1os prepar\u00e9 un tema para el Ministerio Rema (siglas de Restauraci\u00f2n Matrimonial, el ministerio con el que iniciamos nuestro camino de fe) que titul\u00e9 \u201cPadres Hu\u00e9rfanos\u201d. Habla de los padres que nos hemos quedado sin hijos. No es que se hayan muerto, [&hellip;]<\/p>\n","protected":false},"author":3,"featured_media":7949,"comment_status":"open","ping_status":"open","sticky":false,"template":"","format":"standard","meta":[],"categories":[36],"tags":[],"yoast_head":"<!-- This site is optimized with the Yoast SEO plugin v20.8 - https:\/\/yoast.com\/wordpress\/plugins\/seo\/ -->\n<title>Padres - La Prensa Cristiana<\/title>\n<meta name=\"robots\" content=\"index, follow, max-snippet:-1, max-image-preview:large, max-video-preview:-1\" \/>\n<link rel=\"canonical\" href=\"https:\/\/laprensacristiana.com\/?p=8763\" \/>\n<meta property=\"og:locale\" content=\"es_ES\" \/>\n<meta property=\"og:type\" content=\"article\" \/>\n<meta property=\"og:title\" content=\"Padres - La Prensa Cristiana\" \/>\n<meta property=\"og:description\" content=\"2 Sam. 13:39 \u201cY el rey David ansiaba ir adonde estaba Absal\u00f3n\u2026\u201d Hace a\u00f1os prepar\u00e9 un tema para el Ministerio Rema (siglas de Restauraci\u00f2n Matrimonial, el ministerio con el que iniciamos nuestro camino de fe) que titul\u00e9 \u201cPadres Hu\u00e9rfanos\u201d. Habla de los padres que nos hemos quedado sin hijos. No es que se hayan muerto, [&hellip;]\" \/>\n<meta property=\"og:url\" content=\"https:\/\/laprensacristiana.com\/?p=8763\" \/>\n<meta property=\"og:site_name\" content=\"La Prensa Cristiana\" \/>\n<meta property=\"article:published_time\" content=\"2020-04-20T17:35:12+00:00\" \/>\n<meta property=\"article:modified_time\" content=\"2020-04-20T17:35:14+00:00\" \/>\n<meta property=\"og:image\" content=\"https:\/\/laprensacristiana.com\/wp-content\/uploads\/2020\/01\/2017-11-23-PHOTO-00003245-1.jpg\" \/>\n\t<meta property=\"og:image:width\" content=\"1280\" \/>\n\t<meta property=\"og:image:height\" content=\"714\" \/>\n\t<meta property=\"og:image:type\" content=\"image\/jpeg\" \/>\n<meta name=\"author\" content=\"EDITOR\" \/>\n<meta name=\"twitter:card\" content=\"summary_large_image\" \/>\n<meta name=\"twitter:label1\" content=\"Escrito por\" \/>\n\t<meta name=\"twitter:data1\" content=\"EDITOR\" \/>\n\t<meta name=\"twitter:label2\" content=\"Tiempo de lectura\" \/>\n\t<meta name=\"twitter:data2\" content=\"4 minutos\" \/>\n<script type=\"application\/ld+json\" class=\"yoast-schema-graph\">{\"@context\":\"https:\/\/schema.org\",\"@graph\":[{\"@type\":\"WebPage\",\"@id\":\"https:\/\/laprensacristiana.com\/?p=8763\",\"url\":\"https:\/\/laprensacristiana.com\/?p=8763\",\"name\":\"Padres - La Prensa Cristiana\",\"isPartOf\":{\"@id\":\"https:\/\/laprensacristiana.com\/#website\"},\"datePublished\":\"2020-04-20T17:35:12+00:00\",\"dateModified\":\"2020-04-20T17:35:14+00:00\",\"author\":{\"@id\":\"https:\/\/laprensacristiana.com\/#\/schema\/person\/3e7d82c6bfd6b1fa67010f8f7cd5256e\"},\"breadcrumb\":{\"@id\":\"https:\/\/laprensacristiana.com\/?p=8763#breadcrumb\"},\"inLanguage\":\"es\",\"potentialAction\":[{\"@type\":\"ReadAction\",\"target\":[\"https:\/\/laprensacristiana.com\/?p=8763\"]}]},{\"@type\":\"BreadcrumbList\",\"@id\":\"https:\/\/laprensacristiana.com\/?p=8763#breadcrumb\",\"itemListElement\":[{\"@type\":\"ListItem\",\"position\":1,\"name\":\"Portada\",\"item\":\"https:\/\/laprensacristiana.com\/\"},{\"@type\":\"ListItem\",\"position\":2,\"name\":\"Padres\"}]},{\"@type\":\"WebSite\",\"@id\":\"https:\/\/laprensacristiana.com\/#website\",\"url\":\"https:\/\/laprensacristiana.com\/\",\"name\":\"La Prensa Cristiana\",\"description\":\"Anunciando Las Buenas Nuevas\",\"potentialAction\":[{\"@type\":\"SearchAction\",\"target\":{\"@type\":\"EntryPoint\",\"urlTemplate\":\"https:\/\/laprensacristiana.com\/?s={search_term_string}\"},\"query-input\":\"required name=search_term_string\"}],\"inLanguage\":\"es\"},{\"@type\":\"Person\",\"@id\":\"https:\/\/laprensacristiana.com\/#\/schema\/person\/3e7d82c6bfd6b1fa67010f8f7cd5256e\",\"name\":\"EDITOR\",\"image\":{\"@type\":\"ImageObject\",\"inLanguage\":\"es\",\"@id\":\"https:\/\/laprensacristiana.com\/#\/schema\/person\/image\/\",\"url\":\"https:\/\/secure.gravatar.com\/avatar\/72069dfb6c13772d9e8381e3638666d2?s=96&d=mm&r=g\",\"contentUrl\":\"https:\/\/secure.gravatar.com\/avatar\/72069dfb6c13772d9e8381e3638666d2?s=96&d=mm&r=g\",\"caption\":\"EDITOR\"},\"url\":\"https:\/\/laprensacristiana.com\/?author=3\"}]}<\/script>\n<!-- \/ Yoast SEO plugin. -->","yoast_head_json":{"title":"Padres - La Prensa Cristiana","robots":{"index":"index","follow":"follow","max-snippet":"max-snippet:-1","max-image-preview":"max-image-preview:large","max-video-preview":"max-video-preview:-1"},"canonical":"https:\/\/laprensacristiana.com\/?p=8763","og_locale":"es_ES","og_type":"article","og_title":"Padres - La Prensa Cristiana","og_description":"2 Sam. 13:39 \u201cY el rey David ansiaba ir adonde estaba Absal\u00f3n\u2026\u201d Hace a\u00f1os prepar\u00e9 un tema para el Ministerio Rema (siglas de Restauraci\u00f2n Matrimonial, el ministerio con el que iniciamos nuestro camino de fe) que titul\u00e9 \u201cPadres Hu\u00e9rfanos\u201d. Habla de los padres que nos hemos quedado sin hijos. No es que se hayan muerto, [&hellip;]","og_url":"https:\/\/laprensacristiana.com\/?p=8763","og_site_name":"La Prensa Cristiana","article_published_time":"2020-04-20T17:35:12+00:00","article_modified_time":"2020-04-20T17:35:14+00:00","og_image":[{"width":1280,"height":714,"url":"https:\/\/laprensacristiana.com\/wp-content\/uploads\/2020\/01\/2017-11-23-PHOTO-00003245-1.jpg","type":"image\/jpeg"}],"author":"EDITOR","twitter_card":"summary_large_image","twitter_misc":{"Escrito por":"EDITOR","Tiempo de lectura":"4 minutos"},"schema":{"@context":"https:\/\/schema.org","@graph":[{"@type":"WebPage","@id":"https:\/\/laprensacristiana.com\/?p=8763","url":"https:\/\/laprensacristiana.com\/?p=8763","name":"Padres - La Prensa Cristiana","isPartOf":{"@id":"https:\/\/laprensacristiana.com\/#website"},"datePublished":"2020-04-20T17:35:12+00:00","dateModified":"2020-04-20T17:35:14+00:00","author":{"@id":"https:\/\/laprensacristiana.com\/#\/schema\/person\/3e7d82c6bfd6b1fa67010f8f7cd5256e"},"breadcrumb":{"@id":"https:\/\/laprensacristiana.com\/?p=8763#breadcrumb"},"inLanguage":"es","potentialAction":[{"@type":"ReadAction","target":["https:\/\/laprensacristiana.com\/?p=8763"]}]},{"@type":"BreadcrumbList","@id":"https:\/\/laprensacristiana.com\/?p=8763#breadcrumb","itemListElement":[{"@type":"ListItem","position":1,"name":"Portada","item":"https:\/\/laprensacristiana.com\/"},{"@type":"ListItem","position":2,"name":"Padres"}]},{"@type":"WebSite","@id":"https:\/\/laprensacristiana.com\/#website","url":"https:\/\/laprensacristiana.com\/","name":"La Prensa Cristiana","description":"Anunciando Las Buenas Nuevas","potentialAction":[{"@type":"SearchAction","target":{"@type":"EntryPoint","urlTemplate":"https:\/\/laprensacristiana.com\/?s={search_term_string}"},"query-input":"required name=search_term_string"}],"inLanguage":"es"},{"@type":"Person","@id":"https:\/\/laprensacristiana.com\/#\/schema\/person\/3e7d82c6bfd6b1fa67010f8f7cd5256e","name":"EDITOR","image":{"@type":"ImageObject","inLanguage":"es","@id":"https:\/\/laprensacristiana.com\/#\/schema\/person\/image\/","url":"https:\/\/secure.gravatar.com\/avatar\/72069dfb6c13772d9e8381e3638666d2?s=96&d=mm&r=g","contentUrl":"https:\/\/secure.gravatar.com\/avatar\/72069dfb6c13772d9e8381e3638666d2?s=96&d=mm&r=g","caption":"EDITOR"},"url":"https:\/\/laprensacristiana.com\/?author=3"}]}},"_links":{"self":[{"href":"https:\/\/laprensacristiana.com\/index.php?rest_route=\/wp\/v2\/posts\/8763"}],"collection":[{"href":"https:\/\/laprensacristiana.com\/index.php?rest_route=\/wp\/v2\/posts"}],"about":[{"href":"https:\/\/laprensacristiana.com\/index.php?rest_route=\/wp\/v2\/types\/post"}],"author":[{"embeddable":true,"href":"https:\/\/laprensacristiana.com\/index.php?rest_route=\/wp\/v2\/users\/3"}],"replies":[{"embeddable":true,"href":"https:\/\/laprensacristiana.com\/index.php?rest_route=%2Fwp%2Fv2%2Fcomments&post=8763"}],"version-history":[{"count":1,"href":"https:\/\/laprensacristiana.com\/index.php?rest_route=\/wp\/v2\/posts\/8763\/revisions"}],"predecessor-version":[{"id":8764,"href":"https:\/\/laprensacristiana.com\/index.php?rest_route=\/wp\/v2\/posts\/8763\/revisions\/8764"}],"wp:featuredmedia":[{"embeddable":true,"href":"https:\/\/laprensacristiana.com\/index.php?rest_route=\/wp\/v2\/media\/7949"}],"wp:attachment":[{"href":"https:\/\/laprensacristiana.com\/index.php?rest_route=%2Fwp%2Fv2%2Fmedia&parent=8763"}],"wp:term":[{"taxonomy":"category","embeddable":true,"href":"https:\/\/laprensacristiana.com\/index.php?rest_route=%2Fwp%2Fv2%2Fcategories&post=8763"},{"taxonomy":"post_tag","embeddable":true,"href":"https:\/\/laprensacristiana.com\/index.php?rest_route=%2Fwp%2Fv2%2Ftags&post=8763"}],"curies":[{"name":"wp","href":"https:\/\/api.w.org\/{rel}","templated":true}]}}