{"id":8768,"date":"2020-04-22T01:23:23","date_gmt":"2020-04-22T01:23:23","guid":{"rendered":"https:\/\/laprensacristiana.com\/?p=8768"},"modified":"2020-04-22T01:23:25","modified_gmt":"2020-04-22T01:23:25","slug":"taber-intensifica-ayuda-en-tiempos-de-pandemia","status":"publish","type":"post","link":"https:\/\/laprensacristiana.com\/?p=8768","title":{"rendered":"Taber intensifica ayuda en tiempos de pandemia"},"content":{"rendered":"\n<p>El Tabern\u00e1culo B\u00edblico\nBautista Amigos de Israel se ha caracterizado por su enfoque de ayuda al pr\u00f3jimo,\nmismo que han intensificado en los \u00faltimos a\u00f1os. <\/p>\n\n\n\n<p>Sin embargo la reciente pandemia del Covid-19 que vive el mundo ha agudizado necesidades en la poblaci\u00f3n, El Salvador no es la excepci\u00f3n, para ello el \u201cTaber\u201d como es conocido ha desplegado todo un plan de acci\u00f3n para aportar, no solo a personas miembro de su congregaci\u00f3n sino tambi\u00e9n a todo aquel que lo necesite, cristiano o no. <\/p>\n\n\n\n<figure class=\"wp-block-image\"><img decoding=\"async\" loading=\"lazy\" width=\"720\" height=\"720\" src=\"https:\/\/laprensacristiana.com\/wp-content\/uploads\/2020\/04\/FB_IMG_1587518319827.jpg\" alt=\"\" class=\"wp-image-8770\" srcset=\"https:\/\/laprensacristiana.com\/wp-content\/uploads\/2020\/04\/FB_IMG_1587518319827.jpg 720w, https:\/\/laprensacristiana.com\/wp-content\/uploads\/2020\/04\/FB_IMG_1587518319827-150x150.jpg 150w, https:\/\/laprensacristiana.com\/wp-content\/uploads\/2020\/04\/FB_IMG_1587518319827-300x300.jpg 300w, https:\/\/laprensacristiana.com\/wp-content\/uploads\/2020\/04\/FB_IMG_1587518319827-696x696.jpg 696w, https:\/\/laprensacristiana.com\/wp-content\/uploads\/2020\/04\/FB_IMG_1587518319827-420x420.jpg 420w, https:\/\/laprensacristiana.com\/wp-content\/uploads\/2020\/04\/FB_IMG_1587518319827-600x600.jpg 600w, https:\/\/laprensacristiana.com\/wp-content\/uploads\/2020\/04\/FB_IMG_1587518319827-100x100.jpg 100w\" sizes=\"(max-width: 720px) 100vw, 720px\" \/><\/figure>\n\n\n\n<p>Entre las acciones que destacan es llevar alimento (desayunos y almuerzos) a las personas que est\u00e1n en la primera l\u00ednea de batalla, m\u00e9dicos, polic\u00edas, soldados, personal de socorro, recolectores de desechos, distribuidores de agua, distribuidores de energ\u00eda, entre otros. Por su parte el ministerio Pan y Chocolate se ha encargado de compartir cenas a otros grupos, como personas sin hogar y aquellos familiares que tienen a alguien enfermo en alg\u00fan hospital y que deben esperar por su recuperaci\u00f3n. Tambi\u00e9n han sido un v\u00ednculo (centro de acopio) para la recolecci\u00f3n de insumos para personas que est\u00e1n privados de libertad. Han preparado el edificio Gamaliel para funcionar como centro de contenci\u00f3n seg\u00fan lo disponga el gobierno a trav\u00e9s del Ministerio de Obras P\u00fablicas. <\/p>\n\n\n\n<figure class=\"wp-block-image\"><img decoding=\"async\" loading=\"lazy\" width=\"720\" height=\"376\" src=\"https:\/\/laprensacristiana.com\/wp-content\/uploads\/2020\/04\/FB_IMG_1587518061290.jpg\" alt=\"\" class=\"wp-image-8771\" srcset=\"https:\/\/laprensacristiana.com\/wp-content\/uploads\/2020\/04\/FB_IMG_1587518061290.jpg 720w, https:\/\/laprensacristiana.com\/wp-content\/uploads\/2020\/04\/FB_IMG_1587518061290-300x157.jpg 300w, https:\/\/laprensacristiana.com\/wp-content\/uploads\/2020\/04\/FB_IMG_1587518061290-696x363.jpg 696w, https:\/\/laprensacristiana.com\/wp-content\/uploads\/2020\/04\/FB_IMG_1587518061290-600x313.jpg 600w\" sizes=\"(max-width: 720px) 100vw, 720px\" \/><\/figure>\n\n\n\n<p>\u201cNo hay evangelio sino hay bendici\u00f3n, la buena nueva de Cristo a muchos les lleg\u00f3 a trav\u00e9s de las acciones de Jes\u00fas, nosotros no tenemos la habilidad, sino Dios, de hacer milagros, si podemos partir y compartir el pan que Dios nos da a nuestras mesas, es la evidencia que estamos haciendo una labor para llevar el mensaje de Cristo\u201d expres\u00f3 Edgar L\u00f3pez Bertrand Jr. Pastor General del Tabern\u00e1culo B\u00edblico Bautista Amigos de Israel.<\/p>\n\n\n\n<figure class=\"wp-block-image\"><img decoding=\"async\" loading=\"lazy\" width=\"720\" height=\"331\" src=\"https:\/\/laprensacristiana.com\/wp-content\/uploads\/2020\/04\/FB_IMG_1587518230282.jpg\" alt=\"\" class=\"wp-image-8772\" srcset=\"https:\/\/laprensacristiana.com\/wp-content\/uploads\/2020\/04\/FB_IMG_1587518230282.jpg 720w, https:\/\/laprensacristiana.com\/wp-content\/uploads\/2020\/04\/FB_IMG_1587518230282-300x138.jpg 300w, https:\/\/laprensacristiana.com\/wp-content\/uploads\/2020\/04\/FB_IMG_1587518230282-696x320.jpg 696w, https:\/\/laprensacristiana.com\/wp-content\/uploads\/2020\/04\/FB_IMG_1587518230282-600x276.jpg 600w\" sizes=\"(max-width: 720px) 100vw, 720px\" \/><\/figure>\n","protected":false},"excerpt":{"rendered":"<p>El Tabern\u00e1culo B\u00edblico Bautista Amigos de Israel se ha caracterizado por su enfoque de ayuda al pr\u00f3jimo, mismo que han intensificado en los \u00faltimos a\u00f1os. Sin embargo la reciente pandemia del Covid-19 que vive el mundo ha agudizado necesidades en la poblaci\u00f3n, El Salvador no es la excepci\u00f3n, para ello el \u201cTaber\u201d como es conocido [&hellip;]<\/p>\n","protected":false},"author":3,"featured_media":8769,"comment_status":"open","ping_status":"open","sticky":false,"template":"","format":"standard","meta":[],"categories":[77],"tags":[],"yoast_head":"<!-- This site is optimized with the Yoast SEO plugin v20.8 - https:\/\/yoast.com\/wordpress\/plugins\/seo\/ -->\n<title>Taber intensifica ayuda en tiempos de pandemia - La Prensa Cristiana<\/title>\n<meta name=\"robots\" content=\"index, follow, max-snippet:-1, max-image-preview:large, max-video-preview:-1\" \/>\n<link rel=\"canonical\" href=\"https:\/\/laprensacristiana.com\/?p=8768\" \/>\n<meta property=\"og:locale\" content=\"es_ES\" \/>\n<meta property=\"og:type\" content=\"article\" \/>\n<meta property=\"og:title\" content=\"Taber intensifica ayuda en tiempos de pandemia - La Prensa Cristiana\" \/>\n<meta property=\"og:description\" content=\"El Tabern\u00e1culo B\u00edblico Bautista Amigos de Israel se ha caracterizado por su enfoque de ayuda al pr\u00f3jimo, mismo que han intensificado en los \u00faltimos a\u00f1os. Sin embargo la reciente pandemia del Covid-19 que vive el mundo ha agudizado necesidades en la poblaci\u00f3n, El Salvador no es la excepci\u00f3n, para ello el \u201cTaber\u201d como es conocido [&hellip;]\" \/>\n<meta property=\"og:url\" content=\"https:\/\/laprensacristiana.com\/?p=8768\" \/>\n<meta property=\"og:site_name\" content=\"La Prensa Cristiana\" \/>\n<meta property=\"article:published_time\" content=\"2020-04-22T01:23:23+00:00\" \/>\n<meta property=\"article:modified_time\" content=\"2020-04-22T01:23:25+00:00\" \/>\n<meta property=\"og:image\" content=\"https:\/\/laprensacristiana.com\/wp-content\/uploads\/2020\/04\/FB_IMG_1587518054007.jpg\" \/>\n\t<meta property=\"og:image:width\" content=\"720\" \/>\n\t<meta property=\"og:image:height\" content=\"376\" \/>\n\t<meta property=\"og:image:type\" content=\"image\/jpeg\" \/>\n<meta name=\"author\" content=\"EDITOR\" \/>\n<meta name=\"twitter:card\" content=\"summary_large_image\" \/>\n<meta name=\"twitter:label1\" content=\"Escrito por\" \/>\n\t<meta name=\"twitter:data1\" content=\"EDITOR\" \/>\n\t<meta name=\"twitter:label2\" content=\"Tiempo de lectura\" \/>\n\t<meta name=\"twitter:data2\" content=\"2 minutos\" \/>\n<script type=\"application\/ld+json\" class=\"yoast-schema-graph\">{\"@context\":\"https:\/\/schema.org\",\"@graph\":[{\"@type\":\"WebPage\",\"@id\":\"https:\/\/laprensacristiana.com\/?p=8768\",\"url\":\"https:\/\/laprensacristiana.com\/?p=8768\",\"name\":\"Taber intensifica ayuda en tiempos de pandemia - La Prensa Cristiana\",\"isPartOf\":{\"@id\":\"https:\/\/laprensacristiana.com\/#website\"},\"datePublished\":\"2020-04-22T01:23:23+00:00\",\"dateModified\":\"2020-04-22T01:23:25+00:00\",\"author\":{\"@id\":\"https:\/\/laprensacristiana.com\/#\/schema\/person\/3e7d82c6bfd6b1fa67010f8f7cd5256e\"},\"breadcrumb\":{\"@id\":\"https:\/\/laprensacristiana.com\/?p=8768#breadcrumb\"},\"inLanguage\":\"es\",\"potentialAction\":[{\"@type\":\"ReadAction\",\"target\":[\"https:\/\/laprensacristiana.com\/?p=8768\"]}]},{\"@type\":\"BreadcrumbList\",\"@id\":\"https:\/\/laprensacristiana.com\/?p=8768#breadcrumb\",\"itemListElement\":[{\"@type\":\"ListItem\",\"position\":1,\"name\":\"Portada\",\"item\":\"https:\/\/laprensacristiana.com\/\"},{\"@type\":\"ListItem\",\"position\":2,\"name\":\"Taber intensifica ayuda en tiempos de pandemia\"}]},{\"@type\":\"WebSite\",\"@id\":\"https:\/\/laprensacristiana.com\/#website\",\"url\":\"https:\/\/laprensacristiana.com\/\",\"name\":\"La Prensa Cristiana\",\"description\":\"Anunciando Las Buenas Nuevas\",\"potentialAction\":[{\"@type\":\"SearchAction\",\"target\":{\"@type\":\"EntryPoint\",\"urlTemplate\":\"https:\/\/laprensacristiana.com\/?s={search_term_string}\"},\"query-input\":\"required name=search_term_string\"}],\"inLanguage\":\"es\"},{\"@type\":\"Person\",\"@id\":\"https:\/\/laprensacristiana.com\/#\/schema\/person\/3e7d82c6bfd6b1fa67010f8f7cd5256e\",\"name\":\"EDITOR\",\"image\":{\"@type\":\"ImageObject\",\"inLanguage\":\"es\",\"@id\":\"https:\/\/laprensacristiana.com\/#\/schema\/person\/image\/\",\"url\":\"https:\/\/secure.gravatar.com\/avatar\/72069dfb6c13772d9e8381e3638666d2?s=96&d=mm&r=g\",\"contentUrl\":\"https:\/\/secure.gravatar.com\/avatar\/72069dfb6c13772d9e8381e3638666d2?s=96&d=mm&r=g\",\"caption\":\"EDITOR\"},\"url\":\"https:\/\/laprensacristiana.com\/?author=3\"}]}<\/script>\n<!-- \/ Yoast SEO plugin. -->","yoast_head_json":{"title":"Taber intensifica ayuda en tiempos de pandemia - La Prensa Cristiana","robots":{"index":"index","follow":"follow","max-snippet":"max-snippet:-1","max-image-preview":"max-image-preview:large","max-video-preview":"max-video-preview:-1"},"canonical":"https:\/\/laprensacristiana.com\/?p=8768","og_locale":"es_ES","og_type":"article","og_title":"Taber intensifica ayuda en tiempos de pandemia - La Prensa Cristiana","og_description":"El Tabern\u00e1culo B\u00edblico Bautista Amigos de Israel se ha caracterizado por su enfoque de ayuda al pr\u00f3jimo, mismo que han intensificado en los \u00faltimos a\u00f1os. Sin embargo la reciente pandemia del Covid-19 que vive el mundo ha agudizado necesidades en la poblaci\u00f3n, El Salvador no es la excepci\u00f3n, para ello el \u201cTaber\u201d como es conocido [&hellip;]","og_url":"https:\/\/laprensacristiana.com\/?p=8768","og_site_name":"La Prensa Cristiana","article_published_time":"2020-04-22T01:23:23+00:00","article_modified_time":"2020-04-22T01:23:25+00:00","og_image":[{"width":720,"height":376,"url":"https:\/\/laprensacristiana.com\/wp-content\/uploads\/2020\/04\/FB_IMG_1587518054007.jpg","type":"image\/jpeg"}],"author":"EDITOR","twitter_card":"summary_large_image","twitter_misc":{"Escrito por":"EDITOR","Tiempo de lectura":"2 minutos"},"schema":{"@context":"https:\/\/schema.org","@graph":[{"@type":"WebPage","@id":"https:\/\/laprensacristiana.com\/?p=8768","url":"https:\/\/laprensacristiana.com\/?p=8768","name":"Taber intensifica ayuda en tiempos de pandemia - La Prensa Cristiana","isPartOf":{"@id":"https:\/\/laprensacristiana.com\/#website"},"datePublished":"2020-04-22T01:23:23+00:00","dateModified":"2020-04-22T01:23:25+00:00","author":{"@id":"https:\/\/laprensacristiana.com\/#\/schema\/person\/3e7d82c6bfd6b1fa67010f8f7cd5256e"},"breadcrumb":{"@id":"https:\/\/laprensacristiana.com\/?p=8768#breadcrumb"},"inLanguage":"es","potentialAction":[{"@type":"ReadAction","target":["https:\/\/laprensacristiana.com\/?p=8768"]}]},{"@type":"BreadcrumbList","@id":"https:\/\/laprensacristiana.com\/?p=8768#breadcrumb","itemListElement":[{"@type":"ListItem","position":1,"name":"Portada","item":"https:\/\/laprensacristiana.com\/"},{"@type":"ListItem","position":2,"name":"Taber intensifica ayuda en tiempos de pandemia"}]},{"@type":"WebSite","@id":"https:\/\/laprensacristiana.com\/#website","url":"https:\/\/laprensacristiana.com\/","name":"La Prensa Cristiana","description":"Anunciando Las Buenas Nuevas","potentialAction":[{"@type":"SearchAction","target":{"@type":"EntryPoint","urlTemplate":"https:\/\/laprensacristiana.com\/?s={search_term_string}"},"query-input":"required name=search_term_string"}],"inLanguage":"es"},{"@type":"Person","@id":"https:\/\/laprensacristiana.com\/#\/schema\/person\/3e7d82c6bfd6b1fa67010f8f7cd5256e","name":"EDITOR","image":{"@type":"ImageObject","inLanguage":"es","@id":"https:\/\/laprensacristiana.com\/#\/schema\/person\/image\/","url":"https:\/\/secure.gravatar.com\/avatar\/72069dfb6c13772d9e8381e3638666d2?s=96&d=mm&r=g","contentUrl":"https:\/\/secure.gravatar.com\/avatar\/72069dfb6c13772d9e8381e3638666d2?s=96&d=mm&r=g","caption":"EDITOR"},"url":"https:\/\/laprensacristiana.com\/?author=3"}]}},"_links":{"self":[{"href":"https:\/\/laprensacristiana.com\/index.php?rest_route=\/wp\/v2\/posts\/8768"}],"collection":[{"href":"https:\/\/laprensacristiana.com\/index.php?rest_route=\/wp\/v2\/posts"}],"about":[{"href":"https:\/\/laprensacristiana.com\/index.php?rest_route=\/wp\/v2\/types\/post"}],"author":[{"embeddable":true,"href":"https:\/\/laprensacristiana.com\/index.php?rest_route=\/wp\/v2\/users\/3"}],"replies":[{"embeddable":true,"href":"https:\/\/laprensacristiana.com\/index.php?rest_route=%2Fwp%2Fv2%2Fcomments&post=8768"}],"version-history":[{"count":1,"href":"https:\/\/laprensacristiana.com\/index.php?rest_route=\/wp\/v2\/posts\/8768\/revisions"}],"predecessor-version":[{"id":8773,"href":"https:\/\/laprensacristiana.com\/index.php?rest_route=\/wp\/v2\/posts\/8768\/revisions\/8773"}],"wp:featuredmedia":[{"embeddable":true,"href":"https:\/\/laprensacristiana.com\/index.php?rest_route=\/wp\/v2\/media\/8769"}],"wp:attachment":[{"href":"https:\/\/laprensacristiana.com\/index.php?rest_route=%2Fwp%2Fv2%2Fmedia&parent=8768"}],"wp:term":[{"taxonomy":"category","embeddable":true,"href":"https:\/\/laprensacristiana.com\/index.php?rest_route=%2Fwp%2Fv2%2Fcategories&post=8768"},{"taxonomy":"post_tag","embeddable":true,"href":"https:\/\/laprensacristiana.com\/index.php?rest_route=%2Fwp%2Fv2%2Ftags&post=8768"}],"curies":[{"name":"wp","href":"https:\/\/api.w.org\/{rel}","templated":true}]}}