{"id":8774,"date":"2020-04-22T21:15:33","date_gmt":"2020-04-22T21:15:33","guid":{"rendered":"https:\/\/laprensacristiana.com\/?p=8774"},"modified":"2020-07-01T19:36:33","modified_gmt":"2020-07-01T19:36:33","slug":"cristo-en-nosotros-esperanza-de-gloria","status":"publish","type":"post","link":"https:\/\/laprensacristiana.com\/?p=8774","title":{"rendered":"Cristo en nosotros esperanza de gloria"},"content":{"rendered":"\n<p>POR JULY DE SOSA<\/p>\n\n\n\n<p>Escrito est\u00e1 los creyentes en Jesucristo no afrontamos nuestras luchas solos, su poder est\u00e1\u00a0en nosotros,\u00a0desde el instante mismo que lo reconocimos como Se\u00f1or de nuestra vida y suficiente salvador\u00a0personal\u00a0de nuestra alma.\u00a0El ap\u00f3stol Pablo\u00a0en\u00a0una de sus cartas\u00a0que\u00a0escribi\u00f3 a los hermanos de Colosas,\u00a0les comento\u00a0de su ruego\u00a0a Dios para que ellos\u00a0unidos en amor alcanzaran toda la riqueza del pleno entendimiento del misterio de Dios el padre y Cristo, en quienes est\u00e1n escondidos todos los tesoros de la sabidur\u00eda y del conocimiento. Me parece muy interesante\u00a0la\u00a0intercesi\u00f3n de Pablo por sus hermanos. Considero\u00a0primordial aprender de esto,\u00a0y\u00a0hasta entonces\u00a0presentar las diferentes peticiones de salud, restauraci\u00f3n, provisi\u00f3n, etc.\u00a0Opino que\u00a0si todos los que nos\u00a0decimos\u00a0cristianos incluyendo \u00a0ap\u00f3stoles, profetas, evangelistas, pastores y maestros, todos en general sin nombramientos espec\u00edficos solo el de hijos de Dios,\u00a0por medio de Jesucristo;\u00a0nos ocup\u00e1ramos con diligencia y empe\u00f1o en ser fortalecidos en nuestro interior con el \u00a0poder de su Santo Esp\u00edritu,\u00a0que por la fe sabemos que habita en nuestros corazones;\u00a0provocar\u00edamos\u00a0un cambio significativo\u00a0a nuestro paso,\u00a0como escrito esta:\u00a0A\u00a0fin de que arraigados y cimentados en amor seamos capaces de comprender la anchura, la longitud, la profundidad y la altura del amor de Cristo, que excede todo conocimiento. Ciertamente alcanzar tal conocimiento es lo que cambia nuestra identidad y determina nuestro nuevo estilo de vida, que permitir\u00e1 que, sin hacer uso de nuestra voz, con hechos prediquemos las buenas nuevas del reino de Dios.\u00a0En todo tiempo y m\u00e1s cuando el p\u00e1nico levanta oleada mundial.\u00a0<\/p>\n\n\n\n<p>Por la palabra escrita de Dios; comprendo que su deseo es que todos busquemos conocerlo\u00a0no\u00a0solo\u00a0como\u00a0proveedor y ayudador, sino tambi\u00e9n como el sustentador de nuestra alma y edificador de nuestro destino final.  Pablo\u00a0en su carta\u00a0recomienda:\u00a0<strong>Por tanto,\u00a0de la manera que hab\u00e9is recibido al Se\u00f1or Jesucristo, andad en \u00e9l, arraigados y sobreedificados en \u00e9l.<\/strong><\/p>\n\n\n\n<p>\u00a1espectacular invitaci\u00f3n! &nbsp;Si todos&nbsp;los creyentes estamos&nbsp;arraigados&nbsp;en \u00e9l,&nbsp;llegaremos al mismo convencimiento del profeta&nbsp;<strong>Habacuc<\/strong><strong>&nbsp;3:17. Aunque la higuera no florezca&nbsp;<\/strong><strong>ni en la<\/strong><strong>s<\/strong><strong>&nbsp;<\/strong><strong>vides halla frutos,<\/strong><\/p>\n\n\n\n<p><strong>Aunque fa<\/strong><strong>lle la cosecha&nbsp;<\/strong><strong>del&nbsp;<\/strong><strong>olivo y<\/strong><strong>&nbsp;los&nbsp;<\/strong><strong>campos no produzcan alimentos;&nbsp;<\/strong><strong>aunque en el aprisco no haya ovejas, ni ganado alguno en los establos<\/strong><strong>; aun as\u00ed<\/strong><strong>,<\/strong><strong>&nbsp;yo me r<\/strong><strong>e<\/strong><strong>gocijar\u00e9<\/strong><strong>&nbsp;en el Se\u00f1or&nbsp;<\/strong><strong>\u00a1me alegrar\u00e9 en Dios, m\u00ed libertador!<\/strong><strong><\/strong><\/p>\n\n\n\n<p>Conociendo y aprendiendo de esto&nbsp;\u201cla paz de Dios&nbsp;que sobrepasa todo entendimiento guardar\u00e1&nbsp;vuestros&nbsp;corazones&nbsp;y vuestros&nbsp;pensamientos&nbsp;en Cristo Jes\u00fas\u201d&nbsp;mientras&nbsp;tengamosaliento de vida.<\/p>\n\n\n\n<p>Ep\u00edlogo&nbsp;&nbsp; &nbsp;<\/p>\n\n\n\n<p>Considero&nbsp;que el consejo&nbsp;perfecto&nbsp;capaz de brindar&nbsp;esperanza&nbsp;en medio del desaliento&nbsp;mundial provocado por&nbsp;la presente pandemia&nbsp;se encuentra en las sagradas escrituras; como tambi\u00e9n&nbsp;las fuerzas para un nuevo comienzo&nbsp;de la mano de Dios&nbsp;cuando esta cese.<\/p>\n\n\n\n<p>Escudri\u00f1emos la palabra de Dios y&nbsp;alimentemos nuestros pensamientos y hechos con su sabia bendita.<\/p>\n","protected":false},"excerpt":{"rendered":"<p>POR JULY DE SOSA Escrito est\u00e1 los creyentes en Jesucristo no afrontamos nuestras luchas solos, su poder est\u00e1\u00a0en nosotros,\u00a0desde el instante mismo que lo reconocimos como Se\u00f1or de nuestra vida y suficiente salvador\u00a0personal\u00a0de nuestra alma.\u00a0El ap\u00f3stol Pablo\u00a0en\u00a0una de sus cartas\u00a0que\u00a0escribi\u00f3 a los hermanos de Colosas,\u00a0les comento\u00a0de su ruego\u00a0a Dios para que ellos\u00a0unidos en amor alcanzaran [&hellip;]<\/p>\n","protected":false},"author":3,"featured_media":8721,"comment_status":"open","ping_status":"open","sticky":false,"template":"","format":"standard","meta":[],"categories":[36],"tags":[],"yoast_head":"<!-- This site is optimized with the Yoast SEO plugin v20.8 - https:\/\/yoast.com\/wordpress\/plugins\/seo\/ -->\n<title>Cristo en nosotros esperanza de gloria - La Prensa Cristiana<\/title>\n<meta name=\"robots\" content=\"index, follow, max-snippet:-1, max-image-preview:large, max-video-preview:-1\" \/>\n<link rel=\"canonical\" href=\"https:\/\/laprensacristiana.com\/?p=8774\" \/>\n<meta property=\"og:locale\" content=\"es_ES\" \/>\n<meta property=\"og:type\" content=\"article\" \/>\n<meta property=\"og:title\" content=\"Cristo en nosotros esperanza de gloria - La Prensa Cristiana\" \/>\n<meta property=\"og:description\" content=\"POR JULY DE SOSA Escrito est\u00e1 los creyentes en Jesucristo no afrontamos nuestras luchas solos, su poder est\u00e1\u00a0en nosotros,\u00a0desde el instante mismo que lo reconocimos como Se\u00f1or de nuestra vida y suficiente salvador\u00a0personal\u00a0de nuestra alma.\u00a0El ap\u00f3stol Pablo\u00a0en\u00a0una de sus cartas\u00a0que\u00a0escribi\u00f3 a los hermanos de Colosas,\u00a0les comento\u00a0de su ruego\u00a0a Dios para que ellos\u00a0unidos en amor alcanzaran [&hellip;]\" \/>\n<meta property=\"og:url\" content=\"https:\/\/laprensacristiana.com\/?p=8774\" \/>\n<meta property=\"og:site_name\" content=\"La Prensa Cristiana\" \/>\n<meta property=\"article:published_time\" content=\"2020-04-22T21:15:33+00:00\" \/>\n<meta property=\"article:modified_time\" content=\"2020-07-01T19:36:33+00:00\" \/>\n<meta property=\"og:image\" content=\"https:\/\/laprensacristiana.com\/wp-content\/uploads\/2020\/04\/JULY-LPG-2017.jpg\" \/>\n\t<meta property=\"og:image:width\" content=\"1240\" \/>\n\t<meta property=\"og:image:height\" content=\"692\" \/>\n\t<meta property=\"og:image:type\" content=\"image\/jpeg\" \/>\n<meta name=\"author\" content=\"EDITOR\" \/>\n<meta name=\"twitter:card\" content=\"summary_large_image\" \/>\n<meta name=\"twitter:label1\" content=\"Escrito por\" \/>\n\t<meta name=\"twitter:data1\" content=\"EDITOR\" \/>\n\t<meta name=\"twitter:label2\" content=\"Tiempo de lectura\" \/>\n\t<meta name=\"twitter:data2\" content=\"3 minutos\" \/>\n<script type=\"application\/ld+json\" class=\"yoast-schema-graph\">{\"@context\":\"https:\/\/schema.org\",\"@graph\":[{\"@type\":\"WebPage\",\"@id\":\"https:\/\/laprensacristiana.com\/?p=8774\",\"url\":\"https:\/\/laprensacristiana.com\/?p=8774\",\"name\":\"Cristo en nosotros esperanza de gloria - La Prensa Cristiana\",\"isPartOf\":{\"@id\":\"https:\/\/laprensacristiana.com\/#website\"},\"datePublished\":\"2020-04-22T21:15:33+00:00\",\"dateModified\":\"2020-07-01T19:36:33+00:00\",\"author\":{\"@id\":\"https:\/\/laprensacristiana.com\/#\/schema\/person\/3e7d82c6bfd6b1fa67010f8f7cd5256e\"},\"breadcrumb\":{\"@id\":\"https:\/\/laprensacristiana.com\/?p=8774#breadcrumb\"},\"inLanguage\":\"es\",\"potentialAction\":[{\"@type\":\"ReadAction\",\"target\":[\"https:\/\/laprensacristiana.com\/?p=8774\"]}]},{\"@type\":\"BreadcrumbList\",\"@id\":\"https:\/\/laprensacristiana.com\/?p=8774#breadcrumb\",\"itemListElement\":[{\"@type\":\"ListItem\",\"position\":1,\"name\":\"Portada\",\"item\":\"https:\/\/laprensacristiana.com\/\"},{\"@type\":\"ListItem\",\"position\":2,\"name\":\"Cristo en nosotros esperanza de gloria\"}]},{\"@type\":\"WebSite\",\"@id\":\"https:\/\/laprensacristiana.com\/#website\",\"url\":\"https:\/\/laprensacristiana.com\/\",\"name\":\"La Prensa Cristiana\",\"description\":\"Anunciando Las Buenas Nuevas\",\"potentialAction\":[{\"@type\":\"SearchAction\",\"target\":{\"@type\":\"EntryPoint\",\"urlTemplate\":\"https:\/\/laprensacristiana.com\/?s={search_term_string}\"},\"query-input\":\"required name=search_term_string\"}],\"inLanguage\":\"es\"},{\"@type\":\"Person\",\"@id\":\"https:\/\/laprensacristiana.com\/#\/schema\/person\/3e7d82c6bfd6b1fa67010f8f7cd5256e\",\"name\":\"EDITOR\",\"image\":{\"@type\":\"ImageObject\",\"inLanguage\":\"es\",\"@id\":\"https:\/\/laprensacristiana.com\/#\/schema\/person\/image\/\",\"url\":\"https:\/\/secure.gravatar.com\/avatar\/72069dfb6c13772d9e8381e3638666d2?s=96&d=mm&r=g\",\"contentUrl\":\"https:\/\/secure.gravatar.com\/avatar\/72069dfb6c13772d9e8381e3638666d2?s=96&d=mm&r=g\",\"caption\":\"EDITOR\"},\"url\":\"https:\/\/laprensacristiana.com\/?author=3\"}]}<\/script>\n<!-- \/ Yoast SEO plugin. -->","yoast_head_json":{"title":"Cristo en nosotros esperanza de gloria - La Prensa Cristiana","robots":{"index":"index","follow":"follow","max-snippet":"max-snippet:-1","max-image-preview":"max-image-preview:large","max-video-preview":"max-video-preview:-1"},"canonical":"https:\/\/laprensacristiana.com\/?p=8774","og_locale":"es_ES","og_type":"article","og_title":"Cristo en nosotros esperanza de gloria - La Prensa Cristiana","og_description":"POR JULY DE SOSA Escrito est\u00e1 los creyentes en Jesucristo no afrontamos nuestras luchas solos, su poder est\u00e1\u00a0en nosotros,\u00a0desde el instante mismo que lo reconocimos como Se\u00f1or de nuestra vida y suficiente salvador\u00a0personal\u00a0de nuestra alma.\u00a0El ap\u00f3stol Pablo\u00a0en\u00a0una de sus cartas\u00a0que\u00a0escribi\u00f3 a los hermanos de Colosas,\u00a0les comento\u00a0de su ruego\u00a0a Dios para que ellos\u00a0unidos en amor alcanzaran [&hellip;]","og_url":"https:\/\/laprensacristiana.com\/?p=8774","og_site_name":"La Prensa Cristiana","article_published_time":"2020-04-22T21:15:33+00:00","article_modified_time":"2020-07-01T19:36:33+00:00","og_image":[{"width":1240,"height":692,"url":"https:\/\/laprensacristiana.com\/wp-content\/uploads\/2020\/04\/JULY-LPG-2017.jpg","type":"image\/jpeg"}],"author":"EDITOR","twitter_card":"summary_large_image","twitter_misc":{"Escrito por":"EDITOR","Tiempo de lectura":"3 minutos"},"schema":{"@context":"https:\/\/schema.org","@graph":[{"@type":"WebPage","@id":"https:\/\/laprensacristiana.com\/?p=8774","url":"https:\/\/laprensacristiana.com\/?p=8774","name":"Cristo en nosotros esperanza de gloria - La Prensa Cristiana","isPartOf":{"@id":"https:\/\/laprensacristiana.com\/#website"},"datePublished":"2020-04-22T21:15:33+00:00","dateModified":"2020-07-01T19:36:33+00:00","author":{"@id":"https:\/\/laprensacristiana.com\/#\/schema\/person\/3e7d82c6bfd6b1fa67010f8f7cd5256e"},"breadcrumb":{"@id":"https:\/\/laprensacristiana.com\/?p=8774#breadcrumb"},"inLanguage":"es","potentialAction":[{"@type":"ReadAction","target":["https:\/\/laprensacristiana.com\/?p=8774"]}]},{"@type":"BreadcrumbList","@id":"https:\/\/laprensacristiana.com\/?p=8774#breadcrumb","itemListElement":[{"@type":"ListItem","position":1,"name":"Portada","item":"https:\/\/laprensacristiana.com\/"},{"@type":"ListItem","position":2,"name":"Cristo en nosotros esperanza de gloria"}]},{"@type":"WebSite","@id":"https:\/\/laprensacristiana.com\/#website","url":"https:\/\/laprensacristiana.com\/","name":"La Prensa Cristiana","description":"Anunciando Las Buenas Nuevas","potentialAction":[{"@type":"SearchAction","target":{"@type":"EntryPoint","urlTemplate":"https:\/\/laprensacristiana.com\/?s={search_term_string}"},"query-input":"required name=search_term_string"}],"inLanguage":"es"},{"@type":"Person","@id":"https:\/\/laprensacristiana.com\/#\/schema\/person\/3e7d82c6bfd6b1fa67010f8f7cd5256e","name":"EDITOR","image":{"@type":"ImageObject","inLanguage":"es","@id":"https:\/\/laprensacristiana.com\/#\/schema\/person\/image\/","url":"https:\/\/secure.gravatar.com\/avatar\/72069dfb6c13772d9e8381e3638666d2?s=96&d=mm&r=g","contentUrl":"https:\/\/secure.gravatar.com\/avatar\/72069dfb6c13772d9e8381e3638666d2?s=96&d=mm&r=g","caption":"EDITOR"},"url":"https:\/\/laprensacristiana.com\/?author=3"}]}},"_links":{"self":[{"href":"https:\/\/laprensacristiana.com\/index.php?rest_route=\/wp\/v2\/posts\/8774"}],"collection":[{"href":"https:\/\/laprensacristiana.com\/index.php?rest_route=\/wp\/v2\/posts"}],"about":[{"href":"https:\/\/laprensacristiana.com\/index.php?rest_route=\/wp\/v2\/types\/post"}],"author":[{"embeddable":true,"href":"https:\/\/laprensacristiana.com\/index.php?rest_route=\/wp\/v2\/users\/3"}],"replies":[{"embeddable":true,"href":"https:\/\/laprensacristiana.com\/index.php?rest_route=%2Fwp%2Fv2%2Fcomments&post=8774"}],"version-history":[{"count":1,"href":"https:\/\/laprensacristiana.com\/index.php?rest_route=\/wp\/v2\/posts\/8774\/revisions"}],"predecessor-version":[{"id":8775,"href":"https:\/\/laprensacristiana.com\/index.php?rest_route=\/wp\/v2\/posts\/8774\/revisions\/8775"}],"wp:featuredmedia":[{"embeddable":true,"href":"https:\/\/laprensacristiana.com\/index.php?rest_route=\/wp\/v2\/media\/8721"}],"wp:attachment":[{"href":"https:\/\/laprensacristiana.com\/index.php?rest_route=%2Fwp%2Fv2%2Fmedia&parent=8774"}],"wp:term":[{"taxonomy":"category","embeddable":true,"href":"https:\/\/laprensacristiana.com\/index.php?rest_route=%2Fwp%2Fv2%2Fcategories&post=8774"},{"taxonomy":"post_tag","embeddable":true,"href":"https:\/\/laprensacristiana.com\/index.php?rest_route=%2Fwp%2Fv2%2Ftags&post=8774"}],"curies":[{"name":"wp","href":"https:\/\/api.w.org\/{rel}","templated":true}]}}