{"id":8781,"date":"2020-04-25T15:10:06","date_gmt":"2020-04-25T15:10:06","guid":{"rendered":"https:\/\/laprensacristiana.com\/?p=8781"},"modified":"2020-04-25T15:20:50","modified_gmt":"2020-04-25T15:20:50","slug":"8781","status":"publish","type":"post","link":"https:\/\/laprensacristiana.com\/?p=8781","title":{"rendered":"\u00bfAd\u00f3nde est\u00e1 Dios?"},"content":{"rendered":"\n<h1 class=\"wp-block-heading\"><\/h1>\n\n\n\n<p>Por: Mario Vega \/ Pastor General Misi\u00f3n Cristiana Elim <a href=\"https:\/\/www.elim.org.sv\/author\/mariovega\/\"><\/a><\/p>\n\n\n\n<p>Los funerales m\u00e1s tristes son los que se hacen para las v\u00edctimas del nuevo coronavirus.&nbsp;Los familiares deben comprar el ata\u00fad, pero no recibir\u00e1n el cuerpo de su ser querido, tampoco podr\u00e1n velarlo. No es posible realizar un servicio religioso ni escoger el lugar donde ser\u00e1 sepultado. La familia no puede estar presente. No hay espacio para las despedidas ni para llorarlo ni para recibir consuelo de otros. Son los funerales m\u00e1s tristes de la pandemia. Detr\u00e1s de cada deceso se encuentra un rostro, un nombre, una historia, una familia. Son muertes injustas, muertes que no debieron ocurrir. Frente a esta fatalidad y las otras desgracias de la pandemia uno se pregunta: \u00bfPor qu\u00e9 Dios lo permite? \u00bfPor qu\u00e9 Dios calla? \u00bfEs un castigo? \u00bfAd\u00f3nde est\u00e1 Dios?<br>Las Escrituras revelan a Dios como un padre amoroso y bueno. Su prop\u00f3sito para el ser humano es de bien y no de mal. Si estas cosas ocurren es por la entrada del pecado en el universo. Por el pecado vino la muerte, muerte en diversas expresiones y formas. Pero Dios no se qued\u00f3 s\u00f3lo con una verdad declarada, \u00e9l mostr\u00f3 su voluntad de redenci\u00f3n al encarnarse en su Hijo. El esc\u00e1ndalo de la Encarnaci\u00f3n es la mayor muestra del inter\u00e9s de Dios por redimirnos del mal y del sufrimiento. Por la Encarnaci\u00f3n Dios no solo se revel\u00f3, sino que se hizo cercano, se hizo uno de nosotros. Pero no cualquiera de nosotros, sino que se hizo un hambriento, un sediento, un preso, un enfermo. \u00c9l vino para compartir la pobreza y la muerte de su criatura. En su identificaci\u00f3n con los vulnerables y los que sufren, lleg\u00f3 a afirmar que el que da de comer al hambriento a \u00e9l le da, quien da de beber al sediento a \u00e9l le da, quien va al preso a \u00e9l va, quien visita al enfermo a \u00e9l le visita. Esa verdad teologal ilumina la vida y da fuerza y consuelo en los momentos dif\u00edciles.<\/p>\n\n\n\n<p>\u00bfAd\u00f3nde est\u00e1 Dios en medio de la pandemia? Est\u00e1, en primer lugar, en las v\u00edctimas directas o indirectas del coronavirus. Pero tambi\u00e9n est\u00e1 en los m\u00e9dicos y las enfermeras que se desviven por aliviarlos. Est\u00e1 en los cient\u00edficos que trabajan por encontrar una vacuna y un antiviral efectivo. Est\u00e1 tambi\u00e9n en los peque\u00f1os gestos de compasi\u00f3n, en la libra de frijoles y en el frasco de aceite que se comparte. Dios est\u00e1 en los que infunden esperanza y oran por los dem\u00e1s. La pandemia puede ayudarnos a encontrar a Dios donde menos lo esperamos, en quien menos lo imaginamos.<\/p>\n\n\n\n<p>\u00c9l nos invita a la conversi\u00f3n. En lugar de demandar que \u00e9l termine con la pandemia de inmediato y nos sirva como a se\u00f1ores la salud y la tranquilidad, debemos sentirnos llamados a ser parte de la redenci\u00f3n. Nos invita a descubrirlo y a servirlo en los peque\u00f1os de la tierra. En eso consiste la fe, para eso sirve el cristianismo. Es la manera en que crecemos y llegamos a ser m\u00e1s humanos; al punto de descubrir humanidad en el otro, en el vecino, en quien opina diferente. Descubrimos humanidad en Jes\u00fas, por cuanto \u00e9ste es un sendero por el que \u00c9l ya transit\u00f3 y nos lleva la delantera. \u00c9l tambi\u00e9n fue sepultado abandonado de sus disc\u00edpulos, sin tiempo para preparar su cuerpo, sin ceremonias y en un sepulcro prestado. Fue un funeral muy triste tambi\u00e9n. \u00bfAd\u00f3nde est\u00e1 Dios? En el mismo lugar de siempre, esperando a que entendamos que lo que hagamos por un necesitado a \u00e9l lo haremos.<\/p>\n","protected":false},"excerpt":{"rendered":"<p>Por: Mario Vega \/ Pastor General Misi\u00f3n Cristiana Elim Los funerales m\u00e1s tristes son los que se hacen para las v\u00edctimas del nuevo coronavirus.&nbsp;Los familiares deben comprar el ata\u00fad, pero no recibir\u00e1n el cuerpo de su ser querido, tampoco podr\u00e1n velarlo. No es posible realizar un servicio religioso ni escoger el lugar donde ser\u00e1 sepultado. [&hellip;]<\/p>\n","protected":false},"author":3,"featured_media":6072,"comment_status":"open","ping_status":"open","sticky":false,"template":"","format":"standard","meta":[],"categories":[23],"tags":[],"yoast_head":"<!-- This site is optimized with the Yoast SEO plugin v20.8 - https:\/\/yoast.com\/wordpress\/plugins\/seo\/ -->\n<title>\u00bfAd\u00f3nde est\u00e1 Dios? - La Prensa Cristiana<\/title>\n<meta name=\"robots\" content=\"index, follow, max-snippet:-1, max-image-preview:large, max-video-preview:-1\" \/>\n<link rel=\"canonical\" href=\"https:\/\/laprensacristiana.com\/?p=8781\" \/>\n<meta property=\"og:locale\" content=\"es_ES\" \/>\n<meta property=\"og:type\" content=\"article\" \/>\n<meta property=\"og:title\" content=\"\u00bfAd\u00f3nde est\u00e1 Dios? - La Prensa Cristiana\" \/>\n<meta property=\"og:description\" content=\"Por: Mario Vega \/ Pastor General Misi\u00f3n Cristiana Elim Los funerales m\u00e1s tristes son los que se hacen para las v\u00edctimas del nuevo coronavirus.&nbsp;Los familiares deben comprar el ata\u00fad, pero no recibir\u00e1n el cuerpo de su ser querido, tampoco podr\u00e1n velarlo. No es posible realizar un servicio religioso ni escoger el lugar donde ser\u00e1 sepultado. [&hellip;]\" \/>\n<meta property=\"og:url\" content=\"https:\/\/laprensacristiana.com\/?p=8781\" \/>\n<meta property=\"og:site_name\" content=\"La Prensa Cristiana\" \/>\n<meta property=\"article:published_time\" content=\"2020-04-25T15:10:06+00:00\" \/>\n<meta property=\"article:modified_time\" content=\"2020-04-25T15:20:50+00:00\" \/>\n<meta property=\"og:image\" content=\"https:\/\/laprensacristiana.com\/wp-content\/uploads\/2019\/06\/OPINION-01-scaled.jpg\" \/>\n\t<meta property=\"og:image:width\" content=\"2560\" \/>\n\t<meta property=\"og:image:height\" content=\"1429\" \/>\n\t<meta property=\"og:image:type\" content=\"image\/jpeg\" \/>\n<meta name=\"author\" content=\"EDITOR\" \/>\n<meta name=\"twitter:card\" content=\"summary_large_image\" \/>\n<meta name=\"twitter:label1\" content=\"Escrito por\" \/>\n\t<meta name=\"twitter:data1\" content=\"EDITOR\" \/>\n\t<meta name=\"twitter:label2\" content=\"Tiempo de lectura\" \/>\n\t<meta name=\"twitter:data2\" content=\"3 minutos\" \/>\n<script type=\"application\/ld+json\" class=\"yoast-schema-graph\">{\"@context\":\"https:\/\/schema.org\",\"@graph\":[{\"@type\":\"WebPage\",\"@id\":\"https:\/\/laprensacristiana.com\/?p=8781\",\"url\":\"https:\/\/laprensacristiana.com\/?p=8781\",\"name\":\"\u00bfAd\u00f3nde est\u00e1 Dios? - La Prensa Cristiana\",\"isPartOf\":{\"@id\":\"https:\/\/laprensacristiana.com\/#website\"},\"datePublished\":\"2020-04-25T15:10:06+00:00\",\"dateModified\":\"2020-04-25T15:20:50+00:00\",\"author\":{\"@id\":\"https:\/\/laprensacristiana.com\/#\/schema\/person\/3e7d82c6bfd6b1fa67010f8f7cd5256e\"},\"breadcrumb\":{\"@id\":\"https:\/\/laprensacristiana.com\/?p=8781#breadcrumb\"},\"inLanguage\":\"es\",\"potentialAction\":[{\"@type\":\"ReadAction\",\"target\":[\"https:\/\/laprensacristiana.com\/?p=8781\"]}]},{\"@type\":\"BreadcrumbList\",\"@id\":\"https:\/\/laprensacristiana.com\/?p=8781#breadcrumb\",\"itemListElement\":[{\"@type\":\"ListItem\",\"position\":1,\"name\":\"Portada\",\"item\":\"https:\/\/laprensacristiana.com\/\"},{\"@type\":\"ListItem\",\"position\":2,\"name\":\"\u00bfAd\u00f3nde est\u00e1 Dios?\"}]},{\"@type\":\"WebSite\",\"@id\":\"https:\/\/laprensacristiana.com\/#website\",\"url\":\"https:\/\/laprensacristiana.com\/\",\"name\":\"La Prensa Cristiana\",\"description\":\"Anunciando Las Buenas Nuevas\",\"potentialAction\":[{\"@type\":\"SearchAction\",\"target\":{\"@type\":\"EntryPoint\",\"urlTemplate\":\"https:\/\/laprensacristiana.com\/?s={search_term_string}\"},\"query-input\":\"required name=search_term_string\"}],\"inLanguage\":\"es\"},{\"@type\":\"Person\",\"@id\":\"https:\/\/laprensacristiana.com\/#\/schema\/person\/3e7d82c6bfd6b1fa67010f8f7cd5256e\",\"name\":\"EDITOR\",\"image\":{\"@type\":\"ImageObject\",\"inLanguage\":\"es\",\"@id\":\"https:\/\/laprensacristiana.com\/#\/schema\/person\/image\/\",\"url\":\"https:\/\/secure.gravatar.com\/avatar\/72069dfb6c13772d9e8381e3638666d2?s=96&d=mm&r=g\",\"contentUrl\":\"https:\/\/secure.gravatar.com\/avatar\/72069dfb6c13772d9e8381e3638666d2?s=96&d=mm&r=g\",\"caption\":\"EDITOR\"},\"url\":\"https:\/\/laprensacristiana.com\/?author=3\"}]}<\/script>\n<!-- \/ Yoast SEO plugin. -->","yoast_head_json":{"title":"\u00bfAd\u00f3nde est\u00e1 Dios? - La Prensa Cristiana","robots":{"index":"index","follow":"follow","max-snippet":"max-snippet:-1","max-image-preview":"max-image-preview:large","max-video-preview":"max-video-preview:-1"},"canonical":"https:\/\/laprensacristiana.com\/?p=8781","og_locale":"es_ES","og_type":"article","og_title":"\u00bfAd\u00f3nde est\u00e1 Dios? - La Prensa Cristiana","og_description":"Por: Mario Vega \/ Pastor General Misi\u00f3n Cristiana Elim Los funerales m\u00e1s tristes son los que se hacen para las v\u00edctimas del nuevo coronavirus.&nbsp;Los familiares deben comprar el ata\u00fad, pero no recibir\u00e1n el cuerpo de su ser querido, tampoco podr\u00e1n velarlo. No es posible realizar un servicio religioso ni escoger el lugar donde ser\u00e1 sepultado. [&hellip;]","og_url":"https:\/\/laprensacristiana.com\/?p=8781","og_site_name":"La Prensa Cristiana","article_published_time":"2020-04-25T15:10:06+00:00","article_modified_time":"2020-04-25T15:20:50+00:00","og_image":[{"width":2560,"height":1429,"url":"https:\/\/laprensacristiana.com\/wp-content\/uploads\/2019\/06\/OPINION-01-scaled.jpg","type":"image\/jpeg"}],"author":"EDITOR","twitter_card":"summary_large_image","twitter_misc":{"Escrito por":"EDITOR","Tiempo de lectura":"3 minutos"},"schema":{"@context":"https:\/\/schema.org","@graph":[{"@type":"WebPage","@id":"https:\/\/laprensacristiana.com\/?p=8781","url":"https:\/\/laprensacristiana.com\/?p=8781","name":"\u00bfAd\u00f3nde est\u00e1 Dios? - La Prensa Cristiana","isPartOf":{"@id":"https:\/\/laprensacristiana.com\/#website"},"datePublished":"2020-04-25T15:10:06+00:00","dateModified":"2020-04-25T15:20:50+00:00","author":{"@id":"https:\/\/laprensacristiana.com\/#\/schema\/person\/3e7d82c6bfd6b1fa67010f8f7cd5256e"},"breadcrumb":{"@id":"https:\/\/laprensacristiana.com\/?p=8781#breadcrumb"},"inLanguage":"es","potentialAction":[{"@type":"ReadAction","target":["https:\/\/laprensacristiana.com\/?p=8781"]}]},{"@type":"BreadcrumbList","@id":"https:\/\/laprensacristiana.com\/?p=8781#breadcrumb","itemListElement":[{"@type":"ListItem","position":1,"name":"Portada","item":"https:\/\/laprensacristiana.com\/"},{"@type":"ListItem","position":2,"name":"\u00bfAd\u00f3nde est\u00e1 Dios?"}]},{"@type":"WebSite","@id":"https:\/\/laprensacristiana.com\/#website","url":"https:\/\/laprensacristiana.com\/","name":"La Prensa Cristiana","description":"Anunciando Las Buenas Nuevas","potentialAction":[{"@type":"SearchAction","target":{"@type":"EntryPoint","urlTemplate":"https:\/\/laprensacristiana.com\/?s={search_term_string}"},"query-input":"required name=search_term_string"}],"inLanguage":"es"},{"@type":"Person","@id":"https:\/\/laprensacristiana.com\/#\/schema\/person\/3e7d82c6bfd6b1fa67010f8f7cd5256e","name":"EDITOR","image":{"@type":"ImageObject","inLanguage":"es","@id":"https:\/\/laprensacristiana.com\/#\/schema\/person\/image\/","url":"https:\/\/secure.gravatar.com\/avatar\/72069dfb6c13772d9e8381e3638666d2?s=96&d=mm&r=g","contentUrl":"https:\/\/secure.gravatar.com\/avatar\/72069dfb6c13772d9e8381e3638666d2?s=96&d=mm&r=g","caption":"EDITOR"},"url":"https:\/\/laprensacristiana.com\/?author=3"}]}},"_links":{"self":[{"href":"https:\/\/laprensacristiana.com\/index.php?rest_route=\/wp\/v2\/posts\/8781"}],"collection":[{"href":"https:\/\/laprensacristiana.com\/index.php?rest_route=\/wp\/v2\/posts"}],"about":[{"href":"https:\/\/laprensacristiana.com\/index.php?rest_route=\/wp\/v2\/types\/post"}],"author":[{"embeddable":true,"href":"https:\/\/laprensacristiana.com\/index.php?rest_route=\/wp\/v2\/users\/3"}],"replies":[{"embeddable":true,"href":"https:\/\/laprensacristiana.com\/index.php?rest_route=%2Fwp%2Fv2%2Fcomments&post=8781"}],"version-history":[{"count":2,"href":"https:\/\/laprensacristiana.com\/index.php?rest_route=\/wp\/v2\/posts\/8781\/revisions"}],"predecessor-version":[{"id":8783,"href":"https:\/\/laprensacristiana.com\/index.php?rest_route=\/wp\/v2\/posts\/8781\/revisions\/8783"}],"wp:featuredmedia":[{"embeddable":true,"href":"https:\/\/laprensacristiana.com\/index.php?rest_route=\/wp\/v2\/media\/6072"}],"wp:attachment":[{"href":"https:\/\/laprensacristiana.com\/index.php?rest_route=%2Fwp%2Fv2%2Fmedia&parent=8781"}],"wp:term":[{"taxonomy":"category","embeddable":true,"href":"https:\/\/laprensacristiana.com\/index.php?rest_route=%2Fwp%2Fv2%2Fcategories&post=8781"},{"taxonomy":"post_tag","embeddable":true,"href":"https:\/\/laprensacristiana.com\/index.php?rest_route=%2Fwp%2Fv2%2Ftags&post=8781"}],"curies":[{"name":"wp","href":"https:\/\/api.w.org\/{rel}","templated":true}]}}