{"id":8793,"date":"2020-04-29T20:14:51","date_gmt":"2020-04-29T20:14:51","guid":{"rendered":"https:\/\/laprensacristiana.com\/?p=8793"},"modified":"2020-07-01T19:35:57","modified_gmt":"2020-07-01T19:35:57","slug":"mujer-eres-victima-de-violencia-en-esta-cuarentena","status":"publish","type":"post","link":"https:\/\/laprensacristiana.com\/?p=8793","title":{"rendered":"\u00bfMujer eres v\u00edctima de violencia en esta cuarentena?"},"content":{"rendered":"\n<p>Nuestra historia\u00a0grita\u00a0los diferentes abusos cometidos en contra de la mujer\u00a0por hombres d\u00e9biles que\u00a0muestran\u00a0sus\u00a0temores\u00a0con\u00a0el uso de su fuerza f\u00edsica\u00a0agrediendo\u00a0a sus v\u00edctimas.\u00a0En la actualidad pocos ser\u00e1n los que ignoran\u00a0que los feminicidios\u00a0en esta \u00e9poca alcanzaron\u00a0mayor auge, que en el siglo pasado\u00a0y\u00a0a pesar de la lucha en\u00a0su\u00a0contra es poco el avance que se tiene en\u00a0el combate\u00a0de este flagelo.<\/p>\n\n\n\n<p>Este tiempo en el cual&nbsp;quedarse en casa se vuelve un modo de supervivencia&nbsp;frente a la pandemia. Podr\u00eda no ser&nbsp;del todo favorable&nbsp;para las mujeres v\u00edctimas de violencia en cualquiera de sus formas, ya que permanecer en casa&nbsp;con un compa\u00f1ero de vida abusador las pone en&nbsp;un&nbsp;riesgo&nbsp;mayor de muerte que el que podr\u00edan correr con Covid-19.<\/p>\n\n\n\n<p>Por lo grabe de esto&nbsp;considero que&nbsp;sigue siendo&nbsp;responsabilidad de&nbsp;todos&nbsp;y m\u00e1s en este tiempo&nbsp;estar vigilantes de las mujeres que sabemos son v\u00edctima de&nbsp;violencia,&nbsp;ya que este mal podr\u00eda alcanzar una escala mayor&nbsp;con la permanencia en casa&nbsp;que se vuelve propicio para los agresores e ignorantes del valor de la mujer.<\/p>\n\n\n\n<p>\u201cEn el principio cre\u00f3 Dios los cielos y la tierra\u201d Este es el enunciado categ\u00f3rico con el que abre la lectura del G\u00e9nesis y, la de toda la biblia. El universo es el resultado de la acci\u00f3n de Dios&nbsp;quien con su palabra cre\u00f3 nuestro mundo, haci\u00e9ndolo habitable y lo pobl\u00f3 de seres vivientes entre estos incluyo a la especie humana&nbsp;hombre y mujer,&nbsp;diferenci\u00e1ndola de cualquiera otra al otorgarle una dignidad especial al crearlos a su imagen y semejanza.&nbsp;En el verso 18 del capitulo 2 del G\u00e9nesis dijo Dios<\/p>\n\n\n\n<p>\u201cno es bueno que \u00e9l hombre este solo; le har\u00e9 ayuda id\u00f3nea para \u00e9l\u201d y creo a la mujer poniendo con ella, broche de oro a su creaci\u00f3n;&nbsp;Dios&nbsp;cre\u00f3 a la mujer&nbsp;con&nbsp;liderazgo&nbsp;igual que al hombre, aunque por su anatom\u00eda se le considera&nbsp;Fr\u00e1gil,comparada al hombre,&nbsp;aunque&nbsp;en&nbsp;su capacidad&nbsp;intelectual y&nbsp;su resiliencia desarrollada en cada etapa de su vida&nbsp;no lo es,&nbsp;adem\u00e1s de todas&nbsp;las capacidades&nbsp;Dios&nbsp;otorgo a la mujer&nbsp;el&nbsp;privilegio&nbsp;inigualable&nbsp;de traer vida a este mundo, lo que hace de ella un ser maravilloso&nbsp;e indispensable&nbsp;para&nbsp;la existencia y&nbsp;desarrollo&nbsp;de&nbsp;la humanidad.<\/p>\n\n\n\n<p>No obstante,&nbsp;muchas&nbsp;son silenciadas por sus verdugos por temor a estos y&nbsp;por ignorar el lugar que ocupan en el coraz\u00f3n y la mente de Dios.<\/p>\n\n\n\n<p>La recomendaci\u00f3n&nbsp;com\u00fan en&nbsp;el mundo para la contenci\u00f3n de la presente&nbsp;pandemia es permanecer en casa, evitar&nbsp;el contacto social y seguir medidas de higiene.<\/p>\n\n\n\n<p>El consejo de Dios para ti mujer maltratada es que te acerques a \u00e9l, para que rescates el valor e identidad que se te ha arrebatado.&nbsp;Esto te abrir\u00e1 una gama de posibilidades para salir triunfante&nbsp;de tu azote; entre las cuales esta&nbsp;la ayuda que te brinda&nbsp;la Fiscal\u00eda General de la Republica, por medio de tu denuncia al 2593-7000.&nbsp;O al 911&nbsp;de la&nbsp;PNC.&nbsp;Lo \u00fanico que necesitas para&nbsp;llamar&nbsp;es valor y&nbsp;decisi\u00f3n&nbsp;de supervivencia; por eso es necesario que&nbsp;leas la palabra de Dios y conozcas&nbsp;los planes que \u00e9l tiene para ti, porque haciendo esto te revestir\u00e1s de amor propio&nbsp;que dar\u00e1 la fuerza a tus pasos.<\/p>\n\n\n\n<p>\u00a1Mujer!&nbsp;Haz tu parte para&nbsp;evitar el contagio de covid-19 y tambi\u00e9n&nbsp;para&nbsp;dejar de ser v\u00edctima de violencia.&nbsp;&nbsp;&nbsp;<strong>\u00a1Denuncia!<\/strong><\/p>\n","protected":false},"excerpt":{"rendered":"<p>Nuestra historia\u00a0grita\u00a0los diferentes abusos cometidos en contra de la mujer\u00a0por hombres d\u00e9biles que\u00a0muestran\u00a0sus\u00a0temores\u00a0con\u00a0el uso de su fuerza f\u00edsica\u00a0agrediendo\u00a0a sus v\u00edctimas.\u00a0En la actualidad pocos ser\u00e1n los que ignoran\u00a0que los feminicidios\u00a0en esta \u00e9poca alcanzaron\u00a0mayor auge, que en el siglo pasado\u00a0y\u00a0a pesar de la lucha en\u00a0su\u00a0contra es poco el avance que se tiene en\u00a0el combate\u00a0de este flagelo. Este [&hellip;]<\/p>\n","protected":false},"author":3,"featured_media":8721,"comment_status":"open","ping_status":"open","sticky":false,"template":"","format":"standard","meta":[],"categories":[36],"tags":[],"yoast_head":"<!-- This site is optimized with the Yoast SEO plugin v20.8 - https:\/\/yoast.com\/wordpress\/plugins\/seo\/ -->\n<title>\u00bfMujer eres v\u00edctima de violencia en esta cuarentena? - La Prensa Cristiana<\/title>\n<meta name=\"robots\" content=\"index, follow, max-snippet:-1, max-image-preview:large, max-video-preview:-1\" \/>\n<link rel=\"canonical\" href=\"https:\/\/laprensacristiana.com\/?p=8793\" \/>\n<meta property=\"og:locale\" content=\"es_ES\" \/>\n<meta property=\"og:type\" content=\"article\" \/>\n<meta property=\"og:title\" content=\"\u00bfMujer eres v\u00edctima de violencia en esta cuarentena? - La Prensa Cristiana\" \/>\n<meta property=\"og:description\" content=\"Nuestra historia\u00a0grita\u00a0los diferentes abusos cometidos en contra de la mujer\u00a0por hombres d\u00e9biles que\u00a0muestran\u00a0sus\u00a0temores\u00a0con\u00a0el uso de su fuerza f\u00edsica\u00a0agrediendo\u00a0a sus v\u00edctimas.\u00a0En la actualidad pocos ser\u00e1n los que ignoran\u00a0que los feminicidios\u00a0en esta \u00e9poca alcanzaron\u00a0mayor auge, que en el siglo pasado\u00a0y\u00a0a pesar de la lucha en\u00a0su\u00a0contra es poco el avance que se tiene en\u00a0el combate\u00a0de este flagelo. Este [&hellip;]\" \/>\n<meta property=\"og:url\" content=\"https:\/\/laprensacristiana.com\/?p=8793\" \/>\n<meta property=\"og:site_name\" content=\"La Prensa Cristiana\" \/>\n<meta property=\"article:published_time\" content=\"2020-04-29T20:14:51+00:00\" \/>\n<meta property=\"article:modified_time\" content=\"2020-07-01T19:35:57+00:00\" \/>\n<meta property=\"og:image\" content=\"https:\/\/laprensacristiana.com\/wp-content\/uploads\/2020\/04\/JULY-LPG-2017.jpg\" \/>\n\t<meta property=\"og:image:width\" content=\"1240\" \/>\n\t<meta property=\"og:image:height\" content=\"692\" \/>\n\t<meta property=\"og:image:type\" content=\"image\/jpeg\" \/>\n<meta name=\"author\" content=\"EDITOR\" \/>\n<meta name=\"twitter:card\" content=\"summary_large_image\" \/>\n<meta name=\"twitter:label1\" content=\"Escrito por\" \/>\n\t<meta name=\"twitter:data1\" content=\"EDITOR\" \/>\n\t<meta name=\"twitter:label2\" content=\"Tiempo de lectura\" \/>\n\t<meta name=\"twitter:data2\" content=\"3 minutos\" \/>\n<script type=\"application\/ld+json\" class=\"yoast-schema-graph\">{\"@context\":\"https:\/\/schema.org\",\"@graph\":[{\"@type\":\"WebPage\",\"@id\":\"https:\/\/laprensacristiana.com\/?p=8793\",\"url\":\"https:\/\/laprensacristiana.com\/?p=8793\",\"name\":\"\u00bfMujer eres v\u00edctima de violencia en esta cuarentena? - La Prensa Cristiana\",\"isPartOf\":{\"@id\":\"https:\/\/laprensacristiana.com\/#website\"},\"datePublished\":\"2020-04-29T20:14:51+00:00\",\"dateModified\":\"2020-07-01T19:35:57+00:00\",\"author\":{\"@id\":\"https:\/\/laprensacristiana.com\/#\/schema\/person\/3e7d82c6bfd6b1fa67010f8f7cd5256e\"},\"breadcrumb\":{\"@id\":\"https:\/\/laprensacristiana.com\/?p=8793#breadcrumb\"},\"inLanguage\":\"es\",\"potentialAction\":[{\"@type\":\"ReadAction\",\"target\":[\"https:\/\/laprensacristiana.com\/?p=8793\"]}]},{\"@type\":\"BreadcrumbList\",\"@id\":\"https:\/\/laprensacristiana.com\/?p=8793#breadcrumb\",\"itemListElement\":[{\"@type\":\"ListItem\",\"position\":1,\"name\":\"Portada\",\"item\":\"https:\/\/laprensacristiana.com\/\"},{\"@type\":\"ListItem\",\"position\":2,\"name\":\"\u00bfMujer eres v\u00edctima de violencia en esta cuarentena?\"}]},{\"@type\":\"WebSite\",\"@id\":\"https:\/\/laprensacristiana.com\/#website\",\"url\":\"https:\/\/laprensacristiana.com\/\",\"name\":\"La Prensa Cristiana\",\"description\":\"Anunciando Las Buenas Nuevas\",\"potentialAction\":[{\"@type\":\"SearchAction\",\"target\":{\"@type\":\"EntryPoint\",\"urlTemplate\":\"https:\/\/laprensacristiana.com\/?s={search_term_string}\"},\"query-input\":\"required name=search_term_string\"}],\"inLanguage\":\"es\"},{\"@type\":\"Person\",\"@id\":\"https:\/\/laprensacristiana.com\/#\/schema\/person\/3e7d82c6bfd6b1fa67010f8f7cd5256e\",\"name\":\"EDITOR\",\"image\":{\"@type\":\"ImageObject\",\"inLanguage\":\"es\",\"@id\":\"https:\/\/laprensacristiana.com\/#\/schema\/person\/image\/\",\"url\":\"https:\/\/secure.gravatar.com\/avatar\/72069dfb6c13772d9e8381e3638666d2?s=96&d=mm&r=g\",\"contentUrl\":\"https:\/\/secure.gravatar.com\/avatar\/72069dfb6c13772d9e8381e3638666d2?s=96&d=mm&r=g\",\"caption\":\"EDITOR\"},\"url\":\"https:\/\/laprensacristiana.com\/?author=3\"}]}<\/script>\n<!-- \/ Yoast SEO plugin. -->","yoast_head_json":{"title":"\u00bfMujer eres v\u00edctima de violencia en esta cuarentena? - La Prensa Cristiana","robots":{"index":"index","follow":"follow","max-snippet":"max-snippet:-1","max-image-preview":"max-image-preview:large","max-video-preview":"max-video-preview:-1"},"canonical":"https:\/\/laprensacristiana.com\/?p=8793","og_locale":"es_ES","og_type":"article","og_title":"\u00bfMujer eres v\u00edctima de violencia en esta cuarentena? - La Prensa Cristiana","og_description":"Nuestra historia\u00a0grita\u00a0los diferentes abusos cometidos en contra de la mujer\u00a0por hombres d\u00e9biles que\u00a0muestran\u00a0sus\u00a0temores\u00a0con\u00a0el uso de su fuerza f\u00edsica\u00a0agrediendo\u00a0a sus v\u00edctimas.\u00a0En la actualidad pocos ser\u00e1n los que ignoran\u00a0que los feminicidios\u00a0en esta \u00e9poca alcanzaron\u00a0mayor auge, que en el siglo pasado\u00a0y\u00a0a pesar de la lucha en\u00a0su\u00a0contra es poco el avance que se tiene en\u00a0el combate\u00a0de este flagelo. Este [&hellip;]","og_url":"https:\/\/laprensacristiana.com\/?p=8793","og_site_name":"La Prensa Cristiana","article_published_time":"2020-04-29T20:14:51+00:00","article_modified_time":"2020-07-01T19:35:57+00:00","og_image":[{"width":1240,"height":692,"url":"https:\/\/laprensacristiana.com\/wp-content\/uploads\/2020\/04\/JULY-LPG-2017.jpg","type":"image\/jpeg"}],"author":"EDITOR","twitter_card":"summary_large_image","twitter_misc":{"Escrito por":"EDITOR","Tiempo de lectura":"3 minutos"},"schema":{"@context":"https:\/\/schema.org","@graph":[{"@type":"WebPage","@id":"https:\/\/laprensacristiana.com\/?p=8793","url":"https:\/\/laprensacristiana.com\/?p=8793","name":"\u00bfMujer eres v\u00edctima de violencia en esta cuarentena? - La Prensa Cristiana","isPartOf":{"@id":"https:\/\/laprensacristiana.com\/#website"},"datePublished":"2020-04-29T20:14:51+00:00","dateModified":"2020-07-01T19:35:57+00:00","author":{"@id":"https:\/\/laprensacristiana.com\/#\/schema\/person\/3e7d82c6bfd6b1fa67010f8f7cd5256e"},"breadcrumb":{"@id":"https:\/\/laprensacristiana.com\/?p=8793#breadcrumb"},"inLanguage":"es","potentialAction":[{"@type":"ReadAction","target":["https:\/\/laprensacristiana.com\/?p=8793"]}]},{"@type":"BreadcrumbList","@id":"https:\/\/laprensacristiana.com\/?p=8793#breadcrumb","itemListElement":[{"@type":"ListItem","position":1,"name":"Portada","item":"https:\/\/laprensacristiana.com\/"},{"@type":"ListItem","position":2,"name":"\u00bfMujer eres v\u00edctima de violencia en esta cuarentena?"}]},{"@type":"WebSite","@id":"https:\/\/laprensacristiana.com\/#website","url":"https:\/\/laprensacristiana.com\/","name":"La Prensa Cristiana","description":"Anunciando Las Buenas Nuevas","potentialAction":[{"@type":"SearchAction","target":{"@type":"EntryPoint","urlTemplate":"https:\/\/laprensacristiana.com\/?s={search_term_string}"},"query-input":"required name=search_term_string"}],"inLanguage":"es"},{"@type":"Person","@id":"https:\/\/laprensacristiana.com\/#\/schema\/person\/3e7d82c6bfd6b1fa67010f8f7cd5256e","name":"EDITOR","image":{"@type":"ImageObject","inLanguage":"es","@id":"https:\/\/laprensacristiana.com\/#\/schema\/person\/image\/","url":"https:\/\/secure.gravatar.com\/avatar\/72069dfb6c13772d9e8381e3638666d2?s=96&d=mm&r=g","contentUrl":"https:\/\/secure.gravatar.com\/avatar\/72069dfb6c13772d9e8381e3638666d2?s=96&d=mm&r=g","caption":"EDITOR"},"url":"https:\/\/laprensacristiana.com\/?author=3"}]}},"_links":{"self":[{"href":"https:\/\/laprensacristiana.com\/index.php?rest_route=\/wp\/v2\/posts\/8793"}],"collection":[{"href":"https:\/\/laprensacristiana.com\/index.php?rest_route=\/wp\/v2\/posts"}],"about":[{"href":"https:\/\/laprensacristiana.com\/index.php?rest_route=\/wp\/v2\/types\/post"}],"author":[{"embeddable":true,"href":"https:\/\/laprensacristiana.com\/index.php?rest_route=\/wp\/v2\/users\/3"}],"replies":[{"embeddable":true,"href":"https:\/\/laprensacristiana.com\/index.php?rest_route=%2Fwp%2Fv2%2Fcomments&post=8793"}],"version-history":[{"count":1,"href":"https:\/\/laprensacristiana.com\/index.php?rest_route=\/wp\/v2\/posts\/8793\/revisions"}],"predecessor-version":[{"id":8794,"href":"https:\/\/laprensacristiana.com\/index.php?rest_route=\/wp\/v2\/posts\/8793\/revisions\/8794"}],"wp:featuredmedia":[{"embeddable":true,"href":"https:\/\/laprensacristiana.com\/index.php?rest_route=\/wp\/v2\/media\/8721"}],"wp:attachment":[{"href":"https:\/\/laprensacristiana.com\/index.php?rest_route=%2Fwp%2Fv2%2Fmedia&parent=8793"}],"wp:term":[{"taxonomy":"category","embeddable":true,"href":"https:\/\/laprensacristiana.com\/index.php?rest_route=%2Fwp%2Fv2%2Fcategories&post=8793"},{"taxonomy":"post_tag","embeddable":true,"href":"https:\/\/laprensacristiana.com\/index.php?rest_route=%2Fwp%2Fv2%2Ftags&post=8793"}],"curies":[{"name":"wp","href":"https:\/\/api.w.org\/{rel}","templated":true}]}}