{"id":8798,"date":"2020-05-01T19:06:33","date_gmt":"2020-05-01T19:06:33","guid":{"rendered":"https:\/\/laprensacristiana.com\/?p=8798"},"modified":"2020-05-01T19:06:36","modified_gmt":"2020-05-01T19:06:36","slug":"gracias-por-la-traicion","status":"publish","type":"post","link":"https:\/\/laprensacristiana.com\/?p=8798","title":{"rendered":"\u00bfGracias por la traici\u00f3n?"},"content":{"rendered":"\n<p>1 Cor. 12:23 \u201c\u2026 el Se\u00f1or Jes\u00fas, la noche en que fue entregado\u2026despu\u00e9s de dar gracias\u2026\u201d<\/p>\n\n\n\n<p>\u00bfGracias por la traici\u00f3n? \u00bfGracias por el golpe bajo? \u00bfPor el abuso sufrido en la ni\u00f1ez? \u00bfSe puede, en verdad dar gracias por todo el dolor, los insultos y vej\u00e1menes sufridos por otras personas, especialmente de quienes debieron amarnos?<\/p>\n\n\n\n<p>Bueno, sin el Amor de Jesus en nuestros corazones es imposible. <\/p>\n\n\n\n<p>La esposa que ha sido golpeada por el hombre abusador que prometi\u00f3 amarla hasta el fin y a los pocos kil\u00f3metros en el matrimonio empez\u00f3 a golpearla no solo en el cuerpo pero tambi\u00e9n en el alma, que ha tenido hijos con ella y noches de pasi\u00f3n, noches de besos y arrumacos, y luego la golpea rebaj\u00e1ndola a un simple objeto  sexual, \u00bfse podr\u00e1 dar gracias?<\/p>\n\n\n\n<p>Atenci\u00f3n: No estoy hablando de quedarse como si tal cosa. No equivoquemos el escenario. Estoy hablando de mantener un coraz\u00f3n sin rencores. Un coraz\u00f3n libre de toda contaminaci\u00f3n de odio y amarguras. Porque lo que m\u00e0s va a provocar verdadero dolor no son los golpes, no es la traici\u00f3n ni los insultos. Lo que verdaderamente va a doler es guardar rencor. Es permitir que la amargura y la ira se adue\u00f1en de nuestro ser interior.<\/p>\n\n\n\n<p>Y eso es lo que sucede en muchas personas. Guardan en sus corazones todo el dolor y tristezas que les ocasion\u00f3 la vida a trav\u00e9s de personas que se prestaron para ser instrumentos de maldad en sus vidas. Con el tiempo se vuelcan hacia los instrumentos permitiendo que el rencor anidara en sus corazones y luego buscan qui\u00e9n se las paga, no quien se las debe como dice el dicho callejero.  Los hijos sufren por la venganza. La pareja sufre. La familia sufre. Es que hay un herido en la casa.<\/p>\n\n\n\n<p>Jesus nos da una c\u00e1tedra de como manejar la traici\u00f3n. Todos conocemos la historia. Los hechos fueron dolorosos. Tener un amigo de confianza y recibir una pu\u00f1alada trapera, comer con \u00e8l y luego esperar que hiciera lo que ya hab\u00eda dispuesto en las cavernas oscuras de su coraz\u00f3n: traicionar a su amigo. Traicionar a quien le dio un bocado de pan en la misma boca. Traicionar a quien solo bien le hab\u00eda hecho. Vender vilmente a quien hasta hace poco se humill\u00f3 lav\u00e1ndole los sucios pies, aunque no pudo lavarle lo m\u00e0s sucio a\u00fan: su coraz\u00f3n.<\/p>\n\n\n\n<p>Eso le pas\u00f2 a Jos\u00e8, el hijo de Jacob.  Lo humillaron.  Lo vendieron. Lo abusaron. Pas\u00f2 a\u00f1os en la c\u00e0rcel por culpa de sus perversos hermanos. Su padre no lo busc\u00f2. Potifar lo encarcel\u00f2. El panadero lo olvid\u00f3. Este hombre fue un dechado de traiciones y dolores causados por las personas que debieron protegerlo, amarlo y cuidarlo. Pero no. Tomaron un camino diferente de celos y envidias y lo hicieron transitar por una vida llena de dolores y frustraciones.<\/p>\n\n\n\n<p>Pero un d\u00eca. Ah, un d\u00eca. Siempre hay un d\u00eca mis amados lectores. Siempre, en la vida, habr\u00e1 un d\u00eca en que aquellos que nos ofendieron y nos humillaron se cruzar\u00e1n en una calle en donde el sem\u00e1foro se ponga en rojo y no habr\u00e1 m\u00e0s remedio que juntarnos en esa esquina. Y tendremos que vernos a los ojos. Y tendremos que tomar una decisi\u00f3n. O los ignoramos o los saludamos. O mostramos una mueca de odio y rencor o una sonrisa brillante de comprensi\u00f3n y amistad.<\/p>\n\n\n\n<p>Un d\u00eca usted se reunir\u00e1 con su \u201cex\u201d para decidir el futuro de su hijo. Un d\u00eca, en una cama de hospital nos llegar\u00e1 una visita que no esper\u00e1bamos nunca volver a ver. O en un velorio encontraremos a \u201cesa persona\u201d que nos dej\u00f3 tirados en el camino de la vida sin importarle qu\u00e9 hab\u00eda sido de nosotros.<\/p>\n\n\n\n<p>A Jos\u00e8 y sus  hermanos les lleg\u00f3  ese d\u00eca. Nunca se imaginaron que el encargado del gobierno para dar de comer a los hambrientos era su hermanito.  Jos\u00e8 nunca se imagin\u00f3 que el hambre lo iba a poner frente a ellos. Lleg\u00f3 el d\u00eca de hacer una de dos cosas: O dejarlos morir de hambre o darles de comer. \u00bfQu\u00e9 hizo Jesus? Dio de comer. \u00bfQu\u00e9 hizo Jos\u00e8? Darles de comer. \u00bfQu\u00e9 har\u00eda usted? He all\u00ed el quid de la cuesti\u00f3n.<\/p>\n\n\n\n<p>Ahora que las cosas han cambiado. Ahora que usted tiene un buen trabajo. Ahora que se gradu\u00f3 con honores y lleg\u00f3 el padre que la dej\u00f3 tirada desde ni\u00f1a y quiere tomarse una foto con usted. Ahora que usted est\u00e1 en la cima y llega \u201caquella\u201d que lo dej\u00f3 en el fango del dolor a reclamar lo que no es de ella. <\/p>\n\n\n\n<p>\u00bfCu\u00e1l va a ser su respuesta? Si usted ha conocido a Jos\u00e8 y a Jesus, no tendr\u00e1 m\u00e0s remedio que dar la mano, sonre\u00edr, bendecir y seguir libre su camino hacia la bendici\u00f3n de Dios.<\/p>\n\n\n\n<p>SOLI DEO GLORIA<\/p>\n","protected":false},"excerpt":{"rendered":"<p>1 Cor. 12:23 \u201c\u2026 el Se\u00f1or Jes\u00fas, la noche en que fue entregado\u2026despu\u00e9s de dar gracias\u2026\u201d \u00bfGracias por la traici\u00f3n? \u00bfGracias por el golpe bajo? \u00bfPor el abuso sufrido en la ni\u00f1ez? \u00bfSe puede, en verdad dar gracias por todo el dolor, los insultos y vej\u00e1menes sufridos por otras personas, especialmente de quienes debieron amarnos? [&hellip;]<\/p>\n","protected":false},"author":3,"featured_media":7949,"comment_status":"open","ping_status":"open","sticky":false,"template":"","format":"standard","meta":[],"categories":[36],"tags":[],"yoast_head":"<!-- This site is optimized with the Yoast SEO plugin v20.8 - https:\/\/yoast.com\/wordpress\/plugins\/seo\/ -->\n<title>\u00bfGracias por la traici\u00f3n? - La Prensa Cristiana<\/title>\n<meta name=\"robots\" content=\"index, follow, max-snippet:-1, max-image-preview:large, max-video-preview:-1\" \/>\n<link rel=\"canonical\" href=\"https:\/\/laprensacristiana.com\/?p=8798\" \/>\n<meta property=\"og:locale\" content=\"es_ES\" \/>\n<meta property=\"og:type\" content=\"article\" \/>\n<meta property=\"og:title\" content=\"\u00bfGracias por la traici\u00f3n? - La Prensa Cristiana\" \/>\n<meta property=\"og:description\" content=\"1 Cor. 12:23 \u201c\u2026 el Se\u00f1or Jes\u00fas, la noche en que fue entregado\u2026despu\u00e9s de dar gracias\u2026\u201d \u00bfGracias por la traici\u00f3n? \u00bfGracias por el golpe bajo? \u00bfPor el abuso sufrido en la ni\u00f1ez? \u00bfSe puede, en verdad dar gracias por todo el dolor, los insultos y vej\u00e1menes sufridos por otras personas, especialmente de quienes debieron amarnos? [&hellip;]\" \/>\n<meta property=\"og:url\" content=\"https:\/\/laprensacristiana.com\/?p=8798\" \/>\n<meta property=\"og:site_name\" content=\"La Prensa Cristiana\" \/>\n<meta property=\"article:published_time\" content=\"2020-05-01T19:06:33+00:00\" \/>\n<meta property=\"article:modified_time\" content=\"2020-05-01T19:06:36+00:00\" \/>\n<meta property=\"og:image\" content=\"https:\/\/laprensacristiana.com\/wp-content\/uploads\/2020\/01\/2017-11-23-PHOTO-00003245-1.jpg\" \/>\n\t<meta property=\"og:image:width\" content=\"1280\" \/>\n\t<meta property=\"og:image:height\" content=\"714\" \/>\n\t<meta property=\"og:image:type\" content=\"image\/jpeg\" \/>\n<meta name=\"author\" content=\"EDITOR\" \/>\n<meta name=\"twitter:card\" content=\"summary_large_image\" \/>\n<meta name=\"twitter:label1\" content=\"Escrito por\" \/>\n\t<meta name=\"twitter:data1\" content=\"EDITOR\" \/>\n\t<meta name=\"twitter:label2\" content=\"Tiempo de lectura\" \/>\n\t<meta name=\"twitter:data2\" content=\"4 minutos\" \/>\n<script type=\"application\/ld+json\" class=\"yoast-schema-graph\">{\"@context\":\"https:\/\/schema.org\",\"@graph\":[{\"@type\":\"WebPage\",\"@id\":\"https:\/\/laprensacristiana.com\/?p=8798\",\"url\":\"https:\/\/laprensacristiana.com\/?p=8798\",\"name\":\"\u00bfGracias por la traici\u00f3n? - La Prensa Cristiana\",\"isPartOf\":{\"@id\":\"https:\/\/laprensacristiana.com\/#website\"},\"datePublished\":\"2020-05-01T19:06:33+00:00\",\"dateModified\":\"2020-05-01T19:06:36+00:00\",\"author\":{\"@id\":\"https:\/\/laprensacristiana.com\/#\/schema\/person\/3e7d82c6bfd6b1fa67010f8f7cd5256e\"},\"breadcrumb\":{\"@id\":\"https:\/\/laprensacristiana.com\/?p=8798#breadcrumb\"},\"inLanguage\":\"es\",\"potentialAction\":[{\"@type\":\"ReadAction\",\"target\":[\"https:\/\/laprensacristiana.com\/?p=8798\"]}]},{\"@type\":\"BreadcrumbList\",\"@id\":\"https:\/\/laprensacristiana.com\/?p=8798#breadcrumb\",\"itemListElement\":[{\"@type\":\"ListItem\",\"position\":1,\"name\":\"Portada\",\"item\":\"https:\/\/laprensacristiana.com\/\"},{\"@type\":\"ListItem\",\"position\":2,\"name\":\"\u00bfGracias por la traici\u00f3n?\"}]},{\"@type\":\"WebSite\",\"@id\":\"https:\/\/laprensacristiana.com\/#website\",\"url\":\"https:\/\/laprensacristiana.com\/\",\"name\":\"La Prensa Cristiana\",\"description\":\"Anunciando Las Buenas Nuevas\",\"potentialAction\":[{\"@type\":\"SearchAction\",\"target\":{\"@type\":\"EntryPoint\",\"urlTemplate\":\"https:\/\/laprensacristiana.com\/?s={search_term_string}\"},\"query-input\":\"required name=search_term_string\"}],\"inLanguage\":\"es\"},{\"@type\":\"Person\",\"@id\":\"https:\/\/laprensacristiana.com\/#\/schema\/person\/3e7d82c6bfd6b1fa67010f8f7cd5256e\",\"name\":\"EDITOR\",\"image\":{\"@type\":\"ImageObject\",\"inLanguage\":\"es\",\"@id\":\"https:\/\/laprensacristiana.com\/#\/schema\/person\/image\/\",\"url\":\"https:\/\/secure.gravatar.com\/avatar\/72069dfb6c13772d9e8381e3638666d2?s=96&d=mm&r=g\",\"contentUrl\":\"https:\/\/secure.gravatar.com\/avatar\/72069dfb6c13772d9e8381e3638666d2?s=96&d=mm&r=g\",\"caption\":\"EDITOR\"},\"url\":\"https:\/\/laprensacristiana.com\/?author=3\"}]}<\/script>\n<!-- \/ Yoast SEO plugin. -->","yoast_head_json":{"title":"\u00bfGracias por la traici\u00f3n? - La Prensa Cristiana","robots":{"index":"index","follow":"follow","max-snippet":"max-snippet:-1","max-image-preview":"max-image-preview:large","max-video-preview":"max-video-preview:-1"},"canonical":"https:\/\/laprensacristiana.com\/?p=8798","og_locale":"es_ES","og_type":"article","og_title":"\u00bfGracias por la traici\u00f3n? - La Prensa Cristiana","og_description":"1 Cor. 12:23 \u201c\u2026 el Se\u00f1or Jes\u00fas, la noche en que fue entregado\u2026despu\u00e9s de dar gracias\u2026\u201d \u00bfGracias por la traici\u00f3n? \u00bfGracias por el golpe bajo? \u00bfPor el abuso sufrido en la ni\u00f1ez? \u00bfSe puede, en verdad dar gracias por todo el dolor, los insultos y vej\u00e1menes sufridos por otras personas, especialmente de quienes debieron amarnos? [&hellip;]","og_url":"https:\/\/laprensacristiana.com\/?p=8798","og_site_name":"La Prensa Cristiana","article_published_time":"2020-05-01T19:06:33+00:00","article_modified_time":"2020-05-01T19:06:36+00:00","og_image":[{"width":1280,"height":714,"url":"https:\/\/laprensacristiana.com\/wp-content\/uploads\/2020\/01\/2017-11-23-PHOTO-00003245-1.jpg","type":"image\/jpeg"}],"author":"EDITOR","twitter_card":"summary_large_image","twitter_misc":{"Escrito por":"EDITOR","Tiempo de lectura":"4 minutos"},"schema":{"@context":"https:\/\/schema.org","@graph":[{"@type":"WebPage","@id":"https:\/\/laprensacristiana.com\/?p=8798","url":"https:\/\/laprensacristiana.com\/?p=8798","name":"\u00bfGracias por la traici\u00f3n? - La Prensa Cristiana","isPartOf":{"@id":"https:\/\/laprensacristiana.com\/#website"},"datePublished":"2020-05-01T19:06:33+00:00","dateModified":"2020-05-01T19:06:36+00:00","author":{"@id":"https:\/\/laprensacristiana.com\/#\/schema\/person\/3e7d82c6bfd6b1fa67010f8f7cd5256e"},"breadcrumb":{"@id":"https:\/\/laprensacristiana.com\/?p=8798#breadcrumb"},"inLanguage":"es","potentialAction":[{"@type":"ReadAction","target":["https:\/\/laprensacristiana.com\/?p=8798"]}]},{"@type":"BreadcrumbList","@id":"https:\/\/laprensacristiana.com\/?p=8798#breadcrumb","itemListElement":[{"@type":"ListItem","position":1,"name":"Portada","item":"https:\/\/laprensacristiana.com\/"},{"@type":"ListItem","position":2,"name":"\u00bfGracias por la traici\u00f3n?"}]},{"@type":"WebSite","@id":"https:\/\/laprensacristiana.com\/#website","url":"https:\/\/laprensacristiana.com\/","name":"La Prensa Cristiana","description":"Anunciando Las Buenas Nuevas","potentialAction":[{"@type":"SearchAction","target":{"@type":"EntryPoint","urlTemplate":"https:\/\/laprensacristiana.com\/?s={search_term_string}"},"query-input":"required name=search_term_string"}],"inLanguage":"es"},{"@type":"Person","@id":"https:\/\/laprensacristiana.com\/#\/schema\/person\/3e7d82c6bfd6b1fa67010f8f7cd5256e","name":"EDITOR","image":{"@type":"ImageObject","inLanguage":"es","@id":"https:\/\/laprensacristiana.com\/#\/schema\/person\/image\/","url":"https:\/\/secure.gravatar.com\/avatar\/72069dfb6c13772d9e8381e3638666d2?s=96&d=mm&r=g","contentUrl":"https:\/\/secure.gravatar.com\/avatar\/72069dfb6c13772d9e8381e3638666d2?s=96&d=mm&r=g","caption":"EDITOR"},"url":"https:\/\/laprensacristiana.com\/?author=3"}]}},"_links":{"self":[{"href":"https:\/\/laprensacristiana.com\/index.php?rest_route=\/wp\/v2\/posts\/8798"}],"collection":[{"href":"https:\/\/laprensacristiana.com\/index.php?rest_route=\/wp\/v2\/posts"}],"about":[{"href":"https:\/\/laprensacristiana.com\/index.php?rest_route=\/wp\/v2\/types\/post"}],"author":[{"embeddable":true,"href":"https:\/\/laprensacristiana.com\/index.php?rest_route=\/wp\/v2\/users\/3"}],"replies":[{"embeddable":true,"href":"https:\/\/laprensacristiana.com\/index.php?rest_route=%2Fwp%2Fv2%2Fcomments&post=8798"}],"version-history":[{"count":1,"href":"https:\/\/laprensacristiana.com\/index.php?rest_route=\/wp\/v2\/posts\/8798\/revisions"}],"predecessor-version":[{"id":8799,"href":"https:\/\/laprensacristiana.com\/index.php?rest_route=\/wp\/v2\/posts\/8798\/revisions\/8799"}],"wp:featuredmedia":[{"embeddable":true,"href":"https:\/\/laprensacristiana.com\/index.php?rest_route=\/wp\/v2\/media\/7949"}],"wp:attachment":[{"href":"https:\/\/laprensacristiana.com\/index.php?rest_route=%2Fwp%2Fv2%2Fmedia&parent=8798"}],"wp:term":[{"taxonomy":"category","embeddable":true,"href":"https:\/\/laprensacristiana.com\/index.php?rest_route=%2Fwp%2Fv2%2Fcategories&post=8798"},{"taxonomy":"post_tag","embeddable":true,"href":"https:\/\/laprensacristiana.com\/index.php?rest_route=%2Fwp%2Fv2%2Ftags&post=8798"}],"curies":[{"name":"wp","href":"https:\/\/api.w.org\/{rel}","templated":true}]}}