{"id":8819,"date":"2020-05-07T14:12:54","date_gmt":"2020-05-07T14:12:54","guid":{"rendered":"https:\/\/laprensacristiana.com\/?p=8819"},"modified":"2020-07-01T19:35:32","modified_gmt":"2020-07-01T19:35:32","slug":"en-el-cielo-no-hay-cuarentena","status":"publish","type":"post","link":"https:\/\/laprensacristiana.com\/?p=8819","title":{"rendered":"En el cielo no hay cuarentena."},"content":{"rendered":"\n<p>La noche del pasado martes por medio de cadena nacional de radio y TV, los salvadore\u00f1os fuimos notificados de una nueva \u201ccuarentena especial\u201d denominada as\u00ed, por el gobierno central, lo nuevo de \u00e9sta, es que nuestro \u00faltimo n\u00famero de DUI marcar\u00e1 el d\u00eda en el cual podremos salir a comprar productos de primera necesidad, esto para minimizar el libre tr\u00e1nsito de todos, elevando as\u00ed la contenci\u00f3n de Covid-19, en nuestro amado pa\u00eds El Salvador<strong>.<\/strong><\/p>\n\n\n\n<p>Esta disposici\u00f3n como todas trae cosas positivas, pero de igual modo negativas, como es el hecho de que al incumplir dicha normativa podr\u00edamos ser detenidos y presentados a un m\u00e9dico que evaluar\u00e1 el nivel de exposici\u00f3n al virus, el que haciendo uso exclusivo de su juicio enviar\u00e1 a los infractores al centro de cuarentena de su parecer. Lo que considero de alta peligrosidad ya que seguramente el doctor evaluador no portar\u00e1 su t\u00edtulo en mano y quiz\u00e1 muy probablemente ni su sello. Lo que se puede prestar para que cualquier persona disfrazada con vestimentas relacionadas a esa profesi\u00f3n, ponga en riesgo la integridad de mujeres transe\u00fantes o conductoras haciendo uso de la fuerza para ejercer cualquier tipo de violencia en contra de ellas, en fin, de cara a cualquier anomal\u00eda que se pueda presentar con esto, considero que bien haremos todas, acatando lo dispuesto por beneficio propio. Inmediatamente termino la cadena nacional alguien me llamo angustiada preguntando \u00bfC\u00f3mo poder seguir confiando que esto pronto acabar\u00e1 si cada d\u00eda se ponen peor las cosas? A lo que conteste convencida <em>\u00a1tranquila, en el cielo no hay cuarentena!<\/em> Y todos los que estamos confiando en el mover de Dios debemos hacerlo practicando la fe \u201ccerteza de lo que se espera y, convicci\u00f3n de lo que no se ve\u201d. Para que lo escrito en Isa\u00edas 26:3. Sea una realidad en nosotros <strong>\u201cT\u00fa guardaras en completa paz a aquel cuyo pensamiento en ti persevera porque en ti ha confiado<\/strong>\u201d. Ciertamente cuan gratificante y maravilloso es saber que la obra en el cielo no ha parado, los \u00e1ngeles siguen cuidando de nosotros, el plan de Dios para con cada uno de sus hijos y a\u00fan para con los incr\u00e9dulos sigue en marcha, en el cielo se esta preparando un cambio de estaci\u00f3n global, una nueva modalidad en la vida humana, en el que todos participaremos, y conoceremos a su tiempo. \u00a0\u00a0\u00a0<\/p>\n\n\n\n<p>&nbsp;As\u00ed como desde el pasado diciembre que se dio\na conocer del virus Covid-19, el que a poco tiempo despu\u00e9s de su descubrimiento\npor su nivel alarmante de propagaci\u00f3n y gravedad la OMS lo caracterizo como\npandemia. El mundo experimento un cambio de impacto social y econ\u00f3mico, que nos\nest\u00e1 preparando para una nueva modalidad de vida en la que deberemos despojarnos\nde viejos h\u00e1bitos para aprender nuevos, y seguir avanzando. De las cosas que podemos\nver con claridad que tendremos que acostumbrarnos son el uso de mascarillas,\ndistanciamiento social, mayor concientizaci\u00f3n de higiene personal, innovaci\u00f3n comercial,\nentre otros. Puesto que, cuando el furor del presente virus cese, este como los\notros virus existentes ya, pasar\u00e1 a formar parte de los males que conviven con\nnosotros. Lo que nos obligar\u00e1 a conservar las medidas antes mencionadas para\nnuestra supervivencia. No obstante, la buena noticia sigue siendo que no\nestamos solos y mucho menos a merced de esta peste. El Dios que creo el\nuniverso esta con nosotros, y en su mano tiene el control no solo de la\npandemia sino de todo lo que este en contra de su voluntad buena, agradable y\nperfecta. <\/p>\n\n\n\n<p>Cumplamos la\nnueva cuarentena especial, a la vez que reposamos en el hecho de que en el\ncielo no hay cuarentena, Dios sigue sentado en su trono de poder. <\/p>\n\n\n\n<p>\u00a1Confiemos en\nJehov\u00e1 perpetuamente, porque en el Se\u00f1or est\u00e1 la fortaleza de los siglos! <\/p>\n","protected":false},"excerpt":{"rendered":"<p>La noche del pasado martes por medio de cadena nacional de radio y TV, los salvadore\u00f1os fuimos notificados de una nueva \u201ccuarentena especial\u201d denominada as\u00ed, por el gobierno central, lo nuevo de \u00e9sta, es que nuestro \u00faltimo n\u00famero de DUI marcar\u00e1 el d\u00eda en el cual podremos salir a comprar productos de primera necesidad, esto [&hellip;]<\/p>\n","protected":false},"author":3,"featured_media":8721,"comment_status":"open","ping_status":"open","sticky":false,"template":"","format":"standard","meta":[],"categories":[36],"tags":[],"yoast_head":"<!-- This site is optimized with the Yoast SEO plugin v20.8 - https:\/\/yoast.com\/wordpress\/plugins\/seo\/ -->\n<title>En el cielo no hay cuarentena. - La Prensa Cristiana<\/title>\n<meta name=\"robots\" content=\"index, follow, max-snippet:-1, max-image-preview:large, max-video-preview:-1\" \/>\n<link rel=\"canonical\" href=\"https:\/\/laprensacristiana.com\/?p=8819\" \/>\n<meta property=\"og:locale\" content=\"es_ES\" \/>\n<meta property=\"og:type\" content=\"article\" \/>\n<meta property=\"og:title\" content=\"En el cielo no hay cuarentena. - La Prensa Cristiana\" \/>\n<meta property=\"og:description\" content=\"La noche del pasado martes por medio de cadena nacional de radio y TV, los salvadore\u00f1os fuimos notificados de una nueva \u201ccuarentena especial\u201d denominada as\u00ed, por el gobierno central, lo nuevo de \u00e9sta, es que nuestro \u00faltimo n\u00famero de DUI marcar\u00e1 el d\u00eda en el cual podremos salir a comprar productos de primera necesidad, esto [&hellip;]\" \/>\n<meta property=\"og:url\" content=\"https:\/\/laprensacristiana.com\/?p=8819\" \/>\n<meta property=\"og:site_name\" content=\"La Prensa Cristiana\" \/>\n<meta property=\"article:published_time\" content=\"2020-05-07T14:12:54+00:00\" \/>\n<meta property=\"article:modified_time\" content=\"2020-07-01T19:35:32+00:00\" \/>\n<meta property=\"og:image\" content=\"https:\/\/laprensacristiana.com\/wp-content\/uploads\/2020\/04\/JULY-LPG-2017.jpg\" \/>\n\t<meta property=\"og:image:width\" content=\"1240\" \/>\n\t<meta property=\"og:image:height\" content=\"692\" \/>\n\t<meta property=\"og:image:type\" content=\"image\/jpeg\" \/>\n<meta name=\"author\" content=\"EDITOR\" \/>\n<meta name=\"twitter:card\" content=\"summary_large_image\" \/>\n<meta name=\"twitter:label1\" content=\"Escrito por\" \/>\n\t<meta name=\"twitter:data1\" content=\"EDITOR\" \/>\n\t<meta name=\"twitter:label2\" content=\"Tiempo de lectura\" \/>\n\t<meta name=\"twitter:data2\" content=\"3 minutos\" \/>\n<script type=\"application\/ld+json\" class=\"yoast-schema-graph\">{\"@context\":\"https:\/\/schema.org\",\"@graph\":[{\"@type\":\"WebPage\",\"@id\":\"https:\/\/laprensacristiana.com\/?p=8819\",\"url\":\"https:\/\/laprensacristiana.com\/?p=8819\",\"name\":\"En el cielo no hay cuarentena. - La Prensa Cristiana\",\"isPartOf\":{\"@id\":\"https:\/\/laprensacristiana.com\/#website\"},\"datePublished\":\"2020-05-07T14:12:54+00:00\",\"dateModified\":\"2020-07-01T19:35:32+00:00\",\"author\":{\"@id\":\"https:\/\/laprensacristiana.com\/#\/schema\/person\/3e7d82c6bfd6b1fa67010f8f7cd5256e\"},\"breadcrumb\":{\"@id\":\"https:\/\/laprensacristiana.com\/?p=8819#breadcrumb\"},\"inLanguage\":\"es\",\"potentialAction\":[{\"@type\":\"ReadAction\",\"target\":[\"https:\/\/laprensacristiana.com\/?p=8819\"]}]},{\"@type\":\"BreadcrumbList\",\"@id\":\"https:\/\/laprensacristiana.com\/?p=8819#breadcrumb\",\"itemListElement\":[{\"@type\":\"ListItem\",\"position\":1,\"name\":\"Portada\",\"item\":\"https:\/\/laprensacristiana.com\/\"},{\"@type\":\"ListItem\",\"position\":2,\"name\":\"En el cielo no hay cuarentena.\"}]},{\"@type\":\"WebSite\",\"@id\":\"https:\/\/laprensacristiana.com\/#website\",\"url\":\"https:\/\/laprensacristiana.com\/\",\"name\":\"La Prensa Cristiana\",\"description\":\"Anunciando Las Buenas Nuevas\",\"potentialAction\":[{\"@type\":\"SearchAction\",\"target\":{\"@type\":\"EntryPoint\",\"urlTemplate\":\"https:\/\/laprensacristiana.com\/?s={search_term_string}\"},\"query-input\":\"required name=search_term_string\"}],\"inLanguage\":\"es\"},{\"@type\":\"Person\",\"@id\":\"https:\/\/laprensacristiana.com\/#\/schema\/person\/3e7d82c6bfd6b1fa67010f8f7cd5256e\",\"name\":\"EDITOR\",\"image\":{\"@type\":\"ImageObject\",\"inLanguage\":\"es\",\"@id\":\"https:\/\/laprensacristiana.com\/#\/schema\/person\/image\/\",\"url\":\"https:\/\/secure.gravatar.com\/avatar\/72069dfb6c13772d9e8381e3638666d2?s=96&d=mm&r=g\",\"contentUrl\":\"https:\/\/secure.gravatar.com\/avatar\/72069dfb6c13772d9e8381e3638666d2?s=96&d=mm&r=g\",\"caption\":\"EDITOR\"},\"url\":\"https:\/\/laprensacristiana.com\/?author=3\"}]}<\/script>\n<!-- \/ Yoast SEO plugin. -->","yoast_head_json":{"title":"En el cielo no hay cuarentena. - La Prensa Cristiana","robots":{"index":"index","follow":"follow","max-snippet":"max-snippet:-1","max-image-preview":"max-image-preview:large","max-video-preview":"max-video-preview:-1"},"canonical":"https:\/\/laprensacristiana.com\/?p=8819","og_locale":"es_ES","og_type":"article","og_title":"En el cielo no hay cuarentena. - La Prensa Cristiana","og_description":"La noche del pasado martes por medio de cadena nacional de radio y TV, los salvadore\u00f1os fuimos notificados de una nueva \u201ccuarentena especial\u201d denominada as\u00ed, por el gobierno central, lo nuevo de \u00e9sta, es que nuestro \u00faltimo n\u00famero de DUI marcar\u00e1 el d\u00eda en el cual podremos salir a comprar productos de primera necesidad, esto [&hellip;]","og_url":"https:\/\/laprensacristiana.com\/?p=8819","og_site_name":"La Prensa Cristiana","article_published_time":"2020-05-07T14:12:54+00:00","article_modified_time":"2020-07-01T19:35:32+00:00","og_image":[{"width":1240,"height":692,"url":"https:\/\/laprensacristiana.com\/wp-content\/uploads\/2020\/04\/JULY-LPG-2017.jpg","type":"image\/jpeg"}],"author":"EDITOR","twitter_card":"summary_large_image","twitter_misc":{"Escrito por":"EDITOR","Tiempo de lectura":"3 minutos"},"schema":{"@context":"https:\/\/schema.org","@graph":[{"@type":"WebPage","@id":"https:\/\/laprensacristiana.com\/?p=8819","url":"https:\/\/laprensacristiana.com\/?p=8819","name":"En el cielo no hay cuarentena. - La Prensa Cristiana","isPartOf":{"@id":"https:\/\/laprensacristiana.com\/#website"},"datePublished":"2020-05-07T14:12:54+00:00","dateModified":"2020-07-01T19:35:32+00:00","author":{"@id":"https:\/\/laprensacristiana.com\/#\/schema\/person\/3e7d82c6bfd6b1fa67010f8f7cd5256e"},"breadcrumb":{"@id":"https:\/\/laprensacristiana.com\/?p=8819#breadcrumb"},"inLanguage":"es","potentialAction":[{"@type":"ReadAction","target":["https:\/\/laprensacristiana.com\/?p=8819"]}]},{"@type":"BreadcrumbList","@id":"https:\/\/laprensacristiana.com\/?p=8819#breadcrumb","itemListElement":[{"@type":"ListItem","position":1,"name":"Portada","item":"https:\/\/laprensacristiana.com\/"},{"@type":"ListItem","position":2,"name":"En el cielo no hay cuarentena."}]},{"@type":"WebSite","@id":"https:\/\/laprensacristiana.com\/#website","url":"https:\/\/laprensacristiana.com\/","name":"La Prensa Cristiana","description":"Anunciando Las Buenas Nuevas","potentialAction":[{"@type":"SearchAction","target":{"@type":"EntryPoint","urlTemplate":"https:\/\/laprensacristiana.com\/?s={search_term_string}"},"query-input":"required name=search_term_string"}],"inLanguage":"es"},{"@type":"Person","@id":"https:\/\/laprensacristiana.com\/#\/schema\/person\/3e7d82c6bfd6b1fa67010f8f7cd5256e","name":"EDITOR","image":{"@type":"ImageObject","inLanguage":"es","@id":"https:\/\/laprensacristiana.com\/#\/schema\/person\/image\/","url":"https:\/\/secure.gravatar.com\/avatar\/72069dfb6c13772d9e8381e3638666d2?s=96&d=mm&r=g","contentUrl":"https:\/\/secure.gravatar.com\/avatar\/72069dfb6c13772d9e8381e3638666d2?s=96&d=mm&r=g","caption":"EDITOR"},"url":"https:\/\/laprensacristiana.com\/?author=3"}]}},"_links":{"self":[{"href":"https:\/\/laprensacristiana.com\/index.php?rest_route=\/wp\/v2\/posts\/8819"}],"collection":[{"href":"https:\/\/laprensacristiana.com\/index.php?rest_route=\/wp\/v2\/posts"}],"about":[{"href":"https:\/\/laprensacristiana.com\/index.php?rest_route=\/wp\/v2\/types\/post"}],"author":[{"embeddable":true,"href":"https:\/\/laprensacristiana.com\/index.php?rest_route=\/wp\/v2\/users\/3"}],"replies":[{"embeddable":true,"href":"https:\/\/laprensacristiana.com\/index.php?rest_route=%2Fwp%2Fv2%2Fcomments&post=8819"}],"version-history":[{"count":1,"href":"https:\/\/laprensacristiana.com\/index.php?rest_route=\/wp\/v2\/posts\/8819\/revisions"}],"predecessor-version":[{"id":8820,"href":"https:\/\/laprensacristiana.com\/index.php?rest_route=\/wp\/v2\/posts\/8819\/revisions\/8820"}],"wp:featuredmedia":[{"embeddable":true,"href":"https:\/\/laprensacristiana.com\/index.php?rest_route=\/wp\/v2\/media\/8721"}],"wp:attachment":[{"href":"https:\/\/laprensacristiana.com\/index.php?rest_route=%2Fwp%2Fv2%2Fmedia&parent=8819"}],"wp:term":[{"taxonomy":"category","embeddable":true,"href":"https:\/\/laprensacristiana.com\/index.php?rest_route=%2Fwp%2Fv2%2Fcategories&post=8819"},{"taxonomy":"post_tag","embeddable":true,"href":"https:\/\/laprensacristiana.com\/index.php?rest_route=%2Fwp%2Fv2%2Ftags&post=8819"}],"curies":[{"name":"wp","href":"https:\/\/api.w.org\/{rel}","templated":true}]}}