{"id":8822,"date":"2020-05-08T16:59:19","date_gmt":"2020-05-08T16:59:19","guid":{"rendered":"https:\/\/laprensacristiana.com\/?p=8822"},"modified":"2020-05-08T16:59:22","modified_gmt":"2020-05-08T16:59:22","slug":"referencias","status":"publish","type":"post","link":"https:\/\/laprensacristiana.com\/?p=8822","title":{"rendered":"Referencias"},"content":{"rendered":"\n<p>Prov. 14:16 \u201cEl sabio teme y se aparta del mal\u2026\u201d<\/p>\n\n\n\n<p>Quiz\u00e1 voy a caer mal, pero me expongo a eso por decir cosas que creo muy pocos se atreven. No soy mejor que otros, solo hago lo que creo es lo correcto para mejorar un poquito el estado de nuestra sociedad, especialmente de los hogares cristianos que por ignorancia o por desconocer ciertos principios elementales han aceptado relaciones t\u00f3xicas, relaciones que desde un principio dan muestras de abuso y violencia, especialmente hacia la mujer.<\/p>\n\n\n\n<p>Porque es un hecho que en nuestra sociedad machista ellas son las v\u00ecctimas de ese flagelo que significa vivir con un abusador y muchas veces, violador disfrazado de cristiano y hasta de predicador con tal de impresionar a las hermanitas que no se preparan o no son preparadas para discernir las se\u00f1ales del alacr\u00e1n que se est\u00e1n metiendo entre las mangas.<\/p>\n\n\n\n<p>Abundan los ejemplos, no estoy descubriendo el agua azucarada. Me dedico a la restauraci\u00f2n matrimonial y a la ense\u00f1anza a los hombres de mi congregaci\u00f3n como se debe tratar a una esposa y a sus hijos. Y mi esposa se dedica a ense\u00f1ar a las mujeres como deben ser tratadas seg\u00fan el orden de la Palabra de Dios.<\/p>\n\n\n\n<p>Hace unos a\u00f1os, una empresa me llam\u00f3 por tel\u00e9fono para pedirme referencias sobre la conducta de una hermana de mi congregaci\u00f3n porque les estaba solicitando trabajo. Con mucha pena les respond\u00ed que yo no recomendaba a dicha hermana. Su conducta cristiana dejaba mucho que desear y no quise enga\u00f1ar a nadie ni correr el riesgo de ser avergonzado despu\u00e9s. Lo lamento, no puedo cubrir pecados ajenos.<\/p>\n\n\n\n<p>Me vino a la mente ese recuerdo porque creo que cuando una empresa pide referencias sobre la conducta de las personas que van a contratar, no es al pastor ni a los amigos a quienes debe acudir. La persona que mejor conoce a esa persona, especialmente si es hombre, es la mujer que vive con \u00e8l. Es ella la que debe dar las referencias sobre el hombre que duerme a su lado. Pero se espera que ella sea sincera y honesta. Algo que nadie se preocupa por cumplir.<\/p>\n\n\n\n<p>De igual manera creo que si una mujer est\u00e1 siendo cortejada por un \u201chermano\u201d a quien su esposa -de la que dice se est\u00e1 divorciando y que es mentira la mayor\u00eda de las veces-, no lo atiende, que no le \u201cda\u201d nada, que lo insulta y lo desprecia y es por eso que necesita el amor que \u201csolo usted, hermanita\u201d, me puede dar, esta mujercita inocente, que cree las palabras que le est\u00e1n diciendo, que cree que ese hombre es de Dios porque tiene una Biblia bajo el brazo pero no en el coraz\u00f3n, se deja engatusar f\u00e1cilmente por sus l\u00e1grimas hip\u00f3critas y cae en la trampa. Lo acepta, se enamora, se entrega y se pone a vivir con \u00e8l.<\/p>\n\n\n\n<p>Al poco tiempo las cosas empiezan a cambiar. Golpes, insultos, enga\u00f1os, exigencias abominables en la cama, palabras denigrantes y muchas cosas m\u00e0s. El caos y el desorden llegaron a la vida de aquella hermana que era una buscadora de Dios, ahora tiene que salir a buscar el pan de sus hijos porque el hombre que la conquist\u00f3 no cumpli\u00f2 sus promesas.<\/p>\n\n\n\n<p>\u00bfQu\u00e9 sucedi\u00f3? F\u00e1cil entenderlo. Si esa hermana me hubiera preguntado si era bueno aceptar el cortejo de ese hombre, yo le hubiera aconsejado algo que ning\u00fan consejero hace: Llamar a la ex-esposa por tel\u00e9fono (si realmente es su ex) y preguntarle los motivos de su separaci\u00f2n. Estoy seguro que escuchar\u00e1 una historia muy diferente de la que \u00e8l le cont\u00f3. Quiz\u00e1 escuche los verdaderos motivos de su separaci\u00f2n: golpes, insultos, ultrajes, pr\u00e1cticas  abominables en la cama y muchas cosas m\u00e0s. El tigre no cambia sus manchas, queridas hermanas. <\/p>\n\n\n\n<p>Entonces: \u00bfQu\u00e9 mujer con cinco dedos de frente se va a poner a vivir con un hombre con semejantes referencias? <\/p>\n\n\n\n<p>Ese es el problema de nuestras familias cristianas en donde hay tanto z\u00e1ngano viviendo a costillas de su esposa que deja de cumplir sus deberes cristianos con tal de mantener al hombre que le prometi\u00f3 la luna y las estrellas.  Lo mismo aconsejo a los j\u00f3venes de mi congregaci\u00f3n: No se dejen enga\u00f1ar por palabras bonitas. No se dejen enga\u00f1ar por maquillajes y rostros bonitos.  Los mando a la casa de la prometida y que escuche como le responde a su mam\u00e1 cuando la env\u00eda a lavar los trastos. Que ella vaya a la casa del prometido y vea como trata a sus padres. As\u00ed ser\u00e0 cuando ya est\u00e9n casados. Si es capaz de gritarle o hablarle mal a su madre, cuanto m\u00e0s a \u201csu\u201d mujer. Si le falta el respeto a su padre, cu\u00e1nto m\u00e0s lo har\u00e1 con su esposo. <\/p>\n\n\n\n<p>Referencias, hermanos, referencias. Pero no de las personas que los cubren. No al pastor. No al l\u00edder de c\u00e9lula. Es la esposa quien debe mostrar las cicatrices en su espalda o piernas para que hablen por s\u00ed solas. \u00bfQue opinan?<\/p>\n\n\n\n<p>SOLI DEO GLORIA<\/p>\n","protected":false},"excerpt":{"rendered":"<p>Prov. 14:16 \u201cEl sabio teme y se aparta del mal\u2026\u201d Quiz\u00e1 voy a caer mal, pero me expongo a eso por decir cosas que creo muy pocos se atreven. No soy mejor que otros, solo hago lo que creo es lo correcto para mejorar un poquito el estado de nuestra sociedad, especialmente de los hogares [&hellip;]<\/p>\n","protected":false},"author":3,"featured_media":7949,"comment_status":"open","ping_status":"open","sticky":false,"template":"","format":"standard","meta":[],"categories":[36],"tags":[],"yoast_head":"<!-- This site is optimized with the Yoast SEO plugin v20.8 - https:\/\/yoast.com\/wordpress\/plugins\/seo\/ -->\n<title>Referencias - La Prensa Cristiana<\/title>\n<meta name=\"robots\" content=\"index, follow, max-snippet:-1, max-image-preview:large, max-video-preview:-1\" \/>\n<link rel=\"canonical\" href=\"https:\/\/laprensacristiana.com\/?p=8822\" \/>\n<meta property=\"og:locale\" content=\"es_ES\" \/>\n<meta property=\"og:type\" content=\"article\" \/>\n<meta property=\"og:title\" content=\"Referencias - La Prensa Cristiana\" \/>\n<meta property=\"og:description\" content=\"Prov. 14:16 \u201cEl sabio teme y se aparta del mal\u2026\u201d Quiz\u00e1 voy a caer mal, pero me expongo a eso por decir cosas que creo muy pocos se atreven. No soy mejor que otros, solo hago lo que creo es lo correcto para mejorar un poquito el estado de nuestra sociedad, especialmente de los hogares [&hellip;]\" \/>\n<meta property=\"og:url\" content=\"https:\/\/laprensacristiana.com\/?p=8822\" \/>\n<meta property=\"og:site_name\" content=\"La Prensa Cristiana\" \/>\n<meta property=\"article:published_time\" content=\"2020-05-08T16:59:19+00:00\" \/>\n<meta property=\"article:modified_time\" content=\"2020-05-08T16:59:22+00:00\" \/>\n<meta property=\"og:image\" content=\"https:\/\/laprensacristiana.com\/wp-content\/uploads\/2020\/01\/2017-11-23-PHOTO-00003245-1.jpg\" \/>\n\t<meta property=\"og:image:width\" content=\"1280\" \/>\n\t<meta property=\"og:image:height\" content=\"714\" \/>\n\t<meta property=\"og:image:type\" content=\"image\/jpeg\" \/>\n<meta name=\"author\" content=\"EDITOR\" \/>\n<meta name=\"twitter:card\" content=\"summary_large_image\" \/>\n<meta name=\"twitter:label1\" content=\"Escrito por\" \/>\n\t<meta name=\"twitter:data1\" content=\"EDITOR\" \/>\n\t<meta name=\"twitter:label2\" content=\"Tiempo de lectura\" \/>\n\t<meta name=\"twitter:data2\" content=\"4 minutos\" \/>\n<script type=\"application\/ld+json\" class=\"yoast-schema-graph\">{\"@context\":\"https:\/\/schema.org\",\"@graph\":[{\"@type\":\"WebPage\",\"@id\":\"https:\/\/laprensacristiana.com\/?p=8822\",\"url\":\"https:\/\/laprensacristiana.com\/?p=8822\",\"name\":\"Referencias - La Prensa Cristiana\",\"isPartOf\":{\"@id\":\"https:\/\/laprensacristiana.com\/#website\"},\"datePublished\":\"2020-05-08T16:59:19+00:00\",\"dateModified\":\"2020-05-08T16:59:22+00:00\",\"author\":{\"@id\":\"https:\/\/laprensacristiana.com\/#\/schema\/person\/3e7d82c6bfd6b1fa67010f8f7cd5256e\"},\"breadcrumb\":{\"@id\":\"https:\/\/laprensacristiana.com\/?p=8822#breadcrumb\"},\"inLanguage\":\"es\",\"potentialAction\":[{\"@type\":\"ReadAction\",\"target\":[\"https:\/\/laprensacristiana.com\/?p=8822\"]}]},{\"@type\":\"BreadcrumbList\",\"@id\":\"https:\/\/laprensacristiana.com\/?p=8822#breadcrumb\",\"itemListElement\":[{\"@type\":\"ListItem\",\"position\":1,\"name\":\"Portada\",\"item\":\"https:\/\/laprensacristiana.com\/\"},{\"@type\":\"ListItem\",\"position\":2,\"name\":\"Referencias\"}]},{\"@type\":\"WebSite\",\"@id\":\"https:\/\/laprensacristiana.com\/#website\",\"url\":\"https:\/\/laprensacristiana.com\/\",\"name\":\"La Prensa Cristiana\",\"description\":\"Anunciando Las Buenas Nuevas\",\"potentialAction\":[{\"@type\":\"SearchAction\",\"target\":{\"@type\":\"EntryPoint\",\"urlTemplate\":\"https:\/\/laprensacristiana.com\/?s={search_term_string}\"},\"query-input\":\"required name=search_term_string\"}],\"inLanguage\":\"es\"},{\"@type\":\"Person\",\"@id\":\"https:\/\/laprensacristiana.com\/#\/schema\/person\/3e7d82c6bfd6b1fa67010f8f7cd5256e\",\"name\":\"EDITOR\",\"image\":{\"@type\":\"ImageObject\",\"inLanguage\":\"es\",\"@id\":\"https:\/\/laprensacristiana.com\/#\/schema\/person\/image\/\",\"url\":\"https:\/\/secure.gravatar.com\/avatar\/72069dfb6c13772d9e8381e3638666d2?s=96&d=mm&r=g\",\"contentUrl\":\"https:\/\/secure.gravatar.com\/avatar\/72069dfb6c13772d9e8381e3638666d2?s=96&d=mm&r=g\",\"caption\":\"EDITOR\"},\"url\":\"https:\/\/laprensacristiana.com\/?author=3\"}]}<\/script>\n<!-- \/ Yoast SEO plugin. -->","yoast_head_json":{"title":"Referencias - La Prensa Cristiana","robots":{"index":"index","follow":"follow","max-snippet":"max-snippet:-1","max-image-preview":"max-image-preview:large","max-video-preview":"max-video-preview:-1"},"canonical":"https:\/\/laprensacristiana.com\/?p=8822","og_locale":"es_ES","og_type":"article","og_title":"Referencias - La Prensa Cristiana","og_description":"Prov. 14:16 \u201cEl sabio teme y se aparta del mal\u2026\u201d Quiz\u00e1 voy a caer mal, pero me expongo a eso por decir cosas que creo muy pocos se atreven. No soy mejor que otros, solo hago lo que creo es lo correcto para mejorar un poquito el estado de nuestra sociedad, especialmente de los hogares [&hellip;]","og_url":"https:\/\/laprensacristiana.com\/?p=8822","og_site_name":"La Prensa Cristiana","article_published_time":"2020-05-08T16:59:19+00:00","article_modified_time":"2020-05-08T16:59:22+00:00","og_image":[{"width":1280,"height":714,"url":"https:\/\/laprensacristiana.com\/wp-content\/uploads\/2020\/01\/2017-11-23-PHOTO-00003245-1.jpg","type":"image\/jpeg"}],"author":"EDITOR","twitter_card":"summary_large_image","twitter_misc":{"Escrito por":"EDITOR","Tiempo de lectura":"4 minutos"},"schema":{"@context":"https:\/\/schema.org","@graph":[{"@type":"WebPage","@id":"https:\/\/laprensacristiana.com\/?p=8822","url":"https:\/\/laprensacristiana.com\/?p=8822","name":"Referencias - La Prensa Cristiana","isPartOf":{"@id":"https:\/\/laprensacristiana.com\/#website"},"datePublished":"2020-05-08T16:59:19+00:00","dateModified":"2020-05-08T16:59:22+00:00","author":{"@id":"https:\/\/laprensacristiana.com\/#\/schema\/person\/3e7d82c6bfd6b1fa67010f8f7cd5256e"},"breadcrumb":{"@id":"https:\/\/laprensacristiana.com\/?p=8822#breadcrumb"},"inLanguage":"es","potentialAction":[{"@type":"ReadAction","target":["https:\/\/laprensacristiana.com\/?p=8822"]}]},{"@type":"BreadcrumbList","@id":"https:\/\/laprensacristiana.com\/?p=8822#breadcrumb","itemListElement":[{"@type":"ListItem","position":1,"name":"Portada","item":"https:\/\/laprensacristiana.com\/"},{"@type":"ListItem","position":2,"name":"Referencias"}]},{"@type":"WebSite","@id":"https:\/\/laprensacristiana.com\/#website","url":"https:\/\/laprensacristiana.com\/","name":"La Prensa Cristiana","description":"Anunciando Las Buenas Nuevas","potentialAction":[{"@type":"SearchAction","target":{"@type":"EntryPoint","urlTemplate":"https:\/\/laprensacristiana.com\/?s={search_term_string}"},"query-input":"required name=search_term_string"}],"inLanguage":"es"},{"@type":"Person","@id":"https:\/\/laprensacristiana.com\/#\/schema\/person\/3e7d82c6bfd6b1fa67010f8f7cd5256e","name":"EDITOR","image":{"@type":"ImageObject","inLanguage":"es","@id":"https:\/\/laprensacristiana.com\/#\/schema\/person\/image\/","url":"https:\/\/secure.gravatar.com\/avatar\/72069dfb6c13772d9e8381e3638666d2?s=96&d=mm&r=g","contentUrl":"https:\/\/secure.gravatar.com\/avatar\/72069dfb6c13772d9e8381e3638666d2?s=96&d=mm&r=g","caption":"EDITOR"},"url":"https:\/\/laprensacristiana.com\/?author=3"}]}},"_links":{"self":[{"href":"https:\/\/laprensacristiana.com\/index.php?rest_route=\/wp\/v2\/posts\/8822"}],"collection":[{"href":"https:\/\/laprensacristiana.com\/index.php?rest_route=\/wp\/v2\/posts"}],"about":[{"href":"https:\/\/laprensacristiana.com\/index.php?rest_route=\/wp\/v2\/types\/post"}],"author":[{"embeddable":true,"href":"https:\/\/laprensacristiana.com\/index.php?rest_route=\/wp\/v2\/users\/3"}],"replies":[{"embeddable":true,"href":"https:\/\/laprensacristiana.com\/index.php?rest_route=%2Fwp%2Fv2%2Fcomments&post=8822"}],"version-history":[{"count":1,"href":"https:\/\/laprensacristiana.com\/index.php?rest_route=\/wp\/v2\/posts\/8822\/revisions"}],"predecessor-version":[{"id":8823,"href":"https:\/\/laprensacristiana.com\/index.php?rest_route=\/wp\/v2\/posts\/8822\/revisions\/8823"}],"wp:featuredmedia":[{"embeddable":true,"href":"https:\/\/laprensacristiana.com\/index.php?rest_route=\/wp\/v2\/media\/7949"}],"wp:attachment":[{"href":"https:\/\/laprensacristiana.com\/index.php?rest_route=%2Fwp%2Fv2%2Fmedia&parent=8822"}],"wp:term":[{"taxonomy":"category","embeddable":true,"href":"https:\/\/laprensacristiana.com\/index.php?rest_route=%2Fwp%2Fv2%2Fcategories&post=8822"},{"taxonomy":"post_tag","embeddable":true,"href":"https:\/\/laprensacristiana.com\/index.php?rest_route=%2Fwp%2Fv2%2Ftags&post=8822"}],"curies":[{"name":"wp","href":"https:\/\/api.w.org\/{rel}","templated":true}]}}