{"id":8838,"date":"2020-05-11T17:35:19","date_gmt":"2020-05-11T17:35:19","guid":{"rendered":"https:\/\/laprensacristiana.com\/?p=8838"},"modified":"2020-05-11T17:35:21","modified_gmt":"2020-05-11T17:35:21","slug":"por-que-a-mi","status":"publish","type":"post","link":"https:\/\/laprensacristiana.com\/?p=8838","title":{"rendered":"\u00bfPor qu\u00e9 a mi?"},"content":{"rendered":"\n<pre class=\"wp-block-code\"><code><\/code><\/pre>\n\n\n\n<p>Salmo 42:2 \u201c\u2026Mi alma tiene sed de Dios, del Dios vivo\u2026\u201d<\/p>\n\n\n\n<p>Aislarnos no es bueno, a menos que sea por una buena raz\u00f3n. Y creo que Dios tiene esa buena raz\u00f3n para mantenernos en estos momentos as\u00ed como estamos.<\/p>\n\n\n\n<p>A veces nos acostumbramos tanto a la Iglesia que ya no nos emociona llegar a cada servicio con la expectativa de qu\u00e9 har\u00e1 el Se\u00f1or ese d\u00eca en nuestras vidas. Qu\u00e9 nos va a ense\u00f1ar o qu\u00e9 milagro vamos a recibir. Porque lamentablemente, somos seres de costumbres. Nos acostumbramos a todo, menos a estar solos. La soledad no es buena para el ser humano. Somos gregarios. Fuimos creados para el compa\u00f1erismo, para el contacto f\u00edsico, para el abrazo. Sin embargo hay momentos en la vida en la que debemos pasar por momentos de aislamiento, quiz\u00e1 para volver a desear estar juntos. <\/p>\n\n\n\n<p>Hoy escuchamos historias de violencia familiar. Esposos golpeando a sus esposas o viceversa. \u00bfQu\u00e9 est\u00e1 sucediendo? Se acostumbraron a estar solos. Y este episodio en sus vidas matrimoniales les tom\u00f3 por sorpresa.  Hoy est\u00e1n juntos pero no saben como hacerlo. Y el hast\u00edo llega y explota de alguna manera. Dios, en su Misericordia, les est\u00e1 diciendo: Ustedes se casaron para estar juntos. No lo olviden. Y si lo olvidaron, deben aprenderlo nuevamente.<\/p>\n\n\n\n<p>A veces el Se\u00f1or parece que se a\u00edsla de nosotros. Nos sentimos solos sin su Presencia y nos angustia el hecho de creer que \u00c8l ya se fue de nuestro lado por alg\u00fan pecado o falta que hemos cometido. Pero no es as\u00ed. \u00c8l nunca se aparta de nosotros a menos que sea para ense\u00f1arnos algo. Creo que el Se\u00f1or lo hace para despertar en nosotros esa hambre que necesitamos  a veces porque el apetito de su Presencia se agota en nosotros y queremos otro plato en nuestra dieta. Es entonces cuando un torbellino de dudas y angustias nos llena el alma.<\/p>\n\n\n\n<p>\u00bfNo se ha encontrado usted a veces haciendo preguntas y m\u00e0s peguntas a Dios? Cuando las cosas no salen como nosotros esperamos, lo primero que brota -seamos sinceros-, no es una oraci\u00f3n de gracias y una rendici\u00f3n. No. Lo primero que brota de nuestro coraz\u00f3n es una pregunta: \u00bfPor qu\u00e9 a mi?. No es que seamos carnales o ingratos. Es la reacci\u00f3n natural del coraz\u00f3n humano. Porque el primer impulso es preguntarle al Se\u00f1or que siempre ha sido todo amor por qu\u00e9 en determinados momentos parece que se ha olvidado de nosotros.<\/p>\n\n\n\n<p>No, no se culpe. Parece que a Dios le gusta ponernos en situaciones conflictivas para mostrarnos un destello m\u00e0s radiante de su Gloria y su Poder. \u00bfPor que? No lo s\u00e9, aunque puedo intuir que lo hace quiz\u00e1 porque para mostrar su Luz y Bondad primero tiene que haber oscuridad y aflicci\u00f3n. Tiene que dejarnos con las manos vac\u00edas para poder llenarlas. Tiene que dejarnos sin asideros f\u00edsicos para poner sus Manos en las nuestras. <\/p>\n\n\n\n<p>Francamente, pienso que a Dios no le importa que le preguntemos eso. Job respondi\u00f3 a la multitud de problemas inexplicables que ten\u00eda, diciendo \u201c\u00bfPor qu\u00e9 escondes tu rostro, y me cuentas por tu enemigo? El profeta Habacuc clam\u00f3 a Dios desde lo que parec\u00eda un exilio interminable junto con sus compatriotas: \u00bfPor qu\u00e9 miras con agrado a los que proceden p\u00e9rfidamente, y callas cuando el imp\u00edo traga al que es m\u00e0s justo que \u00e8l? Jerem\u00edas trata de reconciliar lo que conoc\u00eda de Dios con lo que ve\u00eda en la pr\u00e1ctica al exclamar \u201cM\u00e0s t\u00fa, Jehova, permanecer\u00e1s para siempre, tu trono de generaci\u00f3n en generaci\u00f3n. \u00bfPor qu\u00e9 te olvidas completamente de nosotros y nos abandonas tan largo tiempo? Y que decir del dulce cantor de Israel, David, cuando estando en aflicci\u00f3n expres\u00f3 con un coraz\u00f3n atormentado: \u00bfPor qu\u00e9 est\u00e1s tan lejos de mi salvaci\u00f3n y de las palabras de mi clamor?<\/p>\n\n\n\n<p>Y el ep\u00edtome de la pregunta, cuando Jesus exclam\u00f3 sudando gotas de sangre en el Monte: \u00bfNo hay otra manera, Padre? O que tal esta otra expresi\u00f3n de un coraz\u00f3n angustiado: Dios m\u00edo, Dios m\u00edo, \u00bfpor qu\u00e9 me has abandonado?<\/p>\n\n\n\n<p>No, mis amados lectores, que no nos acuse el Diablo de ser imprudentes. Somos gentes de carne y hueso que nos dolemos con el dolor. Y todo porque cuando el vac\u00edo llega a nuestras vidas, lo primero que hace nuestra alma es reclamar al \u00danico que puede llenarla: Nuestro Buen Dios. Es como cuando el beb\u00e9 pierde el olor de la madre: llora porque se siente abandonado.<\/p>\n","protected":false},"excerpt":{"rendered":"<p>Salmo 42:2 \u201c\u2026Mi alma tiene sed de Dios, del Dios vivo\u2026\u201d Aislarnos no es bueno, a menos que sea por una buena raz\u00f3n. Y creo que Dios tiene esa buena raz\u00f3n para mantenernos en estos momentos as\u00ed como estamos. A veces nos acostumbramos tanto a la Iglesia que ya no nos emociona llegar a cada [&hellip;]<\/p>\n","protected":false},"author":3,"featured_media":7949,"comment_status":"open","ping_status":"open","sticky":false,"template":"","format":"standard","meta":[],"categories":[36],"tags":[],"yoast_head":"<!-- This site is optimized with the Yoast SEO plugin v20.8 - https:\/\/yoast.com\/wordpress\/plugins\/seo\/ -->\n<title>\u00bfPor qu\u00e9 a mi? - La Prensa Cristiana<\/title>\n<meta name=\"robots\" content=\"index, follow, max-snippet:-1, max-image-preview:large, max-video-preview:-1\" \/>\n<link rel=\"canonical\" href=\"https:\/\/laprensacristiana.com\/?p=8838\" \/>\n<meta property=\"og:locale\" content=\"es_ES\" \/>\n<meta property=\"og:type\" content=\"article\" \/>\n<meta property=\"og:title\" content=\"\u00bfPor qu\u00e9 a mi? - La Prensa Cristiana\" \/>\n<meta property=\"og:description\" content=\"Salmo 42:2 \u201c\u2026Mi alma tiene sed de Dios, del Dios vivo\u2026\u201d Aislarnos no es bueno, a menos que sea por una buena raz\u00f3n. Y creo que Dios tiene esa buena raz\u00f3n para mantenernos en estos momentos as\u00ed como estamos. A veces nos acostumbramos tanto a la Iglesia que ya no nos emociona llegar a cada [&hellip;]\" \/>\n<meta property=\"og:url\" content=\"https:\/\/laprensacristiana.com\/?p=8838\" \/>\n<meta property=\"og:site_name\" content=\"La Prensa Cristiana\" \/>\n<meta property=\"article:published_time\" content=\"2020-05-11T17:35:19+00:00\" \/>\n<meta property=\"article:modified_time\" content=\"2020-05-11T17:35:21+00:00\" \/>\n<meta property=\"og:image\" content=\"https:\/\/laprensacristiana.com\/wp-content\/uploads\/2020\/01\/2017-11-23-PHOTO-00003245-1.jpg\" \/>\n\t<meta property=\"og:image:width\" content=\"1280\" \/>\n\t<meta property=\"og:image:height\" content=\"714\" \/>\n\t<meta property=\"og:image:type\" content=\"image\/jpeg\" \/>\n<meta name=\"author\" content=\"EDITOR\" \/>\n<meta name=\"twitter:card\" content=\"summary_large_image\" \/>\n<meta name=\"twitter:label1\" content=\"Escrito por\" \/>\n\t<meta name=\"twitter:data1\" content=\"EDITOR\" \/>\n\t<meta name=\"twitter:label2\" content=\"Tiempo de lectura\" \/>\n\t<meta name=\"twitter:data2\" content=\"4 minutos\" \/>\n<script type=\"application\/ld+json\" class=\"yoast-schema-graph\">{\"@context\":\"https:\/\/schema.org\",\"@graph\":[{\"@type\":\"WebPage\",\"@id\":\"https:\/\/laprensacristiana.com\/?p=8838\",\"url\":\"https:\/\/laprensacristiana.com\/?p=8838\",\"name\":\"\u00bfPor qu\u00e9 a mi? - La Prensa Cristiana\",\"isPartOf\":{\"@id\":\"https:\/\/laprensacristiana.com\/#website\"},\"datePublished\":\"2020-05-11T17:35:19+00:00\",\"dateModified\":\"2020-05-11T17:35:21+00:00\",\"author\":{\"@id\":\"https:\/\/laprensacristiana.com\/#\/schema\/person\/3e7d82c6bfd6b1fa67010f8f7cd5256e\"},\"breadcrumb\":{\"@id\":\"https:\/\/laprensacristiana.com\/?p=8838#breadcrumb\"},\"inLanguage\":\"es\",\"potentialAction\":[{\"@type\":\"ReadAction\",\"target\":[\"https:\/\/laprensacristiana.com\/?p=8838\"]}]},{\"@type\":\"BreadcrumbList\",\"@id\":\"https:\/\/laprensacristiana.com\/?p=8838#breadcrumb\",\"itemListElement\":[{\"@type\":\"ListItem\",\"position\":1,\"name\":\"Portada\",\"item\":\"https:\/\/laprensacristiana.com\/\"},{\"@type\":\"ListItem\",\"position\":2,\"name\":\"\u00bfPor qu\u00e9 a mi?\"}]},{\"@type\":\"WebSite\",\"@id\":\"https:\/\/laprensacristiana.com\/#website\",\"url\":\"https:\/\/laprensacristiana.com\/\",\"name\":\"La Prensa Cristiana\",\"description\":\"Anunciando Las Buenas Nuevas\",\"potentialAction\":[{\"@type\":\"SearchAction\",\"target\":{\"@type\":\"EntryPoint\",\"urlTemplate\":\"https:\/\/laprensacristiana.com\/?s={search_term_string}\"},\"query-input\":\"required name=search_term_string\"}],\"inLanguage\":\"es\"},{\"@type\":\"Person\",\"@id\":\"https:\/\/laprensacristiana.com\/#\/schema\/person\/3e7d82c6bfd6b1fa67010f8f7cd5256e\",\"name\":\"EDITOR\",\"image\":{\"@type\":\"ImageObject\",\"inLanguage\":\"es\",\"@id\":\"https:\/\/laprensacristiana.com\/#\/schema\/person\/image\/\",\"url\":\"https:\/\/secure.gravatar.com\/avatar\/72069dfb6c13772d9e8381e3638666d2?s=96&d=mm&r=g\",\"contentUrl\":\"https:\/\/secure.gravatar.com\/avatar\/72069dfb6c13772d9e8381e3638666d2?s=96&d=mm&r=g\",\"caption\":\"EDITOR\"},\"url\":\"https:\/\/laprensacristiana.com\/?author=3\"}]}<\/script>\n<!-- \/ Yoast SEO plugin. -->","yoast_head_json":{"title":"\u00bfPor qu\u00e9 a mi? - La Prensa Cristiana","robots":{"index":"index","follow":"follow","max-snippet":"max-snippet:-1","max-image-preview":"max-image-preview:large","max-video-preview":"max-video-preview:-1"},"canonical":"https:\/\/laprensacristiana.com\/?p=8838","og_locale":"es_ES","og_type":"article","og_title":"\u00bfPor qu\u00e9 a mi? - La Prensa Cristiana","og_description":"Salmo 42:2 \u201c\u2026Mi alma tiene sed de Dios, del Dios vivo\u2026\u201d Aislarnos no es bueno, a menos que sea por una buena raz\u00f3n. Y creo que Dios tiene esa buena raz\u00f3n para mantenernos en estos momentos as\u00ed como estamos. A veces nos acostumbramos tanto a la Iglesia que ya no nos emociona llegar a cada [&hellip;]","og_url":"https:\/\/laprensacristiana.com\/?p=8838","og_site_name":"La Prensa Cristiana","article_published_time":"2020-05-11T17:35:19+00:00","article_modified_time":"2020-05-11T17:35:21+00:00","og_image":[{"width":1280,"height":714,"url":"https:\/\/laprensacristiana.com\/wp-content\/uploads\/2020\/01\/2017-11-23-PHOTO-00003245-1.jpg","type":"image\/jpeg"}],"author":"EDITOR","twitter_card":"summary_large_image","twitter_misc":{"Escrito por":"EDITOR","Tiempo de lectura":"4 minutos"},"schema":{"@context":"https:\/\/schema.org","@graph":[{"@type":"WebPage","@id":"https:\/\/laprensacristiana.com\/?p=8838","url":"https:\/\/laprensacristiana.com\/?p=8838","name":"\u00bfPor qu\u00e9 a mi? - La Prensa Cristiana","isPartOf":{"@id":"https:\/\/laprensacristiana.com\/#website"},"datePublished":"2020-05-11T17:35:19+00:00","dateModified":"2020-05-11T17:35:21+00:00","author":{"@id":"https:\/\/laprensacristiana.com\/#\/schema\/person\/3e7d82c6bfd6b1fa67010f8f7cd5256e"},"breadcrumb":{"@id":"https:\/\/laprensacristiana.com\/?p=8838#breadcrumb"},"inLanguage":"es","potentialAction":[{"@type":"ReadAction","target":["https:\/\/laprensacristiana.com\/?p=8838"]}]},{"@type":"BreadcrumbList","@id":"https:\/\/laprensacristiana.com\/?p=8838#breadcrumb","itemListElement":[{"@type":"ListItem","position":1,"name":"Portada","item":"https:\/\/laprensacristiana.com\/"},{"@type":"ListItem","position":2,"name":"\u00bfPor qu\u00e9 a mi?"}]},{"@type":"WebSite","@id":"https:\/\/laprensacristiana.com\/#website","url":"https:\/\/laprensacristiana.com\/","name":"La Prensa Cristiana","description":"Anunciando Las Buenas Nuevas","potentialAction":[{"@type":"SearchAction","target":{"@type":"EntryPoint","urlTemplate":"https:\/\/laprensacristiana.com\/?s={search_term_string}"},"query-input":"required name=search_term_string"}],"inLanguage":"es"},{"@type":"Person","@id":"https:\/\/laprensacristiana.com\/#\/schema\/person\/3e7d82c6bfd6b1fa67010f8f7cd5256e","name":"EDITOR","image":{"@type":"ImageObject","inLanguage":"es","@id":"https:\/\/laprensacristiana.com\/#\/schema\/person\/image\/","url":"https:\/\/secure.gravatar.com\/avatar\/72069dfb6c13772d9e8381e3638666d2?s=96&d=mm&r=g","contentUrl":"https:\/\/secure.gravatar.com\/avatar\/72069dfb6c13772d9e8381e3638666d2?s=96&d=mm&r=g","caption":"EDITOR"},"url":"https:\/\/laprensacristiana.com\/?author=3"}]}},"_links":{"self":[{"href":"https:\/\/laprensacristiana.com\/index.php?rest_route=\/wp\/v2\/posts\/8838"}],"collection":[{"href":"https:\/\/laprensacristiana.com\/index.php?rest_route=\/wp\/v2\/posts"}],"about":[{"href":"https:\/\/laprensacristiana.com\/index.php?rest_route=\/wp\/v2\/types\/post"}],"author":[{"embeddable":true,"href":"https:\/\/laprensacristiana.com\/index.php?rest_route=\/wp\/v2\/users\/3"}],"replies":[{"embeddable":true,"href":"https:\/\/laprensacristiana.com\/index.php?rest_route=%2Fwp%2Fv2%2Fcomments&post=8838"}],"version-history":[{"count":1,"href":"https:\/\/laprensacristiana.com\/index.php?rest_route=\/wp\/v2\/posts\/8838\/revisions"}],"predecessor-version":[{"id":8839,"href":"https:\/\/laprensacristiana.com\/index.php?rest_route=\/wp\/v2\/posts\/8838\/revisions\/8839"}],"wp:featuredmedia":[{"embeddable":true,"href":"https:\/\/laprensacristiana.com\/index.php?rest_route=\/wp\/v2\/media\/7949"}],"wp:attachment":[{"href":"https:\/\/laprensacristiana.com\/index.php?rest_route=%2Fwp%2Fv2%2Fmedia&parent=8838"}],"wp:term":[{"taxonomy":"category","embeddable":true,"href":"https:\/\/laprensacristiana.com\/index.php?rest_route=%2Fwp%2Fv2%2Fcategories&post=8838"},{"taxonomy":"post_tag","embeddable":true,"href":"https:\/\/laprensacristiana.com\/index.php?rest_route=%2Fwp%2Fv2%2Ftags&post=8838"}],"curies":[{"name":"wp","href":"https:\/\/api.w.org\/{rel}","templated":true}]}}