{"id":8840,"date":"2020-05-11T22:34:05","date_gmt":"2020-05-11T22:34:05","guid":{"rendered":"https:\/\/laprensacristiana.com\/?p=8840"},"modified":"2020-05-11T22:34:07","modified_gmt":"2020-05-11T22:34:07","slug":"taber-pone-a-disposicion-de-compatriotas-salvadorenos-sus-templos-en-todo-el-mundo","status":"publish","type":"post","link":"https:\/\/laprensacristiana.com\/?p=8840","title":{"rendered":"Taber pone a disposici\u00f3n de compatriotas salvadore\u00f1os sus templos en todo el mundo"},"content":{"rendered":"\n<p>Cuando el coronavirus\nidentificado como Covid-19 pas\u00f3 de ser epidemia a pandemia, se suscit\u00f3 un giro\ninesperado para muchos salvadore\u00f1os que por motivos diversos se encontraban de\nviaje en alg\u00fan lugar del mundo. <\/p>\n\n\n\n<p>El Gobierno de El Salvador\nrealiz\u00f3 el anuncio que &nbsp;el proceso para completar\nel retorno de quienes se han quedado varados en diferentes pa\u00edses a ra\u00edz de la\npandemia tardar\u00e1 &nbsp;unas 14 semanas. La\nprioridad para las repatriaciones ser\u00e1n las personas en condiciones\nvulnerables, menores de edad y adolescentes que no est\u00e9n con sus padres,\nembarazadas o mujeres en lactancia, adultos mayores de 60 a\u00f1os, aquellos con enfermedades\ncr\u00f3nicas o discapacitados y grupos familiares, seg\u00fan explica la canciller de la\nRepublica Alexandra Hill Tinoco.<\/p>\n\n\n\n<p>Ante esta necesidad el Tabern\u00e1culo\nB\u00edblico Bautista Amigos de Israel ha lanzado el d\u00eda de hoy una campa\u00f1a que\nexpone su decisi\u00f3n como instituci\u00f3n evang\u00e9lica de poner a disposici\u00f3n de compatriotas\nsalvadore\u00f1os que no han podido retornar al pa\u00eds los templos de la iglesia. \u201cAl\nhacer las cuentas que la repatriaci\u00f3n tomar\u00e1 alrededor de 3 meses y medio y\nsaber que muchos de nuestros hermanos salvadore\u00f1os est\u00e1n cerca de algunos Tabern\u00e1culos\nalrededor del mundo como lo es en todo Centroam\u00e9rica, Espa\u00f1a. Italia, Estados\nUnidos, hicimos un tratado para que puedan ayudar, nuestros templos tienen la capacidad\nde poder recibir a personas. La iglesia les va a apoyar en 3 formas, la\nprimera: si no tienen donde seguirse quedando pueden quedarse a dormir en esos\nlugares, la segunda: &nbsp;si tienen donde\nquedarse pero no tienen la facilidad de un abogado, un traductor, alguien que\nles pueda ayudar a tramitar su boleto de viaje, ser\u00e1 hecho de car\u00e1cter urgente\nen nuestras iglesias, y la tercera: si no hay alimentaci\u00f3n porque ya no hay\nplata, estamos orando al Se\u00f1or que cada iglesia que hemos mencionado y\npublicado, pueda echarle la mano a estas personas que est\u00e1n fuera para poderles\nayudar en su alimentaci\u00f3n, ya sea en el templo o en los lugares donde est\u00e1n\u201d\nexpres\u00f3 Edgar L\u00f3pez Bertrand Jr. Pastor General del Tabern\u00e1culo B\u00edblico\nBautista Amigos de Israel. <\/p>\n\n\n\n<p>Han desarollado una lista\ncompleta con contactos por pa\u00eds y zonas, para Guatemala, los lugares son: Barberena\n(502) 7016-1802, Chiquimulilla (502) 7870-3784, Jutiapa (502) 7900-2374.\nAtescatempa (502) 5164-6982; para Italia son: Torino (39) 329-859-4356, Roma\n(39) 327-261-2617, Piacenza (39) 340-957-5188, Novara (39) 340-195-0866; para\nEspa\u00f1a: Madrid (34) 600-356709; para M\u00e9xico: Veracruz (521) 922-159-2676; para\nEstados Unidos: Virginia (571) 331-6828, Maryland (240) 994-6253, Los Angeles\n(323) 270-4096, New Jersey (201) 832-3830, Houston (832) 807-9508, New York\n(516) 413-7038.\n\n\u201cNosotros no podemos ser cristianos si no seguimos los\npasos de Cristo, la pregunta que yo hago es de un libro que fue escrito all\u00e1\npor los a\u00f1os 40\u00b4s, \u00bfQu\u00e9 har\u00eda Jes\u00fas?, entendemos que tenemos que hacer esto, la\ncuesti\u00f3n de ayudar, prestar templos, tiene un costo alt\u00edsimo aqu\u00ed en El\nSalvador, y ustedes han visto los rumores, criticas, acusaciones de todo tipo\nde cosas, nosotros no trabajamos para el gobierno, trabajamos para el Se\u00f1or, y\nestoy seguro que si Jes\u00fas tuviese iglesias y edificios no hubiera dudado hoy en\nabrirlos para albergar a las personas que est\u00e1n en esta transici\u00f3n fuera de las\nfronteras patrias y no hubiese dudado hoy en abrir los que tiene en San\nSalvador y El Salvador para ayudar a los hermanos aqu\u00ed en el territorio\nnacional, nuestra visi\u00f3n es acompa\u00f1ar todo lo que podamos en cuanto a la\npandemia, esto sucedi\u00f3 en un momento inesperado y oramos a Dios que no vuelva a\nsuceder, pero si la iglesia cristiana evang\u00e9lica no marca la historia hoy, no\nmarca la pauta hoy, vana es nuestra fe, no tiene raz\u00f3n de ser\u201d Concluy\u00f3 el\npastor Bertrand Jr. \n\n\n\n<\/p>\n","protected":false},"excerpt":{"rendered":"<p>Cuando el coronavirus identificado como Covid-19 pas\u00f3 de ser epidemia a pandemia, se suscit\u00f3 un giro inesperado para muchos salvadore\u00f1os que por motivos diversos se encontraban de viaje en alg\u00fan lugar del mundo. El Gobierno de El Salvador realiz\u00f3 el anuncio que &nbsp;el proceso para completar el retorno de quienes se han quedado varados en [&hellip;]<\/p>\n","protected":false},"author":3,"featured_media":8841,"comment_status":"open","ping_status":"open","sticky":false,"template":"","format":"standard","meta":[],"categories":[77],"tags":[],"yoast_head":"<!-- This site is optimized with the Yoast SEO plugin v20.8 - https:\/\/yoast.com\/wordpress\/plugins\/seo\/ -->\n<title>Taber pone a disposici\u00f3n de compatriotas salvadore\u00f1os sus templos en todo el mundo - La Prensa Cristiana<\/title>\n<meta name=\"robots\" content=\"index, follow, max-snippet:-1, max-image-preview:large, max-video-preview:-1\" \/>\n<link rel=\"canonical\" href=\"https:\/\/laprensacristiana.com\/?p=8840\" \/>\n<meta property=\"og:locale\" content=\"es_ES\" \/>\n<meta property=\"og:type\" content=\"article\" \/>\n<meta property=\"og:title\" content=\"Taber pone a disposici\u00f3n de compatriotas salvadore\u00f1os sus templos en todo el mundo - La Prensa Cristiana\" \/>\n<meta property=\"og:description\" content=\"Cuando el coronavirus identificado como Covid-19 pas\u00f3 de ser epidemia a pandemia, se suscit\u00f3 un giro inesperado para muchos salvadore\u00f1os que por motivos diversos se encontraban de viaje en alg\u00fan lugar del mundo. El Gobierno de El Salvador realiz\u00f3 el anuncio que &nbsp;el proceso para completar el retorno de quienes se han quedado varados en [&hellip;]\" \/>\n<meta property=\"og:url\" content=\"https:\/\/laprensacristiana.com\/?p=8840\" \/>\n<meta property=\"og:site_name\" content=\"La Prensa Cristiana\" \/>\n<meta property=\"article:published_time\" content=\"2020-05-11T22:34:05+00:00\" \/>\n<meta property=\"article:modified_time\" content=\"2020-05-11T22:34:07+00:00\" \/>\n<meta property=\"og:image\" content=\"https:\/\/laprensacristiana.com\/wp-content\/uploads\/2020\/05\/WhatsApp-Image-2020-05-11-at-16.32.33.jpeg\" \/>\n\t<meta property=\"og:image:width\" content=\"720\" \/>\n\t<meta property=\"og:image:height\" content=\"720\" \/>\n\t<meta property=\"og:image:type\" content=\"image\/jpeg\" \/>\n<meta name=\"author\" content=\"EDITOR\" \/>\n<meta name=\"twitter:card\" content=\"summary_large_image\" \/>\n<meta name=\"twitter:label1\" content=\"Escrito por\" \/>\n\t<meta name=\"twitter:data1\" content=\"EDITOR\" \/>\n\t<meta name=\"twitter:label2\" content=\"Tiempo de lectura\" \/>\n\t<meta name=\"twitter:data2\" content=\"3 minutos\" \/>\n<script type=\"application\/ld+json\" class=\"yoast-schema-graph\">{\"@context\":\"https:\/\/schema.org\",\"@graph\":[{\"@type\":\"WebPage\",\"@id\":\"https:\/\/laprensacristiana.com\/?p=8840\",\"url\":\"https:\/\/laprensacristiana.com\/?p=8840\",\"name\":\"Taber pone a disposici\u00f3n de compatriotas salvadore\u00f1os sus templos en todo el mundo - La Prensa Cristiana\",\"isPartOf\":{\"@id\":\"https:\/\/laprensacristiana.com\/#website\"},\"datePublished\":\"2020-05-11T22:34:05+00:00\",\"dateModified\":\"2020-05-11T22:34:07+00:00\",\"author\":{\"@id\":\"https:\/\/laprensacristiana.com\/#\/schema\/person\/3e7d82c6bfd6b1fa67010f8f7cd5256e\"},\"breadcrumb\":{\"@id\":\"https:\/\/laprensacristiana.com\/?p=8840#breadcrumb\"},\"inLanguage\":\"es\",\"potentialAction\":[{\"@type\":\"ReadAction\",\"target\":[\"https:\/\/laprensacristiana.com\/?p=8840\"]}]},{\"@type\":\"BreadcrumbList\",\"@id\":\"https:\/\/laprensacristiana.com\/?p=8840#breadcrumb\",\"itemListElement\":[{\"@type\":\"ListItem\",\"position\":1,\"name\":\"Portada\",\"item\":\"https:\/\/laprensacristiana.com\/\"},{\"@type\":\"ListItem\",\"position\":2,\"name\":\"Taber pone a disposici\u00f3n de compatriotas salvadore\u00f1os sus templos en todo el mundo\"}]},{\"@type\":\"WebSite\",\"@id\":\"https:\/\/laprensacristiana.com\/#website\",\"url\":\"https:\/\/laprensacristiana.com\/\",\"name\":\"La Prensa Cristiana\",\"description\":\"Anunciando Las Buenas Nuevas\",\"potentialAction\":[{\"@type\":\"SearchAction\",\"target\":{\"@type\":\"EntryPoint\",\"urlTemplate\":\"https:\/\/laprensacristiana.com\/?s={search_term_string}\"},\"query-input\":\"required name=search_term_string\"}],\"inLanguage\":\"es\"},{\"@type\":\"Person\",\"@id\":\"https:\/\/laprensacristiana.com\/#\/schema\/person\/3e7d82c6bfd6b1fa67010f8f7cd5256e\",\"name\":\"EDITOR\",\"image\":{\"@type\":\"ImageObject\",\"inLanguage\":\"es\",\"@id\":\"https:\/\/laprensacristiana.com\/#\/schema\/person\/image\/\",\"url\":\"https:\/\/secure.gravatar.com\/avatar\/72069dfb6c13772d9e8381e3638666d2?s=96&d=mm&r=g\",\"contentUrl\":\"https:\/\/secure.gravatar.com\/avatar\/72069dfb6c13772d9e8381e3638666d2?s=96&d=mm&r=g\",\"caption\":\"EDITOR\"},\"url\":\"https:\/\/laprensacristiana.com\/?author=3\"}]}<\/script>\n<!-- \/ Yoast SEO plugin. -->","yoast_head_json":{"title":"Taber pone a disposici\u00f3n de compatriotas salvadore\u00f1os sus templos en todo el mundo - La Prensa Cristiana","robots":{"index":"index","follow":"follow","max-snippet":"max-snippet:-1","max-image-preview":"max-image-preview:large","max-video-preview":"max-video-preview:-1"},"canonical":"https:\/\/laprensacristiana.com\/?p=8840","og_locale":"es_ES","og_type":"article","og_title":"Taber pone a disposici\u00f3n de compatriotas salvadore\u00f1os sus templos en todo el mundo - La Prensa Cristiana","og_description":"Cuando el coronavirus identificado como Covid-19 pas\u00f3 de ser epidemia a pandemia, se suscit\u00f3 un giro inesperado para muchos salvadore\u00f1os que por motivos diversos se encontraban de viaje en alg\u00fan lugar del mundo. El Gobierno de El Salvador realiz\u00f3 el anuncio que &nbsp;el proceso para completar el retorno de quienes se han quedado varados en [&hellip;]","og_url":"https:\/\/laprensacristiana.com\/?p=8840","og_site_name":"La Prensa Cristiana","article_published_time":"2020-05-11T22:34:05+00:00","article_modified_time":"2020-05-11T22:34:07+00:00","og_image":[{"width":720,"height":720,"url":"https:\/\/laprensacristiana.com\/wp-content\/uploads\/2020\/05\/WhatsApp-Image-2020-05-11-at-16.32.33.jpeg","type":"image\/jpeg"}],"author":"EDITOR","twitter_card":"summary_large_image","twitter_misc":{"Escrito por":"EDITOR","Tiempo de lectura":"3 minutos"},"schema":{"@context":"https:\/\/schema.org","@graph":[{"@type":"WebPage","@id":"https:\/\/laprensacristiana.com\/?p=8840","url":"https:\/\/laprensacristiana.com\/?p=8840","name":"Taber pone a disposici\u00f3n de compatriotas salvadore\u00f1os sus templos en todo el mundo - La Prensa Cristiana","isPartOf":{"@id":"https:\/\/laprensacristiana.com\/#website"},"datePublished":"2020-05-11T22:34:05+00:00","dateModified":"2020-05-11T22:34:07+00:00","author":{"@id":"https:\/\/laprensacristiana.com\/#\/schema\/person\/3e7d82c6bfd6b1fa67010f8f7cd5256e"},"breadcrumb":{"@id":"https:\/\/laprensacristiana.com\/?p=8840#breadcrumb"},"inLanguage":"es","potentialAction":[{"@type":"ReadAction","target":["https:\/\/laprensacristiana.com\/?p=8840"]}]},{"@type":"BreadcrumbList","@id":"https:\/\/laprensacristiana.com\/?p=8840#breadcrumb","itemListElement":[{"@type":"ListItem","position":1,"name":"Portada","item":"https:\/\/laprensacristiana.com\/"},{"@type":"ListItem","position":2,"name":"Taber pone a disposici\u00f3n de compatriotas salvadore\u00f1os sus templos en todo el mundo"}]},{"@type":"WebSite","@id":"https:\/\/laprensacristiana.com\/#website","url":"https:\/\/laprensacristiana.com\/","name":"La Prensa Cristiana","description":"Anunciando Las Buenas Nuevas","potentialAction":[{"@type":"SearchAction","target":{"@type":"EntryPoint","urlTemplate":"https:\/\/laprensacristiana.com\/?s={search_term_string}"},"query-input":"required name=search_term_string"}],"inLanguage":"es"},{"@type":"Person","@id":"https:\/\/laprensacristiana.com\/#\/schema\/person\/3e7d82c6bfd6b1fa67010f8f7cd5256e","name":"EDITOR","image":{"@type":"ImageObject","inLanguage":"es","@id":"https:\/\/laprensacristiana.com\/#\/schema\/person\/image\/","url":"https:\/\/secure.gravatar.com\/avatar\/72069dfb6c13772d9e8381e3638666d2?s=96&d=mm&r=g","contentUrl":"https:\/\/secure.gravatar.com\/avatar\/72069dfb6c13772d9e8381e3638666d2?s=96&d=mm&r=g","caption":"EDITOR"},"url":"https:\/\/laprensacristiana.com\/?author=3"}]}},"_links":{"self":[{"href":"https:\/\/laprensacristiana.com\/index.php?rest_route=\/wp\/v2\/posts\/8840"}],"collection":[{"href":"https:\/\/laprensacristiana.com\/index.php?rest_route=\/wp\/v2\/posts"}],"about":[{"href":"https:\/\/laprensacristiana.com\/index.php?rest_route=\/wp\/v2\/types\/post"}],"author":[{"embeddable":true,"href":"https:\/\/laprensacristiana.com\/index.php?rest_route=\/wp\/v2\/users\/3"}],"replies":[{"embeddable":true,"href":"https:\/\/laprensacristiana.com\/index.php?rest_route=%2Fwp%2Fv2%2Fcomments&post=8840"}],"version-history":[{"count":1,"href":"https:\/\/laprensacristiana.com\/index.php?rest_route=\/wp\/v2\/posts\/8840\/revisions"}],"predecessor-version":[{"id":8842,"href":"https:\/\/laprensacristiana.com\/index.php?rest_route=\/wp\/v2\/posts\/8840\/revisions\/8842"}],"wp:featuredmedia":[{"embeddable":true,"href":"https:\/\/laprensacristiana.com\/index.php?rest_route=\/wp\/v2\/media\/8841"}],"wp:attachment":[{"href":"https:\/\/laprensacristiana.com\/index.php?rest_route=%2Fwp%2Fv2%2Fmedia&parent=8840"}],"wp:term":[{"taxonomy":"category","embeddable":true,"href":"https:\/\/laprensacristiana.com\/index.php?rest_route=%2Fwp%2Fv2%2Fcategories&post=8840"},{"taxonomy":"post_tag","embeddable":true,"href":"https:\/\/laprensacristiana.com\/index.php?rest_route=%2Fwp%2Fv2%2Ftags&post=8840"}],"curies":[{"name":"wp","href":"https:\/\/api.w.org\/{rel}","templated":true}]}}