{"id":8844,"date":"2020-05-12T17:10:39","date_gmt":"2020-05-12T17:10:39","guid":{"rendered":"https:\/\/laprensacristiana.com\/?p=8844"},"modified":"2020-05-12T17:10:42","modified_gmt":"2020-05-12T17:10:42","slug":"que-voces-escuchas","status":"publish","type":"post","link":"https:\/\/laprensacristiana.com\/?p=8844","title":{"rendered":"\u00bfQu\u00e9 voces escuchas?"},"content":{"rendered":"\n<p>N\u00fam. 7:89\ufeff \u201cY cuando entraba Mois\u00e9s en el tabern\u00e1culo de reuni\u00f3n, para hablar con Dios, o\u00eda la voz que le hablaba de encima del propiciatorio que estaba sobre el arca del testimonio, de entre los dos querubines; y hablaba con \u00e9l\u201d.<br>\n&nbsp;<br>\nUna de las cosas m\u00e1s impresionantes debi\u00f3 ser escuchar literalmente la voz de Dios, \u00bfc\u00f3mo ser\u00eda? \u00bfQuiz\u00e1 en tono dulce? O \u00bfEn\u00e9rgica, dura y firme? \u00a1Imag\u00ednate escuchar la voz de Dios mismo! Mois\u00e9s debi\u00f3 haber temblado al o\u00edrlo, \u00a1impactante dir\u00eda yo! Sin embargo, \u00bfqu\u00e9 hay de nosotros? Tenemos la Palabra de Dios escrita para guiarnos, instruirnos, exhortarnos, ense\u00f1arnos y debemos mostrar reverencia y respeto por ella. \u00bfQu\u00e9 voces escuchas? Sal 29:4 \u201cVoz de Jehov\u00e1 con potencia; Voz de Jehov\u00e1 con gloria.<br>\n&nbsp;<br>\nDios hablaba directamente a su pueblo para instruirlo en el estilo adecuado de vida, en una ocasi\u00f3n habl\u00f3 al profeta Samuel que no conoc\u00eda la voz de Dios muy a pesar de ministrar en el templo de Dios, fue despu\u00e9s de varias oportunidades que el sacerdote El\u00ed le dijo que seguramente se trataba de Jehov\u00e1 Dios, y le da la instrucci\u00f3n que si se repet\u00eda el llamado de \u201cesa voz\u201d contestara: \u201chabla que tu siervo oye\u201d \u00bfQu\u00e9 voces escuchas? 1 Sam 3:9\ufeff \u201cY dijo El\u00ed a Samuel: Ve y acu\u00e9state; y si te llamare, dir\u00e1s: Habla, Jehov\u00e1, porque tu siervo oye. As\u00ed se fue Samuel, y se acost\u00f3 en su lugar\u201d<br>\n&nbsp;<br>\nLa Biblia tambi\u00e9n registra estas conversaciones para darnos a conocer el car\u00e1cter de Dios, qu\u00e9 mal nos vemos cuando tomamos estas palabras en forma displicente sin importarnos, incluso a veces le damos m\u00e1s \u00e9nfasis a una palabra prof\u00e9tica que viene de un mortal, que por supuesto si es profeta genuino proviene de Dios, pero la Palabra escrita, es igual que la que escuch\u00f3 Mois\u00e9s. Tenemos el privilegio de hablar directamente con \u00c9l, pero contesta de una manera diferente: por medio de un profeta aut\u00e9ntico; por medio de su Palabra escrita, en sue\u00f1os, en visiones y a trav\u00e9s de la gu\u00eda de su Santo Esp\u00edritu. \u00bfQu\u00e9 voces escuchas?<br>\n&nbsp;<br>\nPara recibir direcci\u00f3n correcta, necesitamos intencionalmente querer conocer a Dios como lo hizo Mois\u00e9s, porque, aunque Dios hab\u00eda hablado directa y audiblemente con Mois\u00e9s y Samuel, era rara la vez que lo hizo durante los varios siglos gobernados por los jueces. \u00bfPor qu\u00e9 no se dejaba escuchar la voz de Dios? Observa la actitud de los hijos de El\u00ed, o se negaban a escuchar a Dios o permit\u00edan que la ambici\u00f3n se interpusiera entre ellos y cualquier comunicaci\u00f3n con \u00c9l. \u00bfQu\u00e9 voces escuchas?&nbsp; 1 Sam 3:13\ufeff \u201cY le mostrar\u00e9 que yo juzgar\u00e9 su casa para siempre, por la iniquidad que \u00e9l sabe; porque sus hijos han blasfemado a Dios, y \u00e9l no los ha estorbado\u201d.<br>\n&nbsp;<br>\nAmados amigos y hermanos, escuchar su voz es muy importante y vital en una relaci\u00f3n con Dios, aunque no siempre usa el sonido de una voz humana, nos habla con igual claridad por medio de su Palabra, para recibir sus mensajes, para animarnos, consolarnos, debemos estar listos a escuchar y actuar sobre lo que nos diga y al igual como Samuel estar listos para decir: \u201chabla porque tu siervo oye\u201d. 1 Sam 3:10\ufeff \u201cY vino Jehov\u00e1 y se par\u00f3, y llam\u00f3 como las otras veces: \u00a1Samuel, Samuel! Entonces Samuel dijo: Habla, porque tu siervo oye\u201d.<br>\n&nbsp;<br>\n\u00bfQui\u00e9n oye la voz de Dios? Jes\u00fas dijo: \u201csi es mi oveja, me conoce, me oye y me obedece\u201d, significa que quien no oye, es probable que no lo conoce y mucho menos le obedece. \u00bfDesde cu\u00e1ndo no oyes la voz de Dios? \u00bfAlguna vez la has escuchado? \u00bfTe emociona saber que Dios ahora mismo te podr\u00eda estar hablando?<br>\n&nbsp;<br>\n\u00bfQU\u00c9 VOCES ESCUCHAS?<\/p>\n","protected":false},"excerpt":{"rendered":"<p>N\u00fam. 7:89\ufeff \u201cY cuando entraba Mois\u00e9s en el tabern\u00e1culo de reuni\u00f3n, para hablar con Dios, o\u00eda la voz que le hablaba de encima del propiciatorio que estaba sobre el arca del testimonio, de entre los dos querubines; y hablaba con \u00e9l\u201d. &nbsp; Una de las cosas m\u00e1s impresionantes debi\u00f3 ser escuchar literalmente la voz de [&hellip;]<\/p>\n","protected":false},"author":3,"featured_media":6358,"comment_status":"open","ping_status":"open","sticky":false,"template":"","format":"standard","meta":[],"categories":[36],"tags":[],"yoast_head":"<!-- This site is optimized with the Yoast SEO plugin v20.8 - https:\/\/yoast.com\/wordpress\/plugins\/seo\/ -->\n<title>\u00bfQu\u00e9 voces escuchas? - La Prensa Cristiana<\/title>\n<meta name=\"robots\" content=\"index, follow, max-snippet:-1, max-image-preview:large, max-video-preview:-1\" \/>\n<link rel=\"canonical\" href=\"https:\/\/laprensacristiana.com\/?p=8844\" \/>\n<meta property=\"og:locale\" content=\"es_ES\" \/>\n<meta property=\"og:type\" content=\"article\" \/>\n<meta property=\"og:title\" content=\"\u00bfQu\u00e9 voces escuchas? - La Prensa Cristiana\" \/>\n<meta property=\"og:description\" content=\"N\u00fam. 7:89\ufeff \u201cY cuando entraba Mois\u00e9s en el tabern\u00e1culo de reuni\u00f3n, para hablar con Dios, o\u00eda la voz que le hablaba de encima del propiciatorio que estaba sobre el arca del testimonio, de entre los dos querubines; y hablaba con \u00e9l\u201d. &nbsp; Una de las cosas m\u00e1s impresionantes debi\u00f3 ser escuchar literalmente la voz de [&hellip;]\" \/>\n<meta property=\"og:url\" content=\"https:\/\/laprensacristiana.com\/?p=8844\" \/>\n<meta property=\"og:site_name\" content=\"La Prensa Cristiana\" \/>\n<meta property=\"article:published_time\" content=\"2020-05-12T17:10:39+00:00\" \/>\n<meta property=\"article:modified_time\" content=\"2020-05-12T17:10:42+00:00\" \/>\n<meta property=\"og:image\" content=\"https:\/\/laprensacristiana.com\/wp-content\/uploads\/2019\/08\/WhatsApp-Image-2019-08-20-at-9.10.49-AM.jpeg\" \/>\n\t<meta property=\"og:image:width\" content=\"776\" \/>\n\t<meta property=\"og:image:height\" content=\"393\" \/>\n\t<meta property=\"og:image:type\" content=\"image\/jpeg\" \/>\n<meta name=\"author\" content=\"EDITOR\" \/>\n<meta name=\"twitter:card\" content=\"summary_large_image\" \/>\n<meta name=\"twitter:label1\" content=\"Escrito por\" \/>\n\t<meta name=\"twitter:data1\" content=\"EDITOR\" \/>\n\t<meta name=\"twitter:label2\" content=\"Tiempo de lectura\" \/>\n\t<meta name=\"twitter:data2\" content=\"3 minutos\" \/>\n<script type=\"application\/ld+json\" class=\"yoast-schema-graph\">{\"@context\":\"https:\/\/schema.org\",\"@graph\":[{\"@type\":\"WebPage\",\"@id\":\"https:\/\/laprensacristiana.com\/?p=8844\",\"url\":\"https:\/\/laprensacristiana.com\/?p=8844\",\"name\":\"\u00bfQu\u00e9 voces escuchas? - La Prensa Cristiana\",\"isPartOf\":{\"@id\":\"https:\/\/laprensacristiana.com\/#website\"},\"datePublished\":\"2020-05-12T17:10:39+00:00\",\"dateModified\":\"2020-05-12T17:10:42+00:00\",\"author\":{\"@id\":\"https:\/\/laprensacristiana.com\/#\/schema\/person\/3e7d82c6bfd6b1fa67010f8f7cd5256e\"},\"breadcrumb\":{\"@id\":\"https:\/\/laprensacristiana.com\/?p=8844#breadcrumb\"},\"inLanguage\":\"es\",\"potentialAction\":[{\"@type\":\"ReadAction\",\"target\":[\"https:\/\/laprensacristiana.com\/?p=8844\"]}]},{\"@type\":\"BreadcrumbList\",\"@id\":\"https:\/\/laprensacristiana.com\/?p=8844#breadcrumb\",\"itemListElement\":[{\"@type\":\"ListItem\",\"position\":1,\"name\":\"Portada\",\"item\":\"https:\/\/laprensacristiana.com\/\"},{\"@type\":\"ListItem\",\"position\":2,\"name\":\"\u00bfQu\u00e9 voces escuchas?\"}]},{\"@type\":\"WebSite\",\"@id\":\"https:\/\/laprensacristiana.com\/#website\",\"url\":\"https:\/\/laprensacristiana.com\/\",\"name\":\"La Prensa Cristiana\",\"description\":\"Anunciando Las Buenas Nuevas\",\"potentialAction\":[{\"@type\":\"SearchAction\",\"target\":{\"@type\":\"EntryPoint\",\"urlTemplate\":\"https:\/\/laprensacristiana.com\/?s={search_term_string}\"},\"query-input\":\"required name=search_term_string\"}],\"inLanguage\":\"es\"},{\"@type\":\"Person\",\"@id\":\"https:\/\/laprensacristiana.com\/#\/schema\/person\/3e7d82c6bfd6b1fa67010f8f7cd5256e\",\"name\":\"EDITOR\",\"image\":{\"@type\":\"ImageObject\",\"inLanguage\":\"es\",\"@id\":\"https:\/\/laprensacristiana.com\/#\/schema\/person\/image\/\",\"url\":\"https:\/\/secure.gravatar.com\/avatar\/72069dfb6c13772d9e8381e3638666d2?s=96&d=mm&r=g\",\"contentUrl\":\"https:\/\/secure.gravatar.com\/avatar\/72069dfb6c13772d9e8381e3638666d2?s=96&d=mm&r=g\",\"caption\":\"EDITOR\"},\"url\":\"https:\/\/laprensacristiana.com\/?author=3\"}]}<\/script>\n<!-- \/ Yoast SEO plugin. -->","yoast_head_json":{"title":"\u00bfQu\u00e9 voces escuchas? - La Prensa Cristiana","robots":{"index":"index","follow":"follow","max-snippet":"max-snippet:-1","max-image-preview":"max-image-preview:large","max-video-preview":"max-video-preview:-1"},"canonical":"https:\/\/laprensacristiana.com\/?p=8844","og_locale":"es_ES","og_type":"article","og_title":"\u00bfQu\u00e9 voces escuchas? - La Prensa Cristiana","og_description":"N\u00fam. 7:89\ufeff \u201cY cuando entraba Mois\u00e9s en el tabern\u00e1culo de reuni\u00f3n, para hablar con Dios, o\u00eda la voz que le hablaba de encima del propiciatorio que estaba sobre el arca del testimonio, de entre los dos querubines; y hablaba con \u00e9l\u201d. &nbsp; Una de las cosas m\u00e1s impresionantes debi\u00f3 ser escuchar literalmente la voz de [&hellip;]","og_url":"https:\/\/laprensacristiana.com\/?p=8844","og_site_name":"La Prensa Cristiana","article_published_time":"2020-05-12T17:10:39+00:00","article_modified_time":"2020-05-12T17:10:42+00:00","og_image":[{"width":776,"height":393,"url":"https:\/\/laprensacristiana.com\/wp-content\/uploads\/2019\/08\/WhatsApp-Image-2019-08-20-at-9.10.49-AM.jpeg","type":"image\/jpeg"}],"author":"EDITOR","twitter_card":"summary_large_image","twitter_misc":{"Escrito por":"EDITOR","Tiempo de lectura":"3 minutos"},"schema":{"@context":"https:\/\/schema.org","@graph":[{"@type":"WebPage","@id":"https:\/\/laprensacristiana.com\/?p=8844","url":"https:\/\/laprensacristiana.com\/?p=8844","name":"\u00bfQu\u00e9 voces escuchas? - La Prensa Cristiana","isPartOf":{"@id":"https:\/\/laprensacristiana.com\/#website"},"datePublished":"2020-05-12T17:10:39+00:00","dateModified":"2020-05-12T17:10:42+00:00","author":{"@id":"https:\/\/laprensacristiana.com\/#\/schema\/person\/3e7d82c6bfd6b1fa67010f8f7cd5256e"},"breadcrumb":{"@id":"https:\/\/laprensacristiana.com\/?p=8844#breadcrumb"},"inLanguage":"es","potentialAction":[{"@type":"ReadAction","target":["https:\/\/laprensacristiana.com\/?p=8844"]}]},{"@type":"BreadcrumbList","@id":"https:\/\/laprensacristiana.com\/?p=8844#breadcrumb","itemListElement":[{"@type":"ListItem","position":1,"name":"Portada","item":"https:\/\/laprensacristiana.com\/"},{"@type":"ListItem","position":2,"name":"\u00bfQu\u00e9 voces escuchas?"}]},{"@type":"WebSite","@id":"https:\/\/laprensacristiana.com\/#website","url":"https:\/\/laprensacristiana.com\/","name":"La Prensa Cristiana","description":"Anunciando Las Buenas Nuevas","potentialAction":[{"@type":"SearchAction","target":{"@type":"EntryPoint","urlTemplate":"https:\/\/laprensacristiana.com\/?s={search_term_string}"},"query-input":"required name=search_term_string"}],"inLanguage":"es"},{"@type":"Person","@id":"https:\/\/laprensacristiana.com\/#\/schema\/person\/3e7d82c6bfd6b1fa67010f8f7cd5256e","name":"EDITOR","image":{"@type":"ImageObject","inLanguage":"es","@id":"https:\/\/laprensacristiana.com\/#\/schema\/person\/image\/","url":"https:\/\/secure.gravatar.com\/avatar\/72069dfb6c13772d9e8381e3638666d2?s=96&d=mm&r=g","contentUrl":"https:\/\/secure.gravatar.com\/avatar\/72069dfb6c13772d9e8381e3638666d2?s=96&d=mm&r=g","caption":"EDITOR"},"url":"https:\/\/laprensacristiana.com\/?author=3"}]}},"_links":{"self":[{"href":"https:\/\/laprensacristiana.com\/index.php?rest_route=\/wp\/v2\/posts\/8844"}],"collection":[{"href":"https:\/\/laprensacristiana.com\/index.php?rest_route=\/wp\/v2\/posts"}],"about":[{"href":"https:\/\/laprensacristiana.com\/index.php?rest_route=\/wp\/v2\/types\/post"}],"author":[{"embeddable":true,"href":"https:\/\/laprensacristiana.com\/index.php?rest_route=\/wp\/v2\/users\/3"}],"replies":[{"embeddable":true,"href":"https:\/\/laprensacristiana.com\/index.php?rest_route=%2Fwp%2Fv2%2Fcomments&post=8844"}],"version-history":[{"count":1,"href":"https:\/\/laprensacristiana.com\/index.php?rest_route=\/wp\/v2\/posts\/8844\/revisions"}],"predecessor-version":[{"id":8845,"href":"https:\/\/laprensacristiana.com\/index.php?rest_route=\/wp\/v2\/posts\/8844\/revisions\/8845"}],"wp:featuredmedia":[{"embeddable":true,"href":"https:\/\/laprensacristiana.com\/index.php?rest_route=\/wp\/v2\/media\/6358"}],"wp:attachment":[{"href":"https:\/\/laprensacristiana.com\/index.php?rest_route=%2Fwp%2Fv2%2Fmedia&parent=8844"}],"wp:term":[{"taxonomy":"category","embeddable":true,"href":"https:\/\/laprensacristiana.com\/index.php?rest_route=%2Fwp%2Fv2%2Fcategories&post=8844"},{"taxonomy":"post_tag","embeddable":true,"href":"https:\/\/laprensacristiana.com\/index.php?rest_route=%2Fwp%2Fv2%2Ftags&post=8844"}],"curies":[{"name":"wp","href":"https:\/\/api.w.org\/{rel}","templated":true}]}}