{"id":8867,"date":"2020-05-13T20:01:55","date_gmt":"2020-05-13T20:01:55","guid":{"rendered":"https:\/\/laprensacristiana.com\/?p=8867"},"modified":"2020-07-01T19:34:32","modified_gmt":"2020-07-01T19:34:32","slug":"alimentate-con-el-pan-de-vida","status":"publish","type":"post","link":"https:\/\/laprensacristiana.com\/?p=8867","title":{"rendered":"Alim\u00e9ntate con el pan de vida."},"content":{"rendered":"\n<p>El ejercicio constante de la fe en Cristo es sin duda la parte m\u00e1s dif\u00edcil de la obediencia\u00a0que como hijos de Dios\u00a0debemos de\u00a0practicar,\u00a0en\u00a0tiempos dif\u00edciles\u00a0como\u00a0el presente,\u00a0en el cual\u00a0la incertidumbre\u00a0por el\u00a0estado actual y\u00a0de\u00a0lo porvenir, generan dudas que agolpan en la mente\u00a0y m\u00e1s\u00a0en las\u00a0escasasde pan de vida.\u00a0Raz\u00f3n por la que\u00a0entre nuestras necesidades cotidianas\u00a0a suplir\u00a0est\u00e1n la lectura comprensiva\u00a0de la palabra escrita de Dios y el dialogo personal con\u00a0\u00e9l, como alimento\u00a0de nuestra alma y esp\u00edritu.<\/p>\n\n\n\n<p>El evangelio de Juan&nbsp;narra&nbsp;la&nbsp;maravillosa ense\u00f1anza&nbsp;que Jes\u00fas dio a&nbsp;las personas que&nbsp;fueron&nbsp;testigos&nbsp;del milagro de la multiplicaci\u00f3n de cinco panes y dos pescados&nbsp;con los que alimento a&nbsp;m\u00e1s&nbsp;de&nbsp;cinco mil,&nbsp;personas,&nbsp;quienes&nbsp;despu\u00e9s de esto,&nbsp;le siguieron hasta Caperna\u00fam,&nbsp;hall\u00e1ndolo&nbsp;le hicieron una pregunta que&nbsp;\u00e9l&nbsp;respondi\u00f3 con una amonestaci\u00f3n&nbsp;\u201cDe cierto,&nbsp;de cierto os digo que me busc\u00e1is,&nbsp;no por que hab\u00e9is visto las se\u00f1ales, si no porque&nbsp;comisteis el pan y os saciaste\u201d&nbsp;trabajad no por la comida que perece, sino por la comida que permanece para vida eterna, la cual os dar\u00e1 el hijo del hombre.&nbsp;Cuando ellos le pidieron una se\u00f1al para creer&nbsp;que era el enviado de Dios&nbsp;compar\u00e1ndolo con&nbsp;Mois\u00e9s&nbsp;que dio el man\u00e1 en el desierto&nbsp;a sus antepasados,&nbsp;Jes\u00fas dijo:&nbsp;Mois\u00e9s&nbsp;no os dio el pan del cielo,&nbsp;pero mi padre&nbsp;os da el verdadero pan del cielo, porque el pan de Dios&nbsp;es aquel que descendi\u00f3 del cielo y da vida al mundo&nbsp;\u201cyo soy el pan de vida\u201d&nbsp;el que&nbsp;a m\u00ed&nbsp;viene nunca tendr\u00e1 hambre, y el que en m\u00ed cree&nbsp;no tendr\u00e1 sed jam\u00e1s.<\/p>\n\n\n\n<p>Id a Jes\u00fas y creer en&nbsp;\u00e9l&nbsp;significa lo mismo.&nbsp;Jesucristo&nbsp;muestra que \u00e9l es el pan verdadero y es para nuestra alma lo que el&nbsp;pan&nbsp;natural&nbsp;es para el cuerpo, nutre y&nbsp;sustenta la vida espiritual de todo creyente.&nbsp;Raz\u00f3n por la&nbsp;que debemos asirnos de \u00e9l en todo tiempo.&nbsp;<\/p>\n\n\n\n<p>Ciertamente cuando&nbsp;aceptamos ser&nbsp;capacitados por&nbsp;la gracia de Dios para llevar una vida de fe&nbsp;en su hijo nuestro Se\u00f1or Jesucristo,&nbsp;es cuando&nbsp;comprendemos que&nbsp;Jes\u00fas&nbsp;es&nbsp;el pan que vino del cielo&nbsp;y,&nbsp;el origen divino de todo lo bueno que nos viene por medio de&nbsp;\u00e9l.<\/p>\n\n\n\n<p>El&nbsp;alimento natural&nbsp;de ahora&nbsp;al igual que el man\u00e1&nbsp;en el desierto,&nbsp;sirve&nbsp;\u00fanicamente&nbsp;mientras tenga&nbsp;vida el cuerpo;&nbsp;pero Jesucristo como pan de vida es alimento eterno y el que coma&nbsp;de \u00e9l no morir\u00e1 nunca.&nbsp;Como escrito est\u00e1&nbsp;\u201cel que coma este pan vivir\u00e1 eternamente\u201d&nbsp;(Juan 6:58)<\/p>\n\n\n\n<p>Conociendo esto es&nbsp;deber de todo creyente&nbsp;aprender y recibir la gracia de Dios&nbsp;y asentir a la promesa.<\/p>\n\n\n\n<p>\u00a1SHALOM!<\/p>\n","protected":false},"excerpt":{"rendered":"<p>El ejercicio constante de la fe en Cristo es sin duda la parte m\u00e1s dif\u00edcil de la obediencia\u00a0que como hijos de Dios\u00a0debemos de\u00a0practicar,\u00a0en\u00a0tiempos dif\u00edciles\u00a0como\u00a0el presente,\u00a0en el cual\u00a0la incertidumbre\u00a0por el\u00a0estado actual y\u00a0de\u00a0lo porvenir, generan dudas que agolpan en la mente\u00a0y m\u00e1s\u00a0en las\u00a0escasasde pan de vida.\u00a0Raz\u00f3n por la que\u00a0entre nuestras necesidades cotidianas\u00a0a suplir\u00a0est\u00e1n la lectura comprensiva\u00a0de la [&hellip;]<\/p>\n","protected":false},"author":3,"featured_media":8721,"comment_status":"open","ping_status":"open","sticky":false,"template":"","format":"standard","meta":[],"categories":[36],"tags":[],"yoast_head":"<!-- This site is optimized with the Yoast SEO plugin v20.8 - https:\/\/yoast.com\/wordpress\/plugins\/seo\/ -->\n<title>Alim\u00e9ntate con el pan de vida. - La Prensa Cristiana<\/title>\n<meta name=\"robots\" content=\"index, follow, max-snippet:-1, max-image-preview:large, max-video-preview:-1\" \/>\n<link rel=\"canonical\" href=\"https:\/\/laprensacristiana.com\/?p=8867\" \/>\n<meta property=\"og:locale\" content=\"es_ES\" \/>\n<meta property=\"og:type\" content=\"article\" \/>\n<meta property=\"og:title\" content=\"Alim\u00e9ntate con el pan de vida. - La Prensa Cristiana\" \/>\n<meta property=\"og:description\" content=\"El ejercicio constante de la fe en Cristo es sin duda la parte m\u00e1s dif\u00edcil de la obediencia\u00a0que como hijos de Dios\u00a0debemos de\u00a0practicar,\u00a0en\u00a0tiempos dif\u00edciles\u00a0como\u00a0el presente,\u00a0en el cual\u00a0la incertidumbre\u00a0por el\u00a0estado actual y\u00a0de\u00a0lo porvenir, generan dudas que agolpan en la mente\u00a0y m\u00e1s\u00a0en las\u00a0escasasde pan de vida.\u00a0Raz\u00f3n por la que\u00a0entre nuestras necesidades cotidianas\u00a0a suplir\u00a0est\u00e1n la lectura comprensiva\u00a0de la [&hellip;]\" \/>\n<meta property=\"og:url\" content=\"https:\/\/laprensacristiana.com\/?p=8867\" \/>\n<meta property=\"og:site_name\" content=\"La Prensa Cristiana\" \/>\n<meta property=\"article:published_time\" content=\"2020-05-13T20:01:55+00:00\" \/>\n<meta property=\"article:modified_time\" content=\"2020-07-01T19:34:32+00:00\" \/>\n<meta property=\"og:image\" content=\"https:\/\/laprensacristiana.com\/wp-content\/uploads\/2020\/04\/JULY-LPG-2017.jpg\" \/>\n\t<meta property=\"og:image:width\" content=\"1240\" \/>\n\t<meta property=\"og:image:height\" content=\"692\" \/>\n\t<meta property=\"og:image:type\" content=\"image\/jpeg\" \/>\n<meta name=\"author\" content=\"EDITOR\" \/>\n<meta name=\"twitter:card\" content=\"summary_large_image\" \/>\n<meta name=\"twitter:label1\" content=\"Escrito por\" \/>\n\t<meta name=\"twitter:data1\" content=\"EDITOR\" \/>\n\t<meta name=\"twitter:label2\" content=\"Tiempo de lectura\" \/>\n\t<meta name=\"twitter:data2\" content=\"3 minutos\" \/>\n<script type=\"application\/ld+json\" class=\"yoast-schema-graph\">{\"@context\":\"https:\/\/schema.org\",\"@graph\":[{\"@type\":\"WebPage\",\"@id\":\"https:\/\/laprensacristiana.com\/?p=8867\",\"url\":\"https:\/\/laprensacristiana.com\/?p=8867\",\"name\":\"Alim\u00e9ntate con el pan de vida. - La Prensa Cristiana\",\"isPartOf\":{\"@id\":\"https:\/\/laprensacristiana.com\/#website\"},\"datePublished\":\"2020-05-13T20:01:55+00:00\",\"dateModified\":\"2020-07-01T19:34:32+00:00\",\"author\":{\"@id\":\"https:\/\/laprensacristiana.com\/#\/schema\/person\/3e7d82c6bfd6b1fa67010f8f7cd5256e\"},\"breadcrumb\":{\"@id\":\"https:\/\/laprensacristiana.com\/?p=8867#breadcrumb\"},\"inLanguage\":\"es\",\"potentialAction\":[{\"@type\":\"ReadAction\",\"target\":[\"https:\/\/laprensacristiana.com\/?p=8867\"]}]},{\"@type\":\"BreadcrumbList\",\"@id\":\"https:\/\/laprensacristiana.com\/?p=8867#breadcrumb\",\"itemListElement\":[{\"@type\":\"ListItem\",\"position\":1,\"name\":\"Portada\",\"item\":\"https:\/\/laprensacristiana.com\/\"},{\"@type\":\"ListItem\",\"position\":2,\"name\":\"Alim\u00e9ntate con el pan de vida.\"}]},{\"@type\":\"WebSite\",\"@id\":\"https:\/\/laprensacristiana.com\/#website\",\"url\":\"https:\/\/laprensacristiana.com\/\",\"name\":\"La Prensa Cristiana\",\"description\":\"Anunciando Las Buenas Nuevas\",\"potentialAction\":[{\"@type\":\"SearchAction\",\"target\":{\"@type\":\"EntryPoint\",\"urlTemplate\":\"https:\/\/laprensacristiana.com\/?s={search_term_string}\"},\"query-input\":\"required name=search_term_string\"}],\"inLanguage\":\"es\"},{\"@type\":\"Person\",\"@id\":\"https:\/\/laprensacristiana.com\/#\/schema\/person\/3e7d82c6bfd6b1fa67010f8f7cd5256e\",\"name\":\"EDITOR\",\"image\":{\"@type\":\"ImageObject\",\"inLanguage\":\"es\",\"@id\":\"https:\/\/laprensacristiana.com\/#\/schema\/person\/image\/\",\"url\":\"https:\/\/secure.gravatar.com\/avatar\/72069dfb6c13772d9e8381e3638666d2?s=96&d=mm&r=g\",\"contentUrl\":\"https:\/\/secure.gravatar.com\/avatar\/72069dfb6c13772d9e8381e3638666d2?s=96&d=mm&r=g\",\"caption\":\"EDITOR\"},\"url\":\"https:\/\/laprensacristiana.com\/?author=3\"}]}<\/script>\n<!-- \/ Yoast SEO plugin. -->","yoast_head_json":{"title":"Alim\u00e9ntate con el pan de vida. - La Prensa Cristiana","robots":{"index":"index","follow":"follow","max-snippet":"max-snippet:-1","max-image-preview":"max-image-preview:large","max-video-preview":"max-video-preview:-1"},"canonical":"https:\/\/laprensacristiana.com\/?p=8867","og_locale":"es_ES","og_type":"article","og_title":"Alim\u00e9ntate con el pan de vida. - La Prensa Cristiana","og_description":"El ejercicio constante de la fe en Cristo es sin duda la parte m\u00e1s dif\u00edcil de la obediencia\u00a0que como hijos de Dios\u00a0debemos de\u00a0practicar,\u00a0en\u00a0tiempos dif\u00edciles\u00a0como\u00a0el presente,\u00a0en el cual\u00a0la incertidumbre\u00a0por el\u00a0estado actual y\u00a0de\u00a0lo porvenir, generan dudas que agolpan en la mente\u00a0y m\u00e1s\u00a0en las\u00a0escasasde pan de vida.\u00a0Raz\u00f3n por la que\u00a0entre nuestras necesidades cotidianas\u00a0a suplir\u00a0est\u00e1n la lectura comprensiva\u00a0de la [&hellip;]","og_url":"https:\/\/laprensacristiana.com\/?p=8867","og_site_name":"La Prensa Cristiana","article_published_time":"2020-05-13T20:01:55+00:00","article_modified_time":"2020-07-01T19:34:32+00:00","og_image":[{"width":1240,"height":692,"url":"https:\/\/laprensacristiana.com\/wp-content\/uploads\/2020\/04\/JULY-LPG-2017.jpg","type":"image\/jpeg"}],"author":"EDITOR","twitter_card":"summary_large_image","twitter_misc":{"Escrito por":"EDITOR","Tiempo de lectura":"3 minutos"},"schema":{"@context":"https:\/\/schema.org","@graph":[{"@type":"WebPage","@id":"https:\/\/laprensacristiana.com\/?p=8867","url":"https:\/\/laprensacristiana.com\/?p=8867","name":"Alim\u00e9ntate con el pan de vida. - La Prensa Cristiana","isPartOf":{"@id":"https:\/\/laprensacristiana.com\/#website"},"datePublished":"2020-05-13T20:01:55+00:00","dateModified":"2020-07-01T19:34:32+00:00","author":{"@id":"https:\/\/laprensacristiana.com\/#\/schema\/person\/3e7d82c6bfd6b1fa67010f8f7cd5256e"},"breadcrumb":{"@id":"https:\/\/laprensacristiana.com\/?p=8867#breadcrumb"},"inLanguage":"es","potentialAction":[{"@type":"ReadAction","target":["https:\/\/laprensacristiana.com\/?p=8867"]}]},{"@type":"BreadcrumbList","@id":"https:\/\/laprensacristiana.com\/?p=8867#breadcrumb","itemListElement":[{"@type":"ListItem","position":1,"name":"Portada","item":"https:\/\/laprensacristiana.com\/"},{"@type":"ListItem","position":2,"name":"Alim\u00e9ntate con el pan de vida."}]},{"@type":"WebSite","@id":"https:\/\/laprensacristiana.com\/#website","url":"https:\/\/laprensacristiana.com\/","name":"La Prensa Cristiana","description":"Anunciando Las Buenas Nuevas","potentialAction":[{"@type":"SearchAction","target":{"@type":"EntryPoint","urlTemplate":"https:\/\/laprensacristiana.com\/?s={search_term_string}"},"query-input":"required name=search_term_string"}],"inLanguage":"es"},{"@type":"Person","@id":"https:\/\/laprensacristiana.com\/#\/schema\/person\/3e7d82c6bfd6b1fa67010f8f7cd5256e","name":"EDITOR","image":{"@type":"ImageObject","inLanguage":"es","@id":"https:\/\/laprensacristiana.com\/#\/schema\/person\/image\/","url":"https:\/\/secure.gravatar.com\/avatar\/72069dfb6c13772d9e8381e3638666d2?s=96&d=mm&r=g","contentUrl":"https:\/\/secure.gravatar.com\/avatar\/72069dfb6c13772d9e8381e3638666d2?s=96&d=mm&r=g","caption":"EDITOR"},"url":"https:\/\/laprensacristiana.com\/?author=3"}]}},"_links":{"self":[{"href":"https:\/\/laprensacristiana.com\/index.php?rest_route=\/wp\/v2\/posts\/8867"}],"collection":[{"href":"https:\/\/laprensacristiana.com\/index.php?rest_route=\/wp\/v2\/posts"}],"about":[{"href":"https:\/\/laprensacristiana.com\/index.php?rest_route=\/wp\/v2\/types\/post"}],"author":[{"embeddable":true,"href":"https:\/\/laprensacristiana.com\/index.php?rest_route=\/wp\/v2\/users\/3"}],"replies":[{"embeddable":true,"href":"https:\/\/laprensacristiana.com\/index.php?rest_route=%2Fwp%2Fv2%2Fcomments&post=8867"}],"version-history":[{"count":1,"href":"https:\/\/laprensacristiana.com\/index.php?rest_route=\/wp\/v2\/posts\/8867\/revisions"}],"predecessor-version":[{"id":8868,"href":"https:\/\/laprensacristiana.com\/index.php?rest_route=\/wp\/v2\/posts\/8867\/revisions\/8868"}],"wp:featuredmedia":[{"embeddable":true,"href":"https:\/\/laprensacristiana.com\/index.php?rest_route=\/wp\/v2\/media\/8721"}],"wp:attachment":[{"href":"https:\/\/laprensacristiana.com\/index.php?rest_route=%2Fwp%2Fv2%2Fmedia&parent=8867"}],"wp:term":[{"taxonomy":"category","embeddable":true,"href":"https:\/\/laprensacristiana.com\/index.php?rest_route=%2Fwp%2Fv2%2Fcategories&post=8867"},{"taxonomy":"post_tag","embeddable":true,"href":"https:\/\/laprensacristiana.com\/index.php?rest_route=%2Fwp%2Fv2%2Ftags&post=8867"}],"curies":[{"name":"wp","href":"https:\/\/api.w.org\/{rel}","templated":true}]}}