{"id":8895,"date":"2020-05-15T20:21:50","date_gmt":"2020-05-15T20:21:50","guid":{"rendered":"https:\/\/laprensacristiana.com\/?p=8895"},"modified":"2020-05-15T20:21:52","modified_gmt":"2020-05-15T20:21:52","slug":"la-liberacion","status":"publish","type":"post","link":"https:\/\/laprensacristiana.com\/?p=8895","title":{"rendered":"La liberaci\u00f3n"},"content":{"rendered":"\n<p>Juan 8:36: \u201cAs\u00ed que, si el Hijo os\nlibertare, ser\u00e9is verdaderamente libres\u201d<\/p>\n\n\n\n<p>\u00a1Nosotros no nacimos esclavos! le\nrespondieron a Jesus los fariseos de su tiempo. Ellos alegaban que eran hijos\nde Abraham, por lo tanto, hab\u00edan nacido libres. Jesus los cuestiona con otros\nargumentos que -al igual que nosotros- ignoraban que s\u00ed estaban esclavizados\npor un sistema religioso que los ten\u00eda bajo el yugo de su ley y tradiciones.<\/p>\n\n\n\n<p>No pod\u00edan comer sin antes lavarse cuatro o\ncinco veces las manos, los brazos y los antebrazos. No pod\u00edan comer sin antes\ndejar escurrir el agua para estar completamente limpios. No pod\u00eda tocar a su\nesposa cuando acababa de dar a luz a su hijo. No pod\u00edan esto, no pod\u00edan lo\notro. Estaban, los fariseos y por ende nosotros, esclavizados a muchas\ncostumbres que nos destru\u00edan no solo la fe sino tambi\u00e9n la vida. La esclavitud\ndel mundo nos consum\u00eda tanta energ\u00eda que llegada la noche no ten\u00edamos fuerza\nm\u00e0s que para sentarnos a ver televisi\u00f3n hasta altas horas de la noche. Y a\nveces, todo esto acompa\u00f1ado de un par de tragos de licor para poder conciliar\nel sue\u00f1o.&nbsp; \u00bfY \u00e9ramos libres, realmente?\nLo dudo.<\/p>\n\n\n\n<p>Pero no era eso solamente. Porque la\nesclavitud estaba siendo dirigida por un enemigo en com\u00fan. Satan\u00e0s ten\u00eda el\npoder sobre nuestras vidas y voluntades. Su terreno era nuestra mente y nos\nmanten\u00eda subyugados bajo su bota ingrata para hacernos obedecer sus\ninstrucciones que nos llevaban m\u00e0s y m\u00e0s hacia la bancarrota moral y espiritual.\nTanto el pueblo de Israel en Egipto como nosotros en el mundo actual, est\u00e1bamos\nbajo el mismo sistema. Si es que no lo estamos a\u00fan. <\/p>\n\n\n\n<p>Entonces, no hace falta que le diga que hay\nlugares donde el enemigo gobierna y todav\u00eda y que algunos de ellos pueden ser\nsitios donde contin\u00faa dando vueltas.&nbsp; Tal\nvez est\u00e1 envuelto una relaci\u00f3n que constantemente le pide que comprometa sus\nconvicciones cristianas, pero parece que no puede dejarla.&nbsp; Son esas relaciones t\u00f3xicas que le asfixian y\nle roban energ\u00eda, le roban su pureza y le da\u00f1an sus pensamientos. Sigue mirando\nlas mismas pel\u00edculas y los mismos programas de televisi\u00f3n, semana tras semana,\ncontin\u00faa leyendo esos libros y revistas que seducen su mente y la alejan de la\npureza de los ideales de Dios, y&nbsp; siempre\nle dejan un poquito m\u00e0s disconforme con su condici\u00f3n actual en la vida.&nbsp; Tal vez esta atado a un h\u00e1bito en particular\nque constantemente le impide escapar de los l\u00edmites de tierra gobernados por\nSatan\u00e0s.<\/p>\n\n\n\n<p>Sin duda, el objetivo de la esclavitud\negipcia no era meramente da\u00f1arles el cuerpo y hacerles trabajar.&nbsp;&nbsp; La intenci\u00f3n era destruir el esp\u00edritu de las\nmasas israelitas, para minimizar as\u00ed toda amenaza de resistencia o\ncontragolpe.&nbsp; El dolor f\u00edsico era solo el\nmedio para conseguir el fin deseado: la humillaci\u00f3n de toda una raza de\npersonas, que sirviera generaci\u00f3n tras generaci\u00f3n a fin de satisfacer los\nprop\u00f3sitos y los caprichos de su captores. Eso fue lo que heredamos de nuestros\npadres. \u201cSi no trabajo, no como\u201d fue la frase que nos inculcaron desde ni\u00f1os. \u201cEstudia\npara valer algo\u201d fue otro estigma que se clav\u00f3 en nuestros corazones. Y eso,\nsin ser una mala intenci\u00f3n de nuestros progenitores, se volvi\u00f3 nuestra bandera\nde vida. Y ahora, que estamos en Cristo, seguimos viviendo bajo ese paradigma. <\/p>\n\n\n\n<p>Fara\u00f2n procur\u00f3 separar al pueblo de Dios de\ntoda asociaci\u00f3n con Jehov\u00e0 y de su historia con \u00c8l, incorporarlo a la manera\negipcia de pensar y disuadirlo de vivir como si alguna vez hubiesen conocido al\nSe\u00f1or.&nbsp; Seguramente esto hizo que quienes\nmanejaban a los esclavos descubrieran todo lo posible respecto a los hombres y\nmujeres maltratados que ten\u00eda a su cuidado, as\u00ed, se encargaban de imponerle a\ncada persona desaf\u00edos espec\u00edficos y a medida, logrando que se intensificar\u00e1 el\ndolor de aplicarlos sobre todo punto d\u00e9bil disponible.&nbsp; La esclavitud no era un decreto vigente un\nsolo d\u00eca.&nbsp; No pasaba una jornada sin el\nconstante aguijoneo del comisario de tributos que les exig\u00eda ser d\u00f3ciles y\ndesafiar a su Dios, y que los instru\u00eda&nbsp;\nen las costumbre y la mentalidad egipcia.<\/p>\n\n\n\n<p>\u00bfNo le parecen conocidas estas frases,\nquerido lector? Est\u00e1bamos bajo la esclavitud del mundo y ni cuenta nos hab\u00edamos\ndado. Trabajando de sol a sol por un salario que no llega a subir ning\u00fan\npresupuesto, llenos de deudas bancarias, deudas morales y espirituales. <\/p>\n\n\n\n<p>Pero llegada cierta fecha, hab\u00eda celebraci\u00f3n\ny Satan\u00e0s nos endulzaba el o\u00eddo haci\u00e9ndonos creer que est\u00e1bamos en libertad de\ndisfrutar nuestros gustos. Aunque despu\u00e9s nos enferm\u00e1bamos a causa de los\ndesatinos de nuestra conducta.<\/p>\n\n\n\n<p>A eso vino Jesus: A liberarnos. A comprarnos\na precio de Sangre para darnos la verdadera libertad que el mundo nos ofrec\u00eda\nbajo el enga\u00f1o de lo material. Solo Jesus liberta. Solo Jesus da vida. Solo\nJesus rompe cadenas. Solo \u00c8l. <\/p>\n\n\n\n<p>SOLI DEO GLORIA<\/p>\n","protected":false},"excerpt":{"rendered":"<p>Juan 8:36: \u201cAs\u00ed que, si el Hijo os libertare, ser\u00e9is verdaderamente libres\u201d \u00a1Nosotros no nacimos esclavos! le respondieron a Jesus los fariseos de su tiempo. Ellos alegaban que eran hijos de Abraham, por lo tanto, hab\u00edan nacido libres. Jesus los cuestiona con otros argumentos que -al igual que nosotros- ignoraban que s\u00ed estaban esclavizados por [&hellip;]<\/p>\n","protected":false},"author":3,"featured_media":7949,"comment_status":"open","ping_status":"open","sticky":false,"template":"","format":"standard","meta":[],"categories":[36],"tags":[],"yoast_head":"<!-- This site is optimized with the Yoast SEO plugin v20.8 - https:\/\/yoast.com\/wordpress\/plugins\/seo\/ -->\n<title>La liberaci\u00f3n - La Prensa Cristiana<\/title>\n<meta name=\"robots\" content=\"index, follow, max-snippet:-1, max-image-preview:large, max-video-preview:-1\" \/>\n<link rel=\"canonical\" href=\"https:\/\/laprensacristiana.com\/?p=8895\" \/>\n<meta property=\"og:locale\" content=\"es_ES\" \/>\n<meta property=\"og:type\" content=\"article\" \/>\n<meta property=\"og:title\" content=\"La liberaci\u00f3n - La Prensa Cristiana\" \/>\n<meta property=\"og:description\" content=\"Juan 8:36: \u201cAs\u00ed que, si el Hijo os libertare, ser\u00e9is verdaderamente libres\u201d \u00a1Nosotros no nacimos esclavos! le respondieron a Jesus los fariseos de su tiempo. Ellos alegaban que eran hijos de Abraham, por lo tanto, hab\u00edan nacido libres. Jesus los cuestiona con otros argumentos que -al igual que nosotros- ignoraban que s\u00ed estaban esclavizados por [&hellip;]\" \/>\n<meta property=\"og:url\" content=\"https:\/\/laprensacristiana.com\/?p=8895\" \/>\n<meta property=\"og:site_name\" content=\"La Prensa Cristiana\" \/>\n<meta property=\"article:published_time\" content=\"2020-05-15T20:21:50+00:00\" \/>\n<meta property=\"article:modified_time\" content=\"2020-05-15T20:21:52+00:00\" \/>\n<meta property=\"og:image\" content=\"https:\/\/laprensacristiana.com\/wp-content\/uploads\/2020\/01\/2017-11-23-PHOTO-00003245-1.jpg\" \/>\n\t<meta property=\"og:image:width\" content=\"1280\" \/>\n\t<meta property=\"og:image:height\" content=\"714\" \/>\n\t<meta property=\"og:image:type\" content=\"image\/jpeg\" \/>\n<meta name=\"author\" content=\"EDITOR\" \/>\n<meta name=\"twitter:card\" content=\"summary_large_image\" \/>\n<meta name=\"twitter:label1\" content=\"Escrito por\" \/>\n\t<meta name=\"twitter:data1\" content=\"EDITOR\" \/>\n\t<meta name=\"twitter:label2\" content=\"Tiempo de lectura\" \/>\n\t<meta name=\"twitter:data2\" content=\"4 minutos\" \/>\n<script type=\"application\/ld+json\" class=\"yoast-schema-graph\">{\"@context\":\"https:\/\/schema.org\",\"@graph\":[{\"@type\":\"WebPage\",\"@id\":\"https:\/\/laprensacristiana.com\/?p=8895\",\"url\":\"https:\/\/laprensacristiana.com\/?p=8895\",\"name\":\"La liberaci\u00f3n - La Prensa Cristiana\",\"isPartOf\":{\"@id\":\"https:\/\/laprensacristiana.com\/#website\"},\"datePublished\":\"2020-05-15T20:21:50+00:00\",\"dateModified\":\"2020-05-15T20:21:52+00:00\",\"author\":{\"@id\":\"https:\/\/laprensacristiana.com\/#\/schema\/person\/3e7d82c6bfd6b1fa67010f8f7cd5256e\"},\"breadcrumb\":{\"@id\":\"https:\/\/laprensacristiana.com\/?p=8895#breadcrumb\"},\"inLanguage\":\"es\",\"potentialAction\":[{\"@type\":\"ReadAction\",\"target\":[\"https:\/\/laprensacristiana.com\/?p=8895\"]}]},{\"@type\":\"BreadcrumbList\",\"@id\":\"https:\/\/laprensacristiana.com\/?p=8895#breadcrumb\",\"itemListElement\":[{\"@type\":\"ListItem\",\"position\":1,\"name\":\"Portada\",\"item\":\"https:\/\/laprensacristiana.com\/\"},{\"@type\":\"ListItem\",\"position\":2,\"name\":\"La liberaci\u00f3n\"}]},{\"@type\":\"WebSite\",\"@id\":\"https:\/\/laprensacristiana.com\/#website\",\"url\":\"https:\/\/laprensacristiana.com\/\",\"name\":\"La Prensa Cristiana\",\"description\":\"Anunciando Las Buenas Nuevas\",\"potentialAction\":[{\"@type\":\"SearchAction\",\"target\":{\"@type\":\"EntryPoint\",\"urlTemplate\":\"https:\/\/laprensacristiana.com\/?s={search_term_string}\"},\"query-input\":\"required name=search_term_string\"}],\"inLanguage\":\"es\"},{\"@type\":\"Person\",\"@id\":\"https:\/\/laprensacristiana.com\/#\/schema\/person\/3e7d82c6bfd6b1fa67010f8f7cd5256e\",\"name\":\"EDITOR\",\"image\":{\"@type\":\"ImageObject\",\"inLanguage\":\"es\",\"@id\":\"https:\/\/laprensacristiana.com\/#\/schema\/person\/image\/\",\"url\":\"https:\/\/secure.gravatar.com\/avatar\/72069dfb6c13772d9e8381e3638666d2?s=96&d=mm&r=g\",\"contentUrl\":\"https:\/\/secure.gravatar.com\/avatar\/72069dfb6c13772d9e8381e3638666d2?s=96&d=mm&r=g\",\"caption\":\"EDITOR\"},\"url\":\"https:\/\/laprensacristiana.com\/?author=3\"}]}<\/script>\n<!-- \/ Yoast SEO plugin. -->","yoast_head_json":{"title":"La liberaci\u00f3n - La Prensa Cristiana","robots":{"index":"index","follow":"follow","max-snippet":"max-snippet:-1","max-image-preview":"max-image-preview:large","max-video-preview":"max-video-preview:-1"},"canonical":"https:\/\/laprensacristiana.com\/?p=8895","og_locale":"es_ES","og_type":"article","og_title":"La liberaci\u00f3n - La Prensa Cristiana","og_description":"Juan 8:36: \u201cAs\u00ed que, si el Hijo os libertare, ser\u00e9is verdaderamente libres\u201d \u00a1Nosotros no nacimos esclavos! le respondieron a Jesus los fariseos de su tiempo. Ellos alegaban que eran hijos de Abraham, por lo tanto, hab\u00edan nacido libres. Jesus los cuestiona con otros argumentos que -al igual que nosotros- ignoraban que s\u00ed estaban esclavizados por [&hellip;]","og_url":"https:\/\/laprensacristiana.com\/?p=8895","og_site_name":"La Prensa Cristiana","article_published_time":"2020-05-15T20:21:50+00:00","article_modified_time":"2020-05-15T20:21:52+00:00","og_image":[{"width":1280,"height":714,"url":"https:\/\/laprensacristiana.com\/wp-content\/uploads\/2020\/01\/2017-11-23-PHOTO-00003245-1.jpg","type":"image\/jpeg"}],"author":"EDITOR","twitter_card":"summary_large_image","twitter_misc":{"Escrito por":"EDITOR","Tiempo de lectura":"4 minutos"},"schema":{"@context":"https:\/\/schema.org","@graph":[{"@type":"WebPage","@id":"https:\/\/laprensacristiana.com\/?p=8895","url":"https:\/\/laprensacristiana.com\/?p=8895","name":"La liberaci\u00f3n - La Prensa Cristiana","isPartOf":{"@id":"https:\/\/laprensacristiana.com\/#website"},"datePublished":"2020-05-15T20:21:50+00:00","dateModified":"2020-05-15T20:21:52+00:00","author":{"@id":"https:\/\/laprensacristiana.com\/#\/schema\/person\/3e7d82c6bfd6b1fa67010f8f7cd5256e"},"breadcrumb":{"@id":"https:\/\/laprensacristiana.com\/?p=8895#breadcrumb"},"inLanguage":"es","potentialAction":[{"@type":"ReadAction","target":["https:\/\/laprensacristiana.com\/?p=8895"]}]},{"@type":"BreadcrumbList","@id":"https:\/\/laprensacristiana.com\/?p=8895#breadcrumb","itemListElement":[{"@type":"ListItem","position":1,"name":"Portada","item":"https:\/\/laprensacristiana.com\/"},{"@type":"ListItem","position":2,"name":"La liberaci\u00f3n"}]},{"@type":"WebSite","@id":"https:\/\/laprensacristiana.com\/#website","url":"https:\/\/laprensacristiana.com\/","name":"La Prensa Cristiana","description":"Anunciando Las Buenas Nuevas","potentialAction":[{"@type":"SearchAction","target":{"@type":"EntryPoint","urlTemplate":"https:\/\/laprensacristiana.com\/?s={search_term_string}"},"query-input":"required name=search_term_string"}],"inLanguage":"es"},{"@type":"Person","@id":"https:\/\/laprensacristiana.com\/#\/schema\/person\/3e7d82c6bfd6b1fa67010f8f7cd5256e","name":"EDITOR","image":{"@type":"ImageObject","inLanguage":"es","@id":"https:\/\/laprensacristiana.com\/#\/schema\/person\/image\/","url":"https:\/\/secure.gravatar.com\/avatar\/72069dfb6c13772d9e8381e3638666d2?s=96&d=mm&r=g","contentUrl":"https:\/\/secure.gravatar.com\/avatar\/72069dfb6c13772d9e8381e3638666d2?s=96&d=mm&r=g","caption":"EDITOR"},"url":"https:\/\/laprensacristiana.com\/?author=3"}]}},"_links":{"self":[{"href":"https:\/\/laprensacristiana.com\/index.php?rest_route=\/wp\/v2\/posts\/8895"}],"collection":[{"href":"https:\/\/laprensacristiana.com\/index.php?rest_route=\/wp\/v2\/posts"}],"about":[{"href":"https:\/\/laprensacristiana.com\/index.php?rest_route=\/wp\/v2\/types\/post"}],"author":[{"embeddable":true,"href":"https:\/\/laprensacristiana.com\/index.php?rest_route=\/wp\/v2\/users\/3"}],"replies":[{"embeddable":true,"href":"https:\/\/laprensacristiana.com\/index.php?rest_route=%2Fwp%2Fv2%2Fcomments&post=8895"}],"version-history":[{"count":1,"href":"https:\/\/laprensacristiana.com\/index.php?rest_route=\/wp\/v2\/posts\/8895\/revisions"}],"predecessor-version":[{"id":8896,"href":"https:\/\/laprensacristiana.com\/index.php?rest_route=\/wp\/v2\/posts\/8895\/revisions\/8896"}],"wp:featuredmedia":[{"embeddable":true,"href":"https:\/\/laprensacristiana.com\/index.php?rest_route=\/wp\/v2\/media\/7949"}],"wp:attachment":[{"href":"https:\/\/laprensacristiana.com\/index.php?rest_route=%2Fwp%2Fv2%2Fmedia&parent=8895"}],"wp:term":[{"taxonomy":"category","embeddable":true,"href":"https:\/\/laprensacristiana.com\/index.php?rest_route=%2Fwp%2Fv2%2Fcategories&post=8895"},{"taxonomy":"post_tag","embeddable":true,"href":"https:\/\/laprensacristiana.com\/index.php?rest_route=%2Fwp%2Fv2%2Ftags&post=8895"}],"curies":[{"name":"wp","href":"https:\/\/api.w.org\/{rel}","templated":true}]}}