{"id":8909,"date":"2020-05-20T22:41:40","date_gmt":"2020-05-20T22:41:40","guid":{"rendered":"https:\/\/laprensacristiana.com\/?p=8909"},"modified":"2020-05-20T22:43:23","modified_gmt":"2020-05-20T22:43:23","slug":"siglag","status":"publish","type":"post","link":"https:\/\/laprensacristiana.com\/?p=8909","title":{"rendered":"Siclag"},"content":{"rendered":"\n<p>1 Sam. 30:1 \u201cY aconteci\u00f3 que cuando David y\nsus hombres llegaron a Siclag al tercer d\u00eda, los amalecitas hab\u00edan hecho una\nincursi\u00f3n en el Neguev y contra Siclag, y hab\u00edan asolado a Siclag y la hab\u00edan\nincendiado; y se llevaron cautivas las mujeres y a todos los que estaban en\nella, grandes y peque\u00f1os, sin dar muerte a nadie; se los llevaron y siguieron\nsu camino.\u201d<\/p>\n\n\n\n<p>Como un hombre de formaci\u00f3n militar, nunca\ncastigu\u00e9 a mis hijos con vara o palos. Siempre, o casi siempre fueron castigos\nf\u00edsicos: p\u00edrricos, despechadas, marcar el paso, etc. porque aparte de que les\nhacia bien en sus cuerpos, la mente y el car\u00e1cter eran disciplinados.<\/p>\n\n\n\n<p>Y cuando ya estaban sudando y llorando, les\nmandaba a detenerse, descansar y les dec\u00eda: \u201cllore, llore y luego s\u00e8quese las\nl\u00e1grimas y vamos a seguir platicando en la sala\u201d. <\/p>\n\n\n\n<p>Esto lo hice para ense\u00f1arles dos cosas: Se\nvale llorar. Pero no quedarse llorando. Se vale sentir dolor, pero no quedarse\nsufriendo. Hay que seguir con la vida. Hay que levantarse, sacudirse el polvo,\nestirarse los pantalones y continuar con la vida. Un castigo no es la muerte.\nUn fracaso no lo define a usted. Usted no es el fracaso. Un error no lo define.\nEl error le ense\u00f1a.<\/p>\n\n\n\n<p>David y sus guerreros han regresado de\nalguna incursi\u00f3n y encuentran su base central que estaba en Siclag para\nrearmarse y revisar sus p\u00e9rdidas y ganancias. Pero oh, sorpresa, se encuentran\ncon que la ciudad hab\u00eda sido incendiada, las mujeres y los ni\u00f1os hab\u00edan sido llevados\ncautivos. Sus amigos, al ver ese desastre, junto con su l\u00edder, sueltan todo su\ndolor. Lloran. Lloraron como lloran los hombres. Derramaron su coraz\u00f3n no solo\npor el dolor de que sus familias hab\u00edan sido llevadas cautivas sino por el\nfracaso de no haber estado all\u00ed para defenderlos. David derrama su coraz\u00f3n y\nquebranta su esp\u00edritu. Jesus llor\u00f3 tambi\u00e9n. Jerem\u00edas llor\u00f3 por su ciudad. Pedro\nllor\u00f3 cuando neg\u00f3 a su maestro. Llorar nos hace bien. Nos limpia el alma y\nrenueva nuestro coraz\u00f3n.<\/p>\n\n\n\n<p>Pero David no se qued\u00f3 all\u00ed, llorando todo\nel d\u00eca ni toda la noche. No. David tom\u00f2 una decisi\u00f3n. Hay que seguir. Hay que\nbuscar una soluci\u00f3n a este problema. \u00bfNo hay trabajo? quiz\u00e1 sea momento de\nllorar de pena pero habr\u00e1 que levantar el vuelo. \u00bfNo hay dinero en la bolsa?\nLlore, amigo, llore, pero piense en levantarse y buscar otras maneras de\nconseguirlo. <\/p>\n\n\n\n<p>Despu\u00e9s de llorar, sus hombres toman una\nactitud desafiante ante su l\u00edder. T\u00f9 nos metiste en este problema, t\u00fa nos\nsacas. O te apedreamos. Lo amenazan con apedrearlo. Quiz\u00e1 tengan raz\u00f3n quiz\u00e1\nno, pero esa actitud hace que David deje el llanto y tome un derrotero que\nnadie esperaba. Creo que ni \u00e8l mismo. Y es que la desesperaci\u00f3n nos hace hacer\ncosas que no cre\u00edamos que pod\u00edamos hacer. Nos infunde un valor que sale de nuestras\npocas fuerzas. Lo que se llama fuerzas de flaqueza. Es ese algo que nos impulsa\na avanzar en medio de la crisis, en medio de cualquier pandemia que llegue a\nnuestras vidas.<\/p>\n\n\n\n<p>Dice la Escritura: \u201cY David consult\u00f3 al\nSE\u00d1OR, diciendo: \u00bfPerseguir\u00e9 a esta banda?\n\u00bfPodr\u00e9 alcanzarlos? Y El le respondi\u00f3: Pers\u00edguelos, porque de\ncierto los alcanzar\u00e1s y sin duda rescatar\u00e1s a todos\u201d Aqu\u00ed creo escuchar al\nSe\u00f1or: \u00a1Vamos, David, lev\u00e0ntate, s\u00e9cate las l\u00e1grimas, sacude el polvo de tu\nropa, aj\u00fastate el cincho y sal a rescatar a tu familia!<\/p>\n\n\n\n<p>Y es lo mismo que nos est\u00e1 diciendo hoy en\nd\u00eca a usted y a m\u00ed. Yo tambi\u00e9n he llorado. Yo tambi\u00e9n he sentido miedo para\ncuando todo esto pase. Tengo temor de no poder pagar mis compromisos\nfinancieros. Me tiemblan las piernas de pensar qu\u00e9 voy a hacer para salir de\nmis pagos mensuales. Pero esta historia de Siclag y David es para mi. Es para\ndarme fuerzas, para ayudarme a levantar mi bandera de victoria que Cristo ha\nganado para mi.<\/p>\n\n\n\n<p>Y es lo que quiero compartir con ustedes en\neste escrito. Si, las cosas se pusieron feas. No vamos a tapar el sol con un\ndedo. S\u00ec, las cosas no pintan bien. Pero all\u00ed est\u00e1 nuestra esperanza hablando a\nnuestro coraz\u00f3n para empujarnos y sacarnos de ese incendio que amenaz\u00f3 con\nacabar con nuestra seguridad y que salgamos con la frente en alto para rescatar\nlo que haya quedado entre las cenizas de la tragedia de hoy.<\/p>\n\n\n\n<p>\u00a1Vamos, sac\u00f9danse el polvo del incendio,\nsac\u00f9danse las cenizas del momento, s\u00e8quense las l\u00e1grimas y conf\u00eden en la\ndirecci\u00f3n de nuestro Rey Eterno que nos dar\u00e1 la victoria una vez m\u00e0s!<\/p>\n\n\n\n<p>Todav\u00eda hay un lugar donde refugiarnos: La\nmisma Presencia de nuestro Dios. <\/p>\n\n\n\n<p>SOLI DEO GLORIA<\/p>\n","protected":false},"excerpt":{"rendered":"<p>1 Sam. 30:1 \u201cY aconteci\u00f3 que cuando David y sus hombres llegaron a Siclag al tercer d\u00eda, los amalecitas hab\u00edan hecho una incursi\u00f3n en el Neguev y contra Siclag, y hab\u00edan asolado a Siclag y la hab\u00edan incendiado; y se llevaron cautivas las mujeres y a todos los que estaban en ella, grandes y peque\u00f1os, [&hellip;]<\/p>\n","protected":false},"author":3,"featured_media":7949,"comment_status":"open","ping_status":"open","sticky":false,"template":"","format":"standard","meta":[],"categories":[36],"tags":[],"yoast_head":"<!-- This site is optimized with the Yoast SEO plugin v20.8 - https:\/\/yoast.com\/wordpress\/plugins\/seo\/ -->\n<title>Siclag - La Prensa Cristiana<\/title>\n<meta name=\"robots\" content=\"index, follow, max-snippet:-1, max-image-preview:large, max-video-preview:-1\" \/>\n<link rel=\"canonical\" href=\"https:\/\/laprensacristiana.com\/?p=8909\" \/>\n<meta property=\"og:locale\" content=\"es_ES\" \/>\n<meta property=\"og:type\" content=\"article\" \/>\n<meta property=\"og:title\" content=\"Siclag - La Prensa Cristiana\" \/>\n<meta property=\"og:description\" content=\"1 Sam. 30:1 \u201cY aconteci\u00f3 que cuando David y sus hombres llegaron a Siclag al tercer d\u00eda, los amalecitas hab\u00edan hecho una incursi\u00f3n en el Neguev y contra Siclag, y hab\u00edan asolado a Siclag y la hab\u00edan incendiado; y se llevaron cautivas las mujeres y a todos los que estaban en ella, grandes y peque\u00f1os, [&hellip;]\" \/>\n<meta property=\"og:url\" content=\"https:\/\/laprensacristiana.com\/?p=8909\" \/>\n<meta property=\"og:site_name\" content=\"La Prensa Cristiana\" \/>\n<meta property=\"article:published_time\" content=\"2020-05-20T22:41:40+00:00\" \/>\n<meta property=\"article:modified_time\" content=\"2020-05-20T22:43:23+00:00\" \/>\n<meta property=\"og:image\" content=\"https:\/\/laprensacristiana.com\/wp-content\/uploads\/2020\/01\/2017-11-23-PHOTO-00003245-1.jpg\" \/>\n\t<meta property=\"og:image:width\" content=\"1280\" \/>\n\t<meta property=\"og:image:height\" content=\"714\" \/>\n\t<meta property=\"og:image:type\" content=\"image\/jpeg\" \/>\n<meta name=\"author\" content=\"EDITOR\" \/>\n<meta name=\"twitter:card\" content=\"summary_large_image\" \/>\n<meta name=\"twitter:label1\" content=\"Escrito por\" \/>\n\t<meta name=\"twitter:data1\" content=\"EDITOR\" \/>\n\t<meta name=\"twitter:label2\" content=\"Tiempo de lectura\" \/>\n\t<meta name=\"twitter:data2\" content=\"4 minutos\" \/>\n<script type=\"application\/ld+json\" class=\"yoast-schema-graph\">{\"@context\":\"https:\/\/schema.org\",\"@graph\":[{\"@type\":\"WebPage\",\"@id\":\"https:\/\/laprensacristiana.com\/?p=8909\",\"url\":\"https:\/\/laprensacristiana.com\/?p=8909\",\"name\":\"Siclag - La Prensa Cristiana\",\"isPartOf\":{\"@id\":\"https:\/\/laprensacristiana.com\/#website\"},\"datePublished\":\"2020-05-20T22:41:40+00:00\",\"dateModified\":\"2020-05-20T22:43:23+00:00\",\"author\":{\"@id\":\"https:\/\/laprensacristiana.com\/#\/schema\/person\/3e7d82c6bfd6b1fa67010f8f7cd5256e\"},\"breadcrumb\":{\"@id\":\"https:\/\/laprensacristiana.com\/?p=8909#breadcrumb\"},\"inLanguage\":\"es\",\"potentialAction\":[{\"@type\":\"ReadAction\",\"target\":[\"https:\/\/laprensacristiana.com\/?p=8909\"]}]},{\"@type\":\"BreadcrumbList\",\"@id\":\"https:\/\/laprensacristiana.com\/?p=8909#breadcrumb\",\"itemListElement\":[{\"@type\":\"ListItem\",\"position\":1,\"name\":\"Portada\",\"item\":\"https:\/\/laprensacristiana.com\/\"},{\"@type\":\"ListItem\",\"position\":2,\"name\":\"Siclag\"}]},{\"@type\":\"WebSite\",\"@id\":\"https:\/\/laprensacristiana.com\/#website\",\"url\":\"https:\/\/laprensacristiana.com\/\",\"name\":\"La Prensa Cristiana\",\"description\":\"Anunciando Las Buenas Nuevas\",\"potentialAction\":[{\"@type\":\"SearchAction\",\"target\":{\"@type\":\"EntryPoint\",\"urlTemplate\":\"https:\/\/laprensacristiana.com\/?s={search_term_string}\"},\"query-input\":\"required name=search_term_string\"}],\"inLanguage\":\"es\"},{\"@type\":\"Person\",\"@id\":\"https:\/\/laprensacristiana.com\/#\/schema\/person\/3e7d82c6bfd6b1fa67010f8f7cd5256e\",\"name\":\"EDITOR\",\"image\":{\"@type\":\"ImageObject\",\"inLanguage\":\"es\",\"@id\":\"https:\/\/laprensacristiana.com\/#\/schema\/person\/image\/\",\"url\":\"https:\/\/secure.gravatar.com\/avatar\/72069dfb6c13772d9e8381e3638666d2?s=96&d=mm&r=g\",\"contentUrl\":\"https:\/\/secure.gravatar.com\/avatar\/72069dfb6c13772d9e8381e3638666d2?s=96&d=mm&r=g\",\"caption\":\"EDITOR\"},\"url\":\"https:\/\/laprensacristiana.com\/?author=3\"}]}<\/script>\n<!-- \/ Yoast SEO plugin. -->","yoast_head_json":{"title":"Siclag - La Prensa Cristiana","robots":{"index":"index","follow":"follow","max-snippet":"max-snippet:-1","max-image-preview":"max-image-preview:large","max-video-preview":"max-video-preview:-1"},"canonical":"https:\/\/laprensacristiana.com\/?p=8909","og_locale":"es_ES","og_type":"article","og_title":"Siclag - La Prensa Cristiana","og_description":"1 Sam. 30:1 \u201cY aconteci\u00f3 que cuando David y sus hombres llegaron a Siclag al tercer d\u00eda, los amalecitas hab\u00edan hecho una incursi\u00f3n en el Neguev y contra Siclag, y hab\u00edan asolado a Siclag y la hab\u00edan incendiado; y se llevaron cautivas las mujeres y a todos los que estaban en ella, grandes y peque\u00f1os, [&hellip;]","og_url":"https:\/\/laprensacristiana.com\/?p=8909","og_site_name":"La Prensa Cristiana","article_published_time":"2020-05-20T22:41:40+00:00","article_modified_time":"2020-05-20T22:43:23+00:00","og_image":[{"width":1280,"height":714,"url":"https:\/\/laprensacristiana.com\/wp-content\/uploads\/2020\/01\/2017-11-23-PHOTO-00003245-1.jpg","type":"image\/jpeg"}],"author":"EDITOR","twitter_card":"summary_large_image","twitter_misc":{"Escrito por":"EDITOR","Tiempo de lectura":"4 minutos"},"schema":{"@context":"https:\/\/schema.org","@graph":[{"@type":"WebPage","@id":"https:\/\/laprensacristiana.com\/?p=8909","url":"https:\/\/laprensacristiana.com\/?p=8909","name":"Siclag - La Prensa Cristiana","isPartOf":{"@id":"https:\/\/laprensacristiana.com\/#website"},"datePublished":"2020-05-20T22:41:40+00:00","dateModified":"2020-05-20T22:43:23+00:00","author":{"@id":"https:\/\/laprensacristiana.com\/#\/schema\/person\/3e7d82c6bfd6b1fa67010f8f7cd5256e"},"breadcrumb":{"@id":"https:\/\/laprensacristiana.com\/?p=8909#breadcrumb"},"inLanguage":"es","potentialAction":[{"@type":"ReadAction","target":["https:\/\/laprensacristiana.com\/?p=8909"]}]},{"@type":"BreadcrumbList","@id":"https:\/\/laprensacristiana.com\/?p=8909#breadcrumb","itemListElement":[{"@type":"ListItem","position":1,"name":"Portada","item":"https:\/\/laprensacristiana.com\/"},{"@type":"ListItem","position":2,"name":"Siclag"}]},{"@type":"WebSite","@id":"https:\/\/laprensacristiana.com\/#website","url":"https:\/\/laprensacristiana.com\/","name":"La Prensa Cristiana","description":"Anunciando Las Buenas Nuevas","potentialAction":[{"@type":"SearchAction","target":{"@type":"EntryPoint","urlTemplate":"https:\/\/laprensacristiana.com\/?s={search_term_string}"},"query-input":"required name=search_term_string"}],"inLanguage":"es"},{"@type":"Person","@id":"https:\/\/laprensacristiana.com\/#\/schema\/person\/3e7d82c6bfd6b1fa67010f8f7cd5256e","name":"EDITOR","image":{"@type":"ImageObject","inLanguage":"es","@id":"https:\/\/laprensacristiana.com\/#\/schema\/person\/image\/","url":"https:\/\/secure.gravatar.com\/avatar\/72069dfb6c13772d9e8381e3638666d2?s=96&d=mm&r=g","contentUrl":"https:\/\/secure.gravatar.com\/avatar\/72069dfb6c13772d9e8381e3638666d2?s=96&d=mm&r=g","caption":"EDITOR"},"url":"https:\/\/laprensacristiana.com\/?author=3"}]}},"_links":{"self":[{"href":"https:\/\/laprensacristiana.com\/index.php?rest_route=\/wp\/v2\/posts\/8909"}],"collection":[{"href":"https:\/\/laprensacristiana.com\/index.php?rest_route=\/wp\/v2\/posts"}],"about":[{"href":"https:\/\/laprensacristiana.com\/index.php?rest_route=\/wp\/v2\/types\/post"}],"author":[{"embeddable":true,"href":"https:\/\/laprensacristiana.com\/index.php?rest_route=\/wp\/v2\/users\/3"}],"replies":[{"embeddable":true,"href":"https:\/\/laprensacristiana.com\/index.php?rest_route=%2Fwp%2Fv2%2Fcomments&post=8909"}],"version-history":[{"count":2,"href":"https:\/\/laprensacristiana.com\/index.php?rest_route=\/wp\/v2\/posts\/8909\/revisions"}],"predecessor-version":[{"id":8912,"href":"https:\/\/laprensacristiana.com\/index.php?rest_route=\/wp\/v2\/posts\/8909\/revisions\/8912"}],"wp:featuredmedia":[{"embeddable":true,"href":"https:\/\/laprensacristiana.com\/index.php?rest_route=\/wp\/v2\/media\/7949"}],"wp:attachment":[{"href":"https:\/\/laprensacristiana.com\/index.php?rest_route=%2Fwp%2Fv2%2Fmedia&parent=8909"}],"wp:term":[{"taxonomy":"category","embeddable":true,"href":"https:\/\/laprensacristiana.com\/index.php?rest_route=%2Fwp%2Fv2%2Fcategories&post=8909"},{"taxonomy":"post_tag","embeddable":true,"href":"https:\/\/laprensacristiana.com\/index.php?rest_route=%2Fwp%2Fv2%2Ftags&post=8909"}],"curies":[{"name":"wp","href":"https:\/\/api.w.org\/{rel}","templated":true}]}}