{"id":8916,"date":"2020-05-22T08:16:31","date_gmt":"2020-05-22T08:16:31","guid":{"rendered":"https:\/\/laprensacristiana.com\/?p=8916"},"modified":"2020-05-22T08:16:34","modified_gmt":"2020-05-22T08:16:34","slug":"presidente-de-el-salvador-decreta-dia-nacional-de-oracion","status":"publish","type":"post","link":"https:\/\/laprensacristiana.com\/?p=8916","title":{"rendered":"Presidente de El Salvador decreta \u00abD\u00eda Nacional  de oraci\u00f3n\u00bb"},"content":{"rendered":"\n<p>Esta madrugada el presidente de la Rep\u00fablica Nayib Bukele inform\u00f3 al pueblo salvadore\u00f1o a trav\u00e9s de sus redes sociales sobre el\u00a0 decreto que tendr\u00e1 vigencia este domingo 24 de mayo de 2020 el cual lleva por nombre \u00abD\u00eda Nacional de Oraci\u00f3n\u00bb.<br><\/p>\n\n\n\n<p>Este es un Decreto Presidencial, publicado en el Diario Oficial de El Salvador,&nbsp; su vigencia es legal, en todo el territorio nacional.<br><\/p>\n\n\n\n<p>El presidente asegur\u00f3 que es&nbsp; de cumplimiento voluntario, como toda verdadera oraci\u00f3n.&nbsp;<br><\/p>\n\n\n\n<p>\u00abOremos todos los creyentes, este domingo, a las 2pm. Para que Dios sane nuestra tierra y nos permita vencer a la pandemia que est\u00e1 golpeando al mundo entero\u00bb expres\u00f3 Nayib Bukele Presidente de la Rep\u00fablica de El Salvador.<br><\/p>\n\n\n\n<p>No es la primera vez que el presidente de esta naci\u00f3n invita de forma abierta a levantar una oraci\u00f3n por el pa\u00eds.<\/p>\n","protected":false},"excerpt":{"rendered":"<p>Esta madrugada el presidente de la Rep\u00fablica Nayib Bukele inform\u00f3 al pueblo salvadore\u00f1o a trav\u00e9s de sus redes sociales sobre el\u00a0 decreto que tendr\u00e1 vigencia este domingo 24 de mayo de 2020 el cual lleva por nombre \u00abD\u00eda Nacional de Oraci\u00f3n\u00bb. Este es un Decreto Presidencial, publicado en el Diario Oficial de El Salvador,&nbsp; su [&hellip;]<\/p>\n","protected":false},"author":3,"featured_media":8917,"comment_status":"open","ping_status":"open","sticky":false,"template":"","format":"standard","meta":[],"categories":[56],"tags":[],"yoast_head":"<!-- This site is optimized with the Yoast SEO plugin v20.8 - https:\/\/yoast.com\/wordpress\/plugins\/seo\/ -->\n<title>Presidente de El Salvador decreta &quot;D\u00eda Nacional de oraci\u00f3n&quot; - La Prensa Cristiana<\/title>\n<meta name=\"robots\" content=\"index, follow, max-snippet:-1, max-image-preview:large, max-video-preview:-1\" \/>\n<link rel=\"canonical\" href=\"https:\/\/laprensacristiana.com\/?p=8916\" \/>\n<meta property=\"og:locale\" content=\"es_ES\" \/>\n<meta property=\"og:type\" content=\"article\" \/>\n<meta property=\"og:title\" content=\"Presidente de El Salvador decreta &quot;D\u00eda Nacional de oraci\u00f3n&quot; - La Prensa Cristiana\" \/>\n<meta property=\"og:description\" content=\"Esta madrugada el presidente de la Rep\u00fablica Nayib Bukele inform\u00f3 al pueblo salvadore\u00f1o a trav\u00e9s de sus redes sociales sobre el\u00a0 decreto que tendr\u00e1 vigencia este domingo 24 de mayo de 2020 el cual lleva por nombre \u00abD\u00eda Nacional de Oraci\u00f3n\u00bb. Este es un Decreto Presidencial, publicado en el Diario Oficial de El Salvador,&nbsp; su [&hellip;]\" \/>\n<meta property=\"og:url\" content=\"https:\/\/laprensacristiana.com\/?p=8916\" \/>\n<meta property=\"og:site_name\" content=\"La Prensa Cristiana\" \/>\n<meta property=\"article:published_time\" content=\"2020-05-22T08:16:31+00:00\" \/>\n<meta property=\"article:modified_time\" content=\"2020-05-22T08:16:34+00:00\" \/>\n<meta property=\"og:image\" content=\"https:\/\/laprensacristiana.com\/wp-content\/uploads\/2020\/05\/FB_IMG_1590134609219.jpg\" \/>\n\t<meta property=\"og:image:width\" content=\"720\" \/>\n\t<meta property=\"og:image:height\" content=\"480\" \/>\n\t<meta property=\"og:image:type\" content=\"image\/jpeg\" \/>\n<meta name=\"author\" content=\"EDITOR\" \/>\n<meta name=\"twitter:card\" content=\"summary_large_image\" \/>\n<meta name=\"twitter:label1\" content=\"Escrito por\" \/>\n\t<meta name=\"twitter:data1\" content=\"EDITOR\" \/>\n\t<meta name=\"twitter:label2\" content=\"Tiempo de lectura\" \/>\n\t<meta name=\"twitter:data2\" content=\"1 minuto\" \/>\n<script type=\"application\/ld+json\" class=\"yoast-schema-graph\">{\"@context\":\"https:\/\/schema.org\",\"@graph\":[{\"@type\":\"WebPage\",\"@id\":\"https:\/\/laprensacristiana.com\/?p=8916\",\"url\":\"https:\/\/laprensacristiana.com\/?p=8916\",\"name\":\"Presidente de El Salvador decreta \\\"D\u00eda Nacional de oraci\u00f3n\\\" - La Prensa Cristiana\",\"isPartOf\":{\"@id\":\"https:\/\/laprensacristiana.com\/#website\"},\"datePublished\":\"2020-05-22T08:16:31+00:00\",\"dateModified\":\"2020-05-22T08:16:34+00:00\",\"author\":{\"@id\":\"https:\/\/laprensacristiana.com\/#\/schema\/person\/3e7d82c6bfd6b1fa67010f8f7cd5256e\"},\"breadcrumb\":{\"@id\":\"https:\/\/laprensacristiana.com\/?p=8916#breadcrumb\"},\"inLanguage\":\"es\",\"potentialAction\":[{\"@type\":\"ReadAction\",\"target\":[\"https:\/\/laprensacristiana.com\/?p=8916\"]}]},{\"@type\":\"BreadcrumbList\",\"@id\":\"https:\/\/laprensacristiana.com\/?p=8916#breadcrumb\",\"itemListElement\":[{\"@type\":\"ListItem\",\"position\":1,\"name\":\"Portada\",\"item\":\"https:\/\/laprensacristiana.com\/\"},{\"@type\":\"ListItem\",\"position\":2,\"name\":\"Presidente de El Salvador decreta \u00abD\u00eda Nacional de oraci\u00f3n\u00bb\"}]},{\"@type\":\"WebSite\",\"@id\":\"https:\/\/laprensacristiana.com\/#website\",\"url\":\"https:\/\/laprensacristiana.com\/\",\"name\":\"La Prensa Cristiana\",\"description\":\"Anunciando Las Buenas Nuevas\",\"potentialAction\":[{\"@type\":\"SearchAction\",\"target\":{\"@type\":\"EntryPoint\",\"urlTemplate\":\"https:\/\/laprensacristiana.com\/?s={search_term_string}\"},\"query-input\":\"required name=search_term_string\"}],\"inLanguage\":\"es\"},{\"@type\":\"Person\",\"@id\":\"https:\/\/laprensacristiana.com\/#\/schema\/person\/3e7d82c6bfd6b1fa67010f8f7cd5256e\",\"name\":\"EDITOR\",\"image\":{\"@type\":\"ImageObject\",\"inLanguage\":\"es\",\"@id\":\"https:\/\/laprensacristiana.com\/#\/schema\/person\/image\/\",\"url\":\"https:\/\/secure.gravatar.com\/avatar\/72069dfb6c13772d9e8381e3638666d2?s=96&d=mm&r=g\",\"contentUrl\":\"https:\/\/secure.gravatar.com\/avatar\/72069dfb6c13772d9e8381e3638666d2?s=96&d=mm&r=g\",\"caption\":\"EDITOR\"},\"url\":\"https:\/\/laprensacristiana.com\/?author=3\"}]}<\/script>\n<!-- \/ Yoast SEO plugin. -->","yoast_head_json":{"title":"Presidente de El Salvador decreta \"D\u00eda Nacional de oraci\u00f3n\" - La Prensa Cristiana","robots":{"index":"index","follow":"follow","max-snippet":"max-snippet:-1","max-image-preview":"max-image-preview:large","max-video-preview":"max-video-preview:-1"},"canonical":"https:\/\/laprensacristiana.com\/?p=8916","og_locale":"es_ES","og_type":"article","og_title":"Presidente de El Salvador decreta \"D\u00eda Nacional de oraci\u00f3n\" - La Prensa Cristiana","og_description":"Esta madrugada el presidente de la Rep\u00fablica Nayib Bukele inform\u00f3 al pueblo salvadore\u00f1o a trav\u00e9s de sus redes sociales sobre el\u00a0 decreto que tendr\u00e1 vigencia este domingo 24 de mayo de 2020 el cual lleva por nombre \u00abD\u00eda Nacional de Oraci\u00f3n\u00bb. Este es un Decreto Presidencial, publicado en el Diario Oficial de El Salvador,&nbsp; su [&hellip;]","og_url":"https:\/\/laprensacristiana.com\/?p=8916","og_site_name":"La Prensa Cristiana","article_published_time":"2020-05-22T08:16:31+00:00","article_modified_time":"2020-05-22T08:16:34+00:00","og_image":[{"width":720,"height":480,"url":"https:\/\/laprensacristiana.com\/wp-content\/uploads\/2020\/05\/FB_IMG_1590134609219.jpg","type":"image\/jpeg"}],"author":"EDITOR","twitter_card":"summary_large_image","twitter_misc":{"Escrito por":"EDITOR","Tiempo de lectura":"1 minuto"},"schema":{"@context":"https:\/\/schema.org","@graph":[{"@type":"WebPage","@id":"https:\/\/laprensacristiana.com\/?p=8916","url":"https:\/\/laprensacristiana.com\/?p=8916","name":"Presidente de El Salvador decreta \"D\u00eda Nacional de oraci\u00f3n\" - La Prensa Cristiana","isPartOf":{"@id":"https:\/\/laprensacristiana.com\/#website"},"datePublished":"2020-05-22T08:16:31+00:00","dateModified":"2020-05-22T08:16:34+00:00","author":{"@id":"https:\/\/laprensacristiana.com\/#\/schema\/person\/3e7d82c6bfd6b1fa67010f8f7cd5256e"},"breadcrumb":{"@id":"https:\/\/laprensacristiana.com\/?p=8916#breadcrumb"},"inLanguage":"es","potentialAction":[{"@type":"ReadAction","target":["https:\/\/laprensacristiana.com\/?p=8916"]}]},{"@type":"BreadcrumbList","@id":"https:\/\/laprensacristiana.com\/?p=8916#breadcrumb","itemListElement":[{"@type":"ListItem","position":1,"name":"Portada","item":"https:\/\/laprensacristiana.com\/"},{"@type":"ListItem","position":2,"name":"Presidente de El Salvador decreta \u00abD\u00eda Nacional de oraci\u00f3n\u00bb"}]},{"@type":"WebSite","@id":"https:\/\/laprensacristiana.com\/#website","url":"https:\/\/laprensacristiana.com\/","name":"La Prensa Cristiana","description":"Anunciando Las Buenas Nuevas","potentialAction":[{"@type":"SearchAction","target":{"@type":"EntryPoint","urlTemplate":"https:\/\/laprensacristiana.com\/?s={search_term_string}"},"query-input":"required name=search_term_string"}],"inLanguage":"es"},{"@type":"Person","@id":"https:\/\/laprensacristiana.com\/#\/schema\/person\/3e7d82c6bfd6b1fa67010f8f7cd5256e","name":"EDITOR","image":{"@type":"ImageObject","inLanguage":"es","@id":"https:\/\/laprensacristiana.com\/#\/schema\/person\/image\/","url":"https:\/\/secure.gravatar.com\/avatar\/72069dfb6c13772d9e8381e3638666d2?s=96&d=mm&r=g","contentUrl":"https:\/\/secure.gravatar.com\/avatar\/72069dfb6c13772d9e8381e3638666d2?s=96&d=mm&r=g","caption":"EDITOR"},"url":"https:\/\/laprensacristiana.com\/?author=3"}]}},"_links":{"self":[{"href":"https:\/\/laprensacristiana.com\/index.php?rest_route=\/wp\/v2\/posts\/8916"}],"collection":[{"href":"https:\/\/laprensacristiana.com\/index.php?rest_route=\/wp\/v2\/posts"}],"about":[{"href":"https:\/\/laprensacristiana.com\/index.php?rest_route=\/wp\/v2\/types\/post"}],"author":[{"embeddable":true,"href":"https:\/\/laprensacristiana.com\/index.php?rest_route=\/wp\/v2\/users\/3"}],"replies":[{"embeddable":true,"href":"https:\/\/laprensacristiana.com\/index.php?rest_route=%2Fwp%2Fv2%2Fcomments&post=8916"}],"version-history":[{"count":1,"href":"https:\/\/laprensacristiana.com\/index.php?rest_route=\/wp\/v2\/posts\/8916\/revisions"}],"predecessor-version":[{"id":8918,"href":"https:\/\/laprensacristiana.com\/index.php?rest_route=\/wp\/v2\/posts\/8916\/revisions\/8918"}],"wp:featuredmedia":[{"embeddable":true,"href":"https:\/\/laprensacristiana.com\/index.php?rest_route=\/wp\/v2\/media\/8917"}],"wp:attachment":[{"href":"https:\/\/laprensacristiana.com\/index.php?rest_route=%2Fwp%2Fv2%2Fmedia&parent=8916"}],"wp:term":[{"taxonomy":"category","embeddable":true,"href":"https:\/\/laprensacristiana.com\/index.php?rest_route=%2Fwp%2Fv2%2Fcategories&post=8916"},{"taxonomy":"post_tag","embeddable":true,"href":"https:\/\/laprensacristiana.com\/index.php?rest_route=%2Fwp%2Fv2%2Ftags&post=8916"}],"curies":[{"name":"wp","href":"https:\/\/api.w.org\/{rel}","templated":true}]}}