{"id":8922,"date":"2020-05-23T21:19:07","date_gmt":"2020-05-23T21:19:07","guid":{"rendered":"https:\/\/laprensacristiana.com\/?p=8922"},"modified":"2020-05-23T21:19:11","modified_gmt":"2020-05-23T21:19:11","slug":"distanciamiento-social-y-segregacion","status":"publish","type":"post","link":"https:\/\/laprensacristiana.com\/?p=8922","title":{"rendered":"Distanciamiento social y segregaci\u00f3n"},"content":{"rendered":"\n<p>Por: Mario Vega \/ Pastor General de Misi\u00f3n Cristiana Elim <\/p>\n\n\n\n<p>La pandemia del nuevo coronavirus no ha finalizado en ning\u00fan pa\u00eds, raz\u00f3n por la que todav\u00eda no se sabe c\u00f3mo ser\u00e1 la vida despu\u00e9s de la COVID-19. Pueda ser que el virus pierda letalidad por s\u00ed mismo o pueda ser que se logre una vacuna efectiva. En este \u00faltimo caso, tampoco se sabe por cu\u00e1nto tiempo pueda garantizar la inmunidad.<br>Lo que parece m\u00e1s probable es que tendremos que aprender a convivir con el virus, lo cual supone la necesidad de continuar ciertas pr\u00e1cticas como el uso de mascarillas, la higiene de las manos y el distanciamiento social. Esas condiciones plantear\u00edan un riesgo parad\u00f3jico: que el distanciamiento se profundice excesivamente y se desarrolle una desconfianza paranoide que impida ver al ser humano que hay en cada individuo y que, en su lugar, se vea solo un infectado. Esto ya ha comenzado a suceder. Por ejemplo, a los ciudadanos varados en el extranjero se les ha reducido a personas contagiadas que no deben volver al pa\u00eds para que no nos infecten. No se les ve m\u00e1s como seres humanos con necesidades diversas, sino como un grupo de enfermos que amenaza la salud p\u00fablica. Eso no solo ocurre desde el oficialismo, sino que ciertos sectores sociales se han dedicado a estigmatizarlos y excluirlos.<br>El deslizamiento en la percepci\u00f3n de los varados ha movido a las expresiones de desprecio y rechazo que se ven circular en las redes sociales. El temor a lo desconocido siempre est\u00e1 a la base de toda inhumanidad.<br>La mala voluntad hacia los contagiados imaginarios se ir\u00e1 focalizando en la medida en que las infecciones reales tambi\u00e9n se vayan concentrando en los sectores menos pudientes del pa\u00eds. Porque es all\u00ed donde hay mayor hacinamiento, el agua es escasa y hay menos recursos para el cuidado de los enfermos.<br>La segregaci\u00f3n social de la ciudad se consolidar\u00e1 alrededor de los guetos pobres donde se acumular\u00e1n los portadores. De igual manera como ha ocurrido por d\u00e9cadas con la epidemia de violencia, el lado occidental de la ciudad no se perturbar\u00e1 mientras los contagios no le alcancen y se mantengan a distancia. Para asegurar que as\u00ed sea, el distanciamiento con los obreros y empleados puede profundizarse, al punto, de evitar la relaci\u00f3n con toda persona que use el transporte p\u00fablico. La segregaci\u00f3n se impondr\u00e1 con cercos sanitarios en torno a las comunidades afectadas y podr\u00e1 tambi\u00e9n incluir sus escuelas, cl\u00ednicas, tiendas y comedores. Las condiciones comunales se deteriorar\u00e1n y la pobreza multidimensional se profundizar\u00e1.<br>Para evitar que eso suceda, se debe comenzar ahora mismo a cambiar la narrativa despectiva y excluyente que niega a los ciudadanos sus derechos humanos. En lugar de huir de los dem\u00e1s, se debe correr a subsanar las vulnerabilidades en los sectores populares. La pobreza no debe convertirse en un sin\u00f3nimo de contagio. Esa ecuaci\u00f3n altiva debe ser rota entregando a los moradores de los asentamientos precarios amplia informaci\u00f3n popular, atenci\u00f3n m\u00e9dica comunal y provisi\u00f3n de lo esencial, comenzando por agua potable y alimentos. Sobre todas las cosas, no se debe perder la voluntad de aceptar que los dem\u00e1s nos contagien su pena, la necesidad que tienen de entrar en nuestro coraz\u00f3n y conmovernos. En seguimiento del Cristo que no se inmuniz\u00f3 contra los leprosos, los pecadores y los endemoniados, debemos tambi\u00e9n estar dispuestos a la encarnaci\u00f3n con los conglomerados pobres y necesitados de esperanza. <\/p>\n","protected":false},"excerpt":{"rendered":"<p>Por: Mario Vega \/ Pastor General de Misi\u00f3n Cristiana Elim La pandemia del nuevo coronavirus no ha finalizado en ning\u00fan pa\u00eds, raz\u00f3n por la que todav\u00eda no se sabe c\u00f3mo ser\u00e1 la vida despu\u00e9s de la COVID-19. Pueda ser que el virus pierda letalidad por s\u00ed mismo o pueda ser que se logre una vacuna [&hellip;]<\/p>\n","protected":false},"author":3,"featured_media":4600,"comment_status":"open","ping_status":"open","sticky":false,"template":"","format":"standard","meta":[],"categories":[23],"tags":[],"yoast_head":"<!-- This site is optimized with the Yoast SEO plugin v20.8 - https:\/\/yoast.com\/wordpress\/plugins\/seo\/ -->\n<title>Distanciamiento social y segregaci\u00f3n - La Prensa Cristiana<\/title>\n<meta name=\"robots\" content=\"index, follow, max-snippet:-1, max-image-preview:large, max-video-preview:-1\" \/>\n<link rel=\"canonical\" href=\"https:\/\/laprensacristiana.com\/?p=8922\" \/>\n<meta property=\"og:locale\" content=\"es_ES\" \/>\n<meta property=\"og:type\" content=\"article\" \/>\n<meta property=\"og:title\" content=\"Distanciamiento social y segregaci\u00f3n - La Prensa Cristiana\" \/>\n<meta property=\"og:description\" content=\"Por: Mario Vega \/ Pastor General de Misi\u00f3n Cristiana Elim La pandemia del nuevo coronavirus no ha finalizado en ning\u00fan pa\u00eds, raz\u00f3n por la que todav\u00eda no se sabe c\u00f3mo ser\u00e1 la vida despu\u00e9s de la COVID-19. Pueda ser que el virus pierda letalidad por s\u00ed mismo o pueda ser que se logre una vacuna [&hellip;]\" \/>\n<meta property=\"og:url\" content=\"https:\/\/laprensacristiana.com\/?p=8922\" \/>\n<meta property=\"og:site_name\" content=\"La Prensa Cristiana\" \/>\n<meta property=\"article:published_time\" content=\"2020-05-23T21:19:07+00:00\" \/>\n<meta property=\"article:modified_time\" content=\"2020-05-23T21:19:11+00:00\" \/>\n<meta property=\"og:image\" content=\"https:\/\/laprensacristiana.com\/wp-content\/uploads\/2018\/10\/OPINION-01-scaled.jpg\" \/>\n\t<meta property=\"og:image:width\" content=\"2560\" \/>\n\t<meta property=\"og:image:height\" content=\"1429\" \/>\n\t<meta property=\"og:image:type\" content=\"image\/jpeg\" \/>\n<meta name=\"author\" content=\"EDITOR\" \/>\n<meta name=\"twitter:card\" content=\"summary_large_image\" \/>\n<meta name=\"twitter:label1\" content=\"Escrito por\" \/>\n\t<meta name=\"twitter:data1\" content=\"EDITOR\" \/>\n\t<meta name=\"twitter:label2\" content=\"Tiempo de lectura\" \/>\n\t<meta name=\"twitter:data2\" content=\"3 minutos\" \/>\n<script type=\"application\/ld+json\" class=\"yoast-schema-graph\">{\"@context\":\"https:\/\/schema.org\",\"@graph\":[{\"@type\":\"WebPage\",\"@id\":\"https:\/\/laprensacristiana.com\/?p=8922\",\"url\":\"https:\/\/laprensacristiana.com\/?p=8922\",\"name\":\"Distanciamiento social y segregaci\u00f3n - La Prensa Cristiana\",\"isPartOf\":{\"@id\":\"https:\/\/laprensacristiana.com\/#website\"},\"datePublished\":\"2020-05-23T21:19:07+00:00\",\"dateModified\":\"2020-05-23T21:19:11+00:00\",\"author\":{\"@id\":\"https:\/\/laprensacristiana.com\/#\/schema\/person\/3e7d82c6bfd6b1fa67010f8f7cd5256e\"},\"breadcrumb\":{\"@id\":\"https:\/\/laprensacristiana.com\/?p=8922#breadcrumb\"},\"inLanguage\":\"es\",\"potentialAction\":[{\"@type\":\"ReadAction\",\"target\":[\"https:\/\/laprensacristiana.com\/?p=8922\"]}]},{\"@type\":\"BreadcrumbList\",\"@id\":\"https:\/\/laprensacristiana.com\/?p=8922#breadcrumb\",\"itemListElement\":[{\"@type\":\"ListItem\",\"position\":1,\"name\":\"Portada\",\"item\":\"https:\/\/laprensacristiana.com\/\"},{\"@type\":\"ListItem\",\"position\":2,\"name\":\"Distanciamiento social y segregaci\u00f3n\"}]},{\"@type\":\"WebSite\",\"@id\":\"https:\/\/laprensacristiana.com\/#website\",\"url\":\"https:\/\/laprensacristiana.com\/\",\"name\":\"La Prensa Cristiana\",\"description\":\"Anunciando Las Buenas Nuevas\",\"potentialAction\":[{\"@type\":\"SearchAction\",\"target\":{\"@type\":\"EntryPoint\",\"urlTemplate\":\"https:\/\/laprensacristiana.com\/?s={search_term_string}\"},\"query-input\":\"required name=search_term_string\"}],\"inLanguage\":\"es\"},{\"@type\":\"Person\",\"@id\":\"https:\/\/laprensacristiana.com\/#\/schema\/person\/3e7d82c6bfd6b1fa67010f8f7cd5256e\",\"name\":\"EDITOR\",\"image\":{\"@type\":\"ImageObject\",\"inLanguage\":\"es\",\"@id\":\"https:\/\/laprensacristiana.com\/#\/schema\/person\/image\/\",\"url\":\"https:\/\/secure.gravatar.com\/avatar\/72069dfb6c13772d9e8381e3638666d2?s=96&d=mm&r=g\",\"contentUrl\":\"https:\/\/secure.gravatar.com\/avatar\/72069dfb6c13772d9e8381e3638666d2?s=96&d=mm&r=g\",\"caption\":\"EDITOR\"},\"url\":\"https:\/\/laprensacristiana.com\/?author=3\"}]}<\/script>\n<!-- \/ Yoast SEO plugin. -->","yoast_head_json":{"title":"Distanciamiento social y segregaci\u00f3n - La Prensa Cristiana","robots":{"index":"index","follow":"follow","max-snippet":"max-snippet:-1","max-image-preview":"max-image-preview:large","max-video-preview":"max-video-preview:-1"},"canonical":"https:\/\/laprensacristiana.com\/?p=8922","og_locale":"es_ES","og_type":"article","og_title":"Distanciamiento social y segregaci\u00f3n - La Prensa Cristiana","og_description":"Por: Mario Vega \/ Pastor General de Misi\u00f3n Cristiana Elim La pandemia del nuevo coronavirus no ha finalizado en ning\u00fan pa\u00eds, raz\u00f3n por la que todav\u00eda no se sabe c\u00f3mo ser\u00e1 la vida despu\u00e9s de la COVID-19. Pueda ser que el virus pierda letalidad por s\u00ed mismo o pueda ser que se logre una vacuna [&hellip;]","og_url":"https:\/\/laprensacristiana.com\/?p=8922","og_site_name":"La Prensa Cristiana","article_published_time":"2020-05-23T21:19:07+00:00","article_modified_time":"2020-05-23T21:19:11+00:00","og_image":[{"width":2560,"height":1429,"url":"https:\/\/laprensacristiana.com\/wp-content\/uploads\/2018\/10\/OPINION-01-scaled.jpg","type":"image\/jpeg"}],"author":"EDITOR","twitter_card":"summary_large_image","twitter_misc":{"Escrito por":"EDITOR","Tiempo de lectura":"3 minutos"},"schema":{"@context":"https:\/\/schema.org","@graph":[{"@type":"WebPage","@id":"https:\/\/laprensacristiana.com\/?p=8922","url":"https:\/\/laprensacristiana.com\/?p=8922","name":"Distanciamiento social y segregaci\u00f3n - La Prensa Cristiana","isPartOf":{"@id":"https:\/\/laprensacristiana.com\/#website"},"datePublished":"2020-05-23T21:19:07+00:00","dateModified":"2020-05-23T21:19:11+00:00","author":{"@id":"https:\/\/laprensacristiana.com\/#\/schema\/person\/3e7d82c6bfd6b1fa67010f8f7cd5256e"},"breadcrumb":{"@id":"https:\/\/laprensacristiana.com\/?p=8922#breadcrumb"},"inLanguage":"es","potentialAction":[{"@type":"ReadAction","target":["https:\/\/laprensacristiana.com\/?p=8922"]}]},{"@type":"BreadcrumbList","@id":"https:\/\/laprensacristiana.com\/?p=8922#breadcrumb","itemListElement":[{"@type":"ListItem","position":1,"name":"Portada","item":"https:\/\/laprensacristiana.com\/"},{"@type":"ListItem","position":2,"name":"Distanciamiento social y segregaci\u00f3n"}]},{"@type":"WebSite","@id":"https:\/\/laprensacristiana.com\/#website","url":"https:\/\/laprensacristiana.com\/","name":"La Prensa Cristiana","description":"Anunciando Las Buenas Nuevas","potentialAction":[{"@type":"SearchAction","target":{"@type":"EntryPoint","urlTemplate":"https:\/\/laprensacristiana.com\/?s={search_term_string}"},"query-input":"required name=search_term_string"}],"inLanguage":"es"},{"@type":"Person","@id":"https:\/\/laprensacristiana.com\/#\/schema\/person\/3e7d82c6bfd6b1fa67010f8f7cd5256e","name":"EDITOR","image":{"@type":"ImageObject","inLanguage":"es","@id":"https:\/\/laprensacristiana.com\/#\/schema\/person\/image\/","url":"https:\/\/secure.gravatar.com\/avatar\/72069dfb6c13772d9e8381e3638666d2?s=96&d=mm&r=g","contentUrl":"https:\/\/secure.gravatar.com\/avatar\/72069dfb6c13772d9e8381e3638666d2?s=96&d=mm&r=g","caption":"EDITOR"},"url":"https:\/\/laprensacristiana.com\/?author=3"}]}},"_links":{"self":[{"href":"https:\/\/laprensacristiana.com\/index.php?rest_route=\/wp\/v2\/posts\/8922"}],"collection":[{"href":"https:\/\/laprensacristiana.com\/index.php?rest_route=\/wp\/v2\/posts"}],"about":[{"href":"https:\/\/laprensacristiana.com\/index.php?rest_route=\/wp\/v2\/types\/post"}],"author":[{"embeddable":true,"href":"https:\/\/laprensacristiana.com\/index.php?rest_route=\/wp\/v2\/users\/3"}],"replies":[{"embeddable":true,"href":"https:\/\/laprensacristiana.com\/index.php?rest_route=%2Fwp%2Fv2%2Fcomments&post=8922"}],"version-history":[{"count":1,"href":"https:\/\/laprensacristiana.com\/index.php?rest_route=\/wp\/v2\/posts\/8922\/revisions"}],"predecessor-version":[{"id":8923,"href":"https:\/\/laprensacristiana.com\/index.php?rest_route=\/wp\/v2\/posts\/8922\/revisions\/8923"}],"wp:featuredmedia":[{"embeddable":true,"href":"https:\/\/laprensacristiana.com\/index.php?rest_route=\/wp\/v2\/media\/4600"}],"wp:attachment":[{"href":"https:\/\/laprensacristiana.com\/index.php?rest_route=%2Fwp%2Fv2%2Fmedia&parent=8922"}],"wp:term":[{"taxonomy":"category","embeddable":true,"href":"https:\/\/laprensacristiana.com\/index.php?rest_route=%2Fwp%2Fv2%2Fcategories&post=8922"},{"taxonomy":"post_tag","embeddable":true,"href":"https:\/\/laprensacristiana.com\/index.php?rest_route=%2Fwp%2Fv2%2Ftags&post=8922"}],"curies":[{"name":"wp","href":"https:\/\/api.w.org\/{rel}","templated":true}]}}