{"id":8924,"date":"2020-05-26T23:08:10","date_gmt":"2020-05-26T23:08:10","guid":{"rendered":"https:\/\/laprensacristiana.com\/?p=8924"},"modified":"2020-05-26T23:08:13","modified_gmt":"2020-05-26T23:08:13","slug":"un-dios-de-domingo","status":"publish","type":"post","link":"https:\/\/laprensacristiana.com\/?p=8924","title":{"rendered":"Un Dios de domingo"},"content":{"rendered":"\n<p>Apocalipsis 3:20 \u201cHe aqu\u00ed, yo estoy a la\npuerta y llamo; si alguno oye mi voz y abre la puerta, entrar\u00e9 a \u00e9l, y cenar\u00e9 con \u00e9l y \u00e9l conmigo\u201d<\/p>\n\n\n\n<p>Las tradiciones en nuestros pa\u00edses nos han\nhecho mucho da\u00f1o a la hora de convertirnos al Evangelio. Nuestros padres nos\nacostumbraron a ser religiosos desde ni\u00f1os. No es un secreto que muchos de mis\nlectores hicieron su \u201cprimera comuni\u00f3n\u201d en sus templos sin saber a ciencia\ncierta qu\u00e9 estaban haciendo, pero esa era la instrucci\u00f3n de los padres que\nseg\u00fan ellos, nos estaban guiando por senderos de la Verdad. Claro, tienen su\nm\u00e9rito. Muchos crecimos bajo ese estandarte religioso y nos inculcaron moral y\nrespeto tanto como temor al dios en que ellos hab\u00edan depositado su fe. Yo no\nfui la excepci\u00f3n. <\/p>\n\n\n\n<p>Es por eso que muchos l\u00ecderes cristianos\nfueron influenciados tanto en su fe de ni\u00f1os y j\u00f3venes que a\u00fan en sus mensaje a\nla Verdadera iglesia de Cristo mezclan todav\u00eda frases o tradiciones de la\niglesia oficial. Escuche a un pastor muy respetado en alg\u00fan pa\u00ecs del mundo que\nSanta Marta era la madre de Mar\u00eca, la madre de Jesus. \u00bfRaro? No. Cultura\nreligiosa dir\u00eda yo. <\/p>\n\n\n\n<p>Debemos tener mucho cuidado con eso porque\nsomos los mensajeros de Dios para llevar la buena Nueva de salvaci\u00f3n a los\nperdidos. En fin, as\u00ed son las cosas. Les contar\u00e9 un poquito de mi experiencia: <\/p>\n\n\n\n<p>\u201c\u00a1Se preparan patojos, porque vamos a ir a\nvisitar al Sant\u00edsimo!\u201d eran las palabras de mi mam\u00e1 cuando \u00e8ramos ni\u00f1os.\nTodav\u00eda no hab\u00edan nacido los diez hijos que tuvo, apenas creo que \u00e8ramos unos\ncuatro todav\u00eda cuando ella ten\u00eda la costumbre de llevarnos a la iglesia de\naquel tiempo cuando era la temporada de celebrar esa fiesta tradicional.<\/p>\n\n\n\n<p>Desde entonces nos qued\u00f3 la costumbre que a\nDios se le \u201cvisitaba\u201d en la iglesia cada domingo. Y se volvi\u00f3 una cultura y esa\ncultura se convirti\u00f3 en una costumbre. Y esa costumbre se volvi\u00f3 h\u00e1bito. Y ese\nh\u00e1bito nos hizo da\u00f1o. Porque cuando muchos de nosotros dejamos aquella iglesia\ny nos convertimos al Evangelio de Cristo, no abandonamos lo que se hab\u00eda vuelto\ncultural y habitual: Visitar a Dios cada domingo en la iglesia. Hasta el d\u00eca de\nhoy. Hoy tenemos problemas de fe.<\/p>\n\n\n\n<p>Porque un Dios de domingo no hace los\nmilagros que deseamos en nuestras vidas. Un Dios de domingo no provee\nsuficiente para nuestro sustento. Un Dios de domingo no sana nuestras heridas\nni golpes que la vida nos da. Un Dios de domingo no nos transforma. Triste pero\ncierto. Muchas personas que conozco, todav\u00eda tienen un Dios de domingo. Es por\neso que su fe o no existe o es demasiado d\u00e9bil. Porque ahora tenemos otro\ngigantesco problema: Como no hay domingo para ir a la iglesia, tampoco\n\u201cvisitamos\u201d a Dios. Porque ese Dios se visita solo en la iglesia, no est\u00e1 en el\nhogar. No se concibe a un Dios que puede estar en la casa, en la habitaci\u00f2n, en\nla sala y en el comedor. Incluso en el carro o en el bus. No. El Dios que nos\nense\u00f1aron nuestros antepasados solo existe y est\u00e1 en las cuatro paredes del\ntempo. No en la vida diaria. No en un rinc\u00f3n secreto en donde se le puede\nhablar, suplicar y pedir. No se concibe un Dios que nos ve en todo momento y en\ntodo lugar. <\/p>\n\n\n\n<p>Entonces no tenemos fe. No creemos en que\nDios nos escucha donde estemos y cuando le hablemos. Estos tiempos est\u00e1n\nredefiniendo la fe de muchos. Espero que se est\u00e9n dando cuenta que han estado\nequivocados. Que al Dios de la Biblia se le tiene en el coraz\u00f3n y no en una\nvitrina. Que al Dios de las Escrituras se le siente y se le vive en una\ndimensi\u00f3n extraordinaria de fe, de compa\u00f1erismo y de amistad \u00edntima. No importa\ndonde nos encontremos. Si a Ana se le hubiera ense\u00f1ado esto, Samuel hubiera\nnacido mucho tiempo antes y no hubiera esperado diez a\u00f1os de amargura y\ntristeza. Usted tambi\u00e9n puede ahorrarse muchos a\u00f1os de soledad y abandono\nesperando que abran las iglesias. Hoy puede ser su d\u00eca de fe. Hoy puede ser el\nd\u00eca de su milagro porque hoy Dios est\u00e1 esperando o\u00edr su clamor. Y, le digo,\nestoy seguro que le escuchar\u00e1 y le responder\u00e1 sin esperar que llegue un\ndomingo. Porque, adem\u00e1s de todo, para que le permitan a la iglesia reunirse\nmasivamente falta mucho, mucho tiempo. As\u00ed que mejor aproveche a platicar con\nJesus mientras haya tiempo que es hoy mismo. Tocad y se os abrir\u00e1. Pedid y se\nos dar\u00e0. Eso fue lo que nos dijo el Maestro.<\/p>\n\n\n\n<p>SOLI DEO GLORIA<\/p>\n","protected":false},"excerpt":{"rendered":"<p>Apocalipsis 3:20 \u201cHe aqu\u00ed, yo estoy a la puerta y llamo; si alguno oye mi voz y abre la puerta, entrar\u00e9 a \u00e9l, y cenar\u00e9 con \u00e9l y \u00e9l conmigo\u201d Las tradiciones en nuestros pa\u00edses nos han hecho mucho da\u00f1o a la hora de convertirnos al Evangelio. Nuestros padres nos acostumbraron a ser religiosos desde [&hellip;]<\/p>\n","protected":false},"author":3,"featured_media":7949,"comment_status":"open","ping_status":"open","sticky":false,"template":"","format":"standard","meta":[],"categories":[36],"tags":[],"yoast_head":"<!-- This site is optimized with the Yoast SEO plugin v20.8 - https:\/\/yoast.com\/wordpress\/plugins\/seo\/ -->\n<title>Un Dios de domingo - La Prensa Cristiana<\/title>\n<meta name=\"robots\" content=\"index, follow, max-snippet:-1, max-image-preview:large, max-video-preview:-1\" \/>\n<link rel=\"canonical\" href=\"https:\/\/laprensacristiana.com\/?p=8924\" \/>\n<meta property=\"og:locale\" content=\"es_ES\" \/>\n<meta property=\"og:type\" content=\"article\" \/>\n<meta property=\"og:title\" content=\"Un Dios de domingo - La Prensa Cristiana\" \/>\n<meta property=\"og:description\" content=\"Apocalipsis 3:20 \u201cHe aqu\u00ed, yo estoy a la puerta y llamo; si alguno oye mi voz y abre la puerta, entrar\u00e9 a \u00e9l, y cenar\u00e9 con \u00e9l y \u00e9l conmigo\u201d Las tradiciones en nuestros pa\u00edses nos han hecho mucho da\u00f1o a la hora de convertirnos al Evangelio. Nuestros padres nos acostumbraron a ser religiosos desde [&hellip;]\" \/>\n<meta property=\"og:url\" content=\"https:\/\/laprensacristiana.com\/?p=8924\" \/>\n<meta property=\"og:site_name\" content=\"La Prensa Cristiana\" \/>\n<meta property=\"article:published_time\" content=\"2020-05-26T23:08:10+00:00\" \/>\n<meta property=\"article:modified_time\" content=\"2020-05-26T23:08:13+00:00\" \/>\n<meta property=\"og:image\" content=\"https:\/\/laprensacristiana.com\/wp-content\/uploads\/2020\/01\/2017-11-23-PHOTO-00003245-1.jpg\" \/>\n\t<meta property=\"og:image:width\" content=\"1280\" \/>\n\t<meta property=\"og:image:height\" content=\"714\" \/>\n\t<meta property=\"og:image:type\" content=\"image\/jpeg\" \/>\n<meta name=\"author\" content=\"EDITOR\" \/>\n<meta name=\"twitter:card\" content=\"summary_large_image\" \/>\n<meta name=\"twitter:label1\" content=\"Escrito por\" \/>\n\t<meta name=\"twitter:data1\" content=\"EDITOR\" \/>\n\t<meta name=\"twitter:label2\" content=\"Tiempo de lectura\" \/>\n\t<meta name=\"twitter:data2\" content=\"4 minutos\" \/>\n<script type=\"application\/ld+json\" class=\"yoast-schema-graph\">{\"@context\":\"https:\/\/schema.org\",\"@graph\":[{\"@type\":\"WebPage\",\"@id\":\"https:\/\/laprensacristiana.com\/?p=8924\",\"url\":\"https:\/\/laprensacristiana.com\/?p=8924\",\"name\":\"Un Dios de domingo - La Prensa Cristiana\",\"isPartOf\":{\"@id\":\"https:\/\/laprensacristiana.com\/#website\"},\"datePublished\":\"2020-05-26T23:08:10+00:00\",\"dateModified\":\"2020-05-26T23:08:13+00:00\",\"author\":{\"@id\":\"https:\/\/laprensacristiana.com\/#\/schema\/person\/3e7d82c6bfd6b1fa67010f8f7cd5256e\"},\"breadcrumb\":{\"@id\":\"https:\/\/laprensacristiana.com\/?p=8924#breadcrumb\"},\"inLanguage\":\"es\",\"potentialAction\":[{\"@type\":\"ReadAction\",\"target\":[\"https:\/\/laprensacristiana.com\/?p=8924\"]}]},{\"@type\":\"BreadcrumbList\",\"@id\":\"https:\/\/laprensacristiana.com\/?p=8924#breadcrumb\",\"itemListElement\":[{\"@type\":\"ListItem\",\"position\":1,\"name\":\"Portada\",\"item\":\"https:\/\/laprensacristiana.com\/\"},{\"@type\":\"ListItem\",\"position\":2,\"name\":\"Un Dios de domingo\"}]},{\"@type\":\"WebSite\",\"@id\":\"https:\/\/laprensacristiana.com\/#website\",\"url\":\"https:\/\/laprensacristiana.com\/\",\"name\":\"La Prensa Cristiana\",\"description\":\"Anunciando Las Buenas Nuevas\",\"potentialAction\":[{\"@type\":\"SearchAction\",\"target\":{\"@type\":\"EntryPoint\",\"urlTemplate\":\"https:\/\/laprensacristiana.com\/?s={search_term_string}\"},\"query-input\":\"required name=search_term_string\"}],\"inLanguage\":\"es\"},{\"@type\":\"Person\",\"@id\":\"https:\/\/laprensacristiana.com\/#\/schema\/person\/3e7d82c6bfd6b1fa67010f8f7cd5256e\",\"name\":\"EDITOR\",\"image\":{\"@type\":\"ImageObject\",\"inLanguage\":\"es\",\"@id\":\"https:\/\/laprensacristiana.com\/#\/schema\/person\/image\/\",\"url\":\"https:\/\/secure.gravatar.com\/avatar\/72069dfb6c13772d9e8381e3638666d2?s=96&d=mm&r=g\",\"contentUrl\":\"https:\/\/secure.gravatar.com\/avatar\/72069dfb6c13772d9e8381e3638666d2?s=96&d=mm&r=g\",\"caption\":\"EDITOR\"},\"url\":\"https:\/\/laprensacristiana.com\/?author=3\"}]}<\/script>\n<!-- \/ Yoast SEO plugin. -->","yoast_head_json":{"title":"Un Dios de domingo - La Prensa Cristiana","robots":{"index":"index","follow":"follow","max-snippet":"max-snippet:-1","max-image-preview":"max-image-preview:large","max-video-preview":"max-video-preview:-1"},"canonical":"https:\/\/laprensacristiana.com\/?p=8924","og_locale":"es_ES","og_type":"article","og_title":"Un Dios de domingo - La Prensa Cristiana","og_description":"Apocalipsis 3:20 \u201cHe aqu\u00ed, yo estoy a la puerta y llamo; si alguno oye mi voz y abre la puerta, entrar\u00e9 a \u00e9l, y cenar\u00e9 con \u00e9l y \u00e9l conmigo\u201d Las tradiciones en nuestros pa\u00edses nos han hecho mucho da\u00f1o a la hora de convertirnos al Evangelio. Nuestros padres nos acostumbraron a ser religiosos desde [&hellip;]","og_url":"https:\/\/laprensacristiana.com\/?p=8924","og_site_name":"La Prensa Cristiana","article_published_time":"2020-05-26T23:08:10+00:00","article_modified_time":"2020-05-26T23:08:13+00:00","og_image":[{"width":1280,"height":714,"url":"https:\/\/laprensacristiana.com\/wp-content\/uploads\/2020\/01\/2017-11-23-PHOTO-00003245-1.jpg","type":"image\/jpeg"}],"author":"EDITOR","twitter_card":"summary_large_image","twitter_misc":{"Escrito por":"EDITOR","Tiempo de lectura":"4 minutos"},"schema":{"@context":"https:\/\/schema.org","@graph":[{"@type":"WebPage","@id":"https:\/\/laprensacristiana.com\/?p=8924","url":"https:\/\/laprensacristiana.com\/?p=8924","name":"Un Dios de domingo - La Prensa Cristiana","isPartOf":{"@id":"https:\/\/laprensacristiana.com\/#website"},"datePublished":"2020-05-26T23:08:10+00:00","dateModified":"2020-05-26T23:08:13+00:00","author":{"@id":"https:\/\/laprensacristiana.com\/#\/schema\/person\/3e7d82c6bfd6b1fa67010f8f7cd5256e"},"breadcrumb":{"@id":"https:\/\/laprensacristiana.com\/?p=8924#breadcrumb"},"inLanguage":"es","potentialAction":[{"@type":"ReadAction","target":["https:\/\/laprensacristiana.com\/?p=8924"]}]},{"@type":"BreadcrumbList","@id":"https:\/\/laprensacristiana.com\/?p=8924#breadcrumb","itemListElement":[{"@type":"ListItem","position":1,"name":"Portada","item":"https:\/\/laprensacristiana.com\/"},{"@type":"ListItem","position":2,"name":"Un Dios de domingo"}]},{"@type":"WebSite","@id":"https:\/\/laprensacristiana.com\/#website","url":"https:\/\/laprensacristiana.com\/","name":"La Prensa Cristiana","description":"Anunciando Las Buenas Nuevas","potentialAction":[{"@type":"SearchAction","target":{"@type":"EntryPoint","urlTemplate":"https:\/\/laprensacristiana.com\/?s={search_term_string}"},"query-input":"required name=search_term_string"}],"inLanguage":"es"},{"@type":"Person","@id":"https:\/\/laprensacristiana.com\/#\/schema\/person\/3e7d82c6bfd6b1fa67010f8f7cd5256e","name":"EDITOR","image":{"@type":"ImageObject","inLanguage":"es","@id":"https:\/\/laprensacristiana.com\/#\/schema\/person\/image\/","url":"https:\/\/secure.gravatar.com\/avatar\/72069dfb6c13772d9e8381e3638666d2?s=96&d=mm&r=g","contentUrl":"https:\/\/secure.gravatar.com\/avatar\/72069dfb6c13772d9e8381e3638666d2?s=96&d=mm&r=g","caption":"EDITOR"},"url":"https:\/\/laprensacristiana.com\/?author=3"}]}},"_links":{"self":[{"href":"https:\/\/laprensacristiana.com\/index.php?rest_route=\/wp\/v2\/posts\/8924"}],"collection":[{"href":"https:\/\/laprensacristiana.com\/index.php?rest_route=\/wp\/v2\/posts"}],"about":[{"href":"https:\/\/laprensacristiana.com\/index.php?rest_route=\/wp\/v2\/types\/post"}],"author":[{"embeddable":true,"href":"https:\/\/laprensacristiana.com\/index.php?rest_route=\/wp\/v2\/users\/3"}],"replies":[{"embeddable":true,"href":"https:\/\/laprensacristiana.com\/index.php?rest_route=%2Fwp%2Fv2%2Fcomments&post=8924"}],"version-history":[{"count":1,"href":"https:\/\/laprensacristiana.com\/index.php?rest_route=\/wp\/v2\/posts\/8924\/revisions"}],"predecessor-version":[{"id":8925,"href":"https:\/\/laprensacristiana.com\/index.php?rest_route=\/wp\/v2\/posts\/8924\/revisions\/8925"}],"wp:featuredmedia":[{"embeddable":true,"href":"https:\/\/laprensacristiana.com\/index.php?rest_route=\/wp\/v2\/media\/7949"}],"wp:attachment":[{"href":"https:\/\/laprensacristiana.com\/index.php?rest_route=%2Fwp%2Fv2%2Fmedia&parent=8924"}],"wp:term":[{"taxonomy":"category","embeddable":true,"href":"https:\/\/laprensacristiana.com\/index.php?rest_route=%2Fwp%2Fv2%2Fcategories&post=8924"},{"taxonomy":"post_tag","embeddable":true,"href":"https:\/\/laprensacristiana.com\/index.php?rest_route=%2Fwp%2Fv2%2Ftags&post=8924"}],"curies":[{"name":"wp","href":"https:\/\/api.w.org\/{rel}","templated":true}]}}